{"id":10446,"date":"2026-08-31T17:45:54","date_gmt":"2026-08-31T14:45:54","guid":{"rendered":"https:\/\/kolektifmucadele1.org\/?p=10446"},"modified":"2026-08-31T17:45:55","modified_gmt":"2026-08-31T14:45:55","slug":"abdnin-irana-saldirisi-bolgede-yeni-catisma-dalgasi-yaratti-tahran-abd-uslerini-hedef-aldigini-acikladi","status":"publish","type":"post","link":"https:\/\/kolektifmucadele1.org\/index.php\/2026\/08\/31\/abdnin-irana-saldirisi-bolgede-yeni-catisma-dalgasi-yaratti-tahran-abd-uslerini-hedef-aldigini-acikladi\/","title":{"rendered":"ABD\u2019nin \u0130ran\u2019a sald\u0131r\u0131s\u0131 b\u00f6lgede yeni \u00e7at\u0131\u015fma dalgas\u0131 yaratt\u0131: Tahran ABD \u00fcslerini hedef ald\u0131\u011f\u0131n\u0131 a\u00e7\u0131klad\u0131"},"content":{"rendered":"\n<h2 class=\"wp-block-heading\">Washington\u2019\u0131n H\u00fcrm\u00fcz Bo\u011faz\u0131\u2019ndaki Lark Adas\u0131\u2019na d\u00fczenledi\u011fi sald\u0131r\u0131n\u0131n ard\u0131ndan \u0130ran, ABD\u2019nin b\u00f6lgedeki askeri varl\u0131\u011f\u0131na kar\u015f\u0131 misilleme operasyonlar\u0131 ba\u015flatt\u0131\u011f\u0131n\u0131 duyurdu. \u0130ran ordusu BAE\u2019deki Al Minhad Hava \u00dcss\u00fc\u2019nde bulunan ABD askerleri ve helikopterlerini onlarca \u0130HA ile hedef ald\u0131\u011f\u0131n\u0131 a\u00e7\u0131klarken, BAE y\u00f6netimi \u00fcsse sald\u0131r\u0131 d\u00fczenlendi\u011fi iddias\u0131n\u0131 reddetti.<\/h2>\n\n\n\n<p class=\"wp-block-paragraph\">ABD\u2019nin \u0130ran topraklar\u0131na y\u00f6nelik askeri m\u00fcdahalesi, H\u00fcrm\u00fcz Bo\u011faz\u0131 \u00e7evresindeki gerilimi yeniden a\u00e7\u0131k \u00e7at\u0131\u015fmaya d\u00f6n\u00fc\u015ft\u00fcrd\u00fc.<\/p>\n\n\n\n<p class=\"wp-block-paragraph\">ABD ordusu 30 A\u011fustos\u2019ta \u0130ran\u2019\u0131n stratejik \u00f6nemdeki Lark Adas\u0131\u2019n\u0131 hedef ald\u0131. ABD Merkez Kuvvetler Komutanl\u0131\u011f\u0131 (CENTCOM), operasyonu \u0130ran\u2019\u0131n H\u00fcrm\u00fcz Bo\u011faz\u0131\u2019na may\u0131n yerle\u015ftirmeye haz\u0131rland\u0131\u011f\u0131n\u0131 \u00f6ne s\u00fcrd\u00fc\u011f\u00fc g\u00fc\u00e7lere kar\u015f\u0131 \u201cs\u0131n\u0131rl\u0131\u201d bir sald\u0131r\u0131 olarak tan\u0131mlad\u0131. \u0130ran ise sald\u0131r\u0131da Devrim Muhaf\u0131zlar\u0131 mensuplar\u0131 ile sivillerin ya\u015fam\u0131n\u0131 yitirdi\u011fini a\u00e7\u0131klad\u0131.<\/p>\n\n\n\n<p class=\"wp-block-paragraph\">Washington\u2019\u0131n b\u00f6lgede uzun s\u00fcredir s\u00fcrd\u00fcrd\u00fc\u011f\u00fc askeri g\u00fc\u00e7 g\u00f6sterisinin yeni halkas\u0131 olan sald\u0131r\u0131, \u0130ran taraf\u0131ndan \u00fclkenin egemenli\u011fine y\u00f6nelik do\u011frudan bir m\u00fcdahale olarak de\u011ferlendirildi.<\/p>\n\n\n\n<h2 class=\"wp-block-heading\">DEVR\u0130M MUHAFIZLARI: KAR\u015eILIKSIZ KALMAYACAK<\/h2>\n\n\n\n<p class=\"wp-block-paragraph\">\u0130ran Devrim Muhaf\u0131zlar\u0131 Ordusu, Lark Adas\u0131\u2019na y\u00f6nelik sald\u0131r\u0131n\u0131n ard\u0131ndan yapt\u0131\u011f\u0131 a\u00e7\u0131klamada, sald\u0131r\u0131da askerlerin yan\u0131 s\u0131ra siviller aras\u0131nda da \u00f6l\u00fc ve yaral\u0131lar\u0131n bulundu\u011funu bildirdi.<\/p>\n\n\n\n<p class=\"wp-block-paragraph\">Tahran y\u00f6netimi sald\u0131r\u0131ya askeri kar\u015f\u0131l\u0131k verilece\u011fini duyururken, ilk misilleme haberleri k\u0131sa s\u00fcre i\u00e7inde geldi.<\/p>\n\n\n\n<p class=\"wp-block-paragraph\">Devrim Muhaf\u0131zlar\u0131, ABD g\u00fc\u00e7lerinin kulland\u0131\u011f\u0131 \u00dcrd\u00fcn\u2019deki Kral H\u00fcseyin ve Muvaffak Salti hava \u00fcslerinin balistik f\u00fczelerle hedef al\u0131nd\u0131\u011f\u0131n\u0131 a\u00e7\u0131klad\u0131. \u0130ran, \u00fcslerdeki teknik altyap\u0131 ile sava\u015f u\u00e7aklar\u0131n\u0131n bulundu\u011fu alanlar\u0131n vuruldu\u011funu ileri s\u00fcrd\u00fc.<\/p>\n\n\n\n<p class=\"wp-block-paragraph\">\u00dcrd\u00fcn ordusu ise \u00fclke hava sahas\u0131na giren sekiz f\u00fczenin hava savunma sistemleri taraf\u0131ndan \u00f6nlendi\u011fini ve \u00fcslerde herhangi bir yaralanma bildirilmedi\u011fini a\u00e7\u0131klad\u0131.<\/p>\n\n\n\n<h2 class=\"wp-block-heading\">\u0130RAN: BAE\u2019DEK\u0130 ABD G\u00dc\u00c7LER\u0130N\u0130 \u0130HA\u2019LARLA HEDEF ALDIK<\/h2>\n\n\n\n<p class=\"wp-block-paragraph\">Gerilim 31 A\u011fustos sabah\u0131nda Birle\u015fik Arap Emirlikleri\u2019ne ta\u015f\u0131nd\u0131.<\/p>\n\n\n\n<p class=\"wp-block-paragraph\">\u0130ran ordusu, BAE\u2019de bulunan Al Minhad Hava \u00dcss\u00fc\u2019nde konu\u015flu ABD askerleri ile askeri helikopterlerin bulundu\u011fu noktalar\u0131n onlarca patlay\u0131c\u0131 y\u00fckl\u00fc \u0130HA ile hedef al\u0131nd\u0131\u011f\u0131n\u0131 duyurdu.<\/p>\n\n\n\n<p class=\"wp-block-paragraph\">\u0130ran\u2019\u0131n a\u00e7\u0131klamas\u0131nda operasyonun, Lark Adas\u0131\u2019ndaki sald\u0131r\u0131da ya\u015fam\u0131n\u0131 yitiren \u0130ranl\u0131 askerler ve sivillere kar\u015f\u0131l\u0131k olarak ger\u00e7ekle\u015ftirildi\u011fi belirtildi. Al Minhad\u2019\u0131n ABD ve di\u011fer Bat\u0131l\u0131 g\u00fc\u00e7ler a\u00e7\u0131s\u0131ndan b\u00f6lgedeki \u00f6nemli lojistik ve hava ula\u015f\u0131m merkezlerinden biri oldu\u011fu ifade edildi.<\/p>\n\n\n\n<p class=\"wp-block-paragraph\">Ancak BAE Savunma Bakanl\u0131\u011f\u0131, Al Minhad Hava \u00dcss\u00fc\u2019n\u00fcn hedef al\u0131nd\u0131\u011f\u0131 y\u00f6n\u00fcndeki haberleri reddetti. Reuters\u2019\u0131n aktard\u0131\u011f\u0131 a\u00e7\u0131klamada BAE y\u00f6netimi, sald\u0131r\u0131 haberlerinin ger\u00e7e\u011fi yans\u0131tmad\u0131\u011f\u0131n\u0131 savundu. \u0130ran\u2019\u0131n a\u00e7\u0131klad\u0131\u011f\u0131 \u0130HA sald\u0131r\u0131s\u0131n\u0131n sonu\u00e7lar\u0131 ba\u011f\u0131ms\u0131z kaynaklarca hen\u00fcz do\u011frulanm\u0131\u015f de\u011fil.<\/p>\n\n\n\n<h2 class=\"wp-block-heading\">H\u00dcRM\u00dcZ BO\u011eAZI EMPERYAL G\u00dc\u00c7 M\u00dcCADELES\u0130N\u0130N MERKEZ\u0130NDE<\/h2>\n\n\n\n<p class=\"wp-block-paragraph\">Son sald\u0131r\u0131lar, d\u00fcnya enerji ticaretinin en kritik ge\u00e7i\u015f noktalar\u0131ndan H\u00fcrm\u00fcz Bo\u011faz\u0131\u2019n\u0131 bir kez daha ABD ile \u0130ran aras\u0131ndaki askeri hesapla\u015fman\u0131n merkezine ta\u015f\u0131d\u0131.<\/p>\n\n\n\n<p class=\"wp-block-paragraph\">Washington, b\u00f6lgedeki geni\u015f askeri \u00fcs a\u011f\u0131, sava\u015f u\u00e7aklar\u0131, sava\u015f gemileri ve insans\u0131z hava ara\u00e7lar\u0131yla \u0130ran \u00fczerindeki askeri bask\u0131s\u0131n\u0131 s\u00fcrd\u00fcr\u00fcrken; Tahran ise kendi topraklar\u0131na veya askeri unsurlar\u0131na y\u00f6nelik sald\u0131r\u0131lara ABD\u2019nin b\u00f6lgedeki \u00fcslerini hedef alarak kar\u015f\u0131l\u0131k verece\u011fini ilan ediyor.<\/p>\n\n\n\n<p class=\"wp-block-paragraph\">\u0130ran ayr\u0131ca H\u00fcrm\u00fcz Bo\u011faz\u0131 \u00fczerinde ABD\u2019ye ait bir MQ-9 Reaper tipi \u0130HA\u2019y\u0131 d\u00fc\u015f\u00fcrd\u00fc\u011f\u00fcn\u00fc a\u00e7\u0131klad\u0131. Devrim Muhaf\u0131zlar\u0131, uzun menzilli \u0130HA\u2019n\u0131n \u0130ran hava savunma sistemleri taraf\u0131ndan vurularak Basra K\u00f6rfezi\u2019ne d\u00fc\u015ft\u00fc\u011f\u00fcn\u00fc bildirdi.<\/p>\n\n\n\n<p class=\"wp-block-paragraph\">B\u00f6lgede giderek geni\u015fleyen askeri kar\u015f\u0131la\u015fma, yaln\u0131zca ABD ile \u0130ran aras\u0131ndaki \u00e7at\u0131\u015fmay\u0131 de\u011fil, Washington\u2019\u0131n \u00dcrd\u00fcn ve K\u00f6rfez \u00fclkelerine yay\u0131lm\u0131\u015f askeri \u00fcslerinin b\u00f6lgesel sava\u015flarda oynad\u0131\u011f\u0131 rol\u00fc de yeniden g\u00fcndeme getiriyor.<\/p>\n\n\n\n<p class=\"wp-block-paragraph\">ABD y\u00f6netimi kendi sald\u0131r\u0131lar\u0131n\u0131 \u201cs\u0131n\u0131rl\u0131\u201d ve \u201csavunma ama\u00e7l\u0131\u201d operasyonlar olarak tan\u0131mlarken \u0130ran, Washington\u2019\u0131n \u0130ran topraklar\u0131ndaki askeri faaliyetlerini egemenlik ihlali olarak de\u011ferlendiriyor. Kar\u015f\u0131l\u0131kl\u0131 sald\u0131r\u0131lar\u0131n s\u00fcrmesi, \u00e7at\u0131\u015fman\u0131n H\u00fcrm\u00fcz Bo\u011faz\u0131\u2019ndan ABD\u2019nin b\u00f6lgedeki di\u011fer askeri \u00fcslerine kadar geni\u015fleyebilece\u011fi kayg\u0131s\u0131n\u0131 art\u0131r\u0131yor.<\/p>\n\n\n\n<p class=\"wp-block-paragraph\"><strong>Kaynaklar: AA, Reuters, \u0130ran resmi a\u00e7\u0131klamalar\u0131<\/strong><\/p>\n","protected":false},"excerpt":{"rendered":"<p>Washington\u2019\u0131n H\u00fcrm\u00fcz Bo\u011faz\u0131\u2019ndaki Lark Adas\u0131\u2019na d\u00fczenledi\u011fi sald\u0131r\u0131n\u0131n&#46;&#46;&#46;<\/p>\n","protected":false},"author":3,"featured_media":10447,"comment_status":"closed","ping_status":"closed","sticky":false,"template":"","format":"standard","meta":{"footnotes":""},"categories":[11,5,29],"tags":[],"manset":[],"bilesen":[],"class_list":["post-10446","post","type-post","status-publish","format-standard","has-post-thumbnail","hentry","category-dunya","category-etkinlikler","category-manset"],"amp_enabled":true,"_links":{"self":[{"href":"https:\/\/kolektifmucadele1.org\/index.php\/wp-json\/wp\/v2\/posts\/10446","targetHints":{"allow":["GET"]}}],"collection":[{"href":"https:\/\/kolektifmucadele1.org\/index.php\/wp-json\/wp\/v2\/posts"}],"about":[{"href":"https:\/\/kolektifmucadele1.org\/index.php\/wp-json\/wp\/v2\/types\/post"}],"author":[{"embeddable":true,"href":"https:\/\/kolektifmucadele1.org\/index.php\/wp-json\/wp\/v2\/users\/3"}],"replies":[{"embeddable":true,"href":"https:\/\/kolektifmucadele1.org\/index.php\/wp-json\/wp\/v2\/comments?post=10446"}],"version-history":[{"count":1,"href":"https:\/\/kolektifmucadele1.org\/index.php\/wp-json\/wp\/v2\/posts\/10446\/revisions"}],"predecessor-version":[{"id":10448,"href":"https:\/\/kolektifmucadele1.org\/index.php\/wp-json\/wp\/v2\/posts\/10446\/revisions\/10448"}],"wp:featuredmedia":[{"embeddable":true,"href":"https:\/\/kolektifmucadele1.org\/index.php\/wp-json\/wp\/v2\/media\/10447"}],"wp:attachment":[{"href":"https:\/\/kolektifmucadele1.org\/index.php\/wp-json\/wp\/v2\/media?parent=10446"}],"wp:term":[{"taxonomy":"category","embeddable":true,"href":"https:\/\/kolektifmucadele1.org\/index.php\/wp-json\/wp\/v2\/categories?post=10446"},{"taxonomy":"post_tag","embeddable":true,"href":"https:\/\/kolektifmucadele1.org\/index.php\/wp-json\/wp\/v2\/tags?post=10446"},{"taxonomy":"manset","embeddable":true,"href":"https:\/\/kolektifmucadele1.org\/index.php\/wp-json\/wp\/v2\/manset?post=10446"},{"taxonomy":"bilesen","embeddable":true,"href":"https:\/\/kolektifmucadele1.org\/index.php\/wp-json\/wp\/v2\/bilesen?post=10446"}],"curies":[{"name":"wp","href":"https:\/\/api.w.org\/{rel}","templated":true}]}}