{"id":10456,"date":"2026-09-02T18:57:57","date_gmt":"2026-09-02T15:57:57","guid":{"rendered":"https:\/\/kolektifmucadele1.org\/?p=10456"},"modified":"2026-09-02T18:57:58","modified_gmt":"2026-09-02T15:57:58","slug":"irkciligin-almanya-siyasetinde-normallesmesi-ve-afd-eren-aydin","status":"publish","type":"post","link":"https:\/\/kolektifmucadele1.org\/index.php\/2026\/09\/02\/irkciligin-almanya-siyasetinde-normallesmesi-ve-afd-eren-aydin\/","title":{"rendered":"Irk\u00e7\u0131l\u0131\u011f\u0131n Almanya Siyasetinde Normalle\u015fmesi ve AfD \u2013 Eren Ayd\u0131n"},"content":{"rendered":"\n<p class=\"wp-block-paragraph\">Almanya\u2019da son y\u0131llarda ya\u015fanan siyasal d\u00f6n\u00fc\u015f\u00fcm\u00fc yaln\u0131zca a\u015f\u0131r\u0131 sa\u011fc\u0131 Almanya i\u00e7in Alternatif\u2019in (AfD) se\u00e7imlerde elde etti\u011fi ba\u015far\u0131 \u00fczerinden de\u011ferlendirmek yetersizdir. As\u0131l dikkat edilmesi gereken nokta, AfD\u2019nin oy oran\u0131ndaki art\u0131\u015ftan \u00e7ok, temsil etti\u011fi milliyet\u00e7i, \u0131rk\u00e7\u0131 ve d\u0131\u015flay\u0131c\u0131 siyasal anlay\u0131\u015f\u0131n Almanya\u2019n\u0131n genel siyasi atmosferini ne \u00f6l\u00e7\u00fcde d\u00f6n\u00fc\u015ft\u00fcrd\u00fc\u011f\u00fcd\u00fcr. 23 \u015eubat 2025 federal se\u00e7imlerinde y\u00fczde 20,8 oyla ikinci parti konumuna gelen AfD\u2019nin 2026 yaz\u0131nda baz\u0131 anketlerde y\u00fczde 28-29 seviyelerine ula\u015fmas\u0131, a\u015f\u0131r\u0131 sa\u011f\u0131n art\u0131k siyasal sistemin k\u0131y\u0131s\u0131nda bulunan ge\u00e7ici bir protesto hareketi olmad\u0131\u011f\u0131n\u0131 g\u00f6steriyor. Ayn\u0131 d\u00f6nemde geleneksel merkez partilerin ya\u015fad\u0131\u011f\u0131 oy kayb\u0131 ise Almanya\u2019daki krizin yaln\u0131zca bir partinin y\u00fckseli\u015finden ibaret olmad\u0131\u011f\u0131n\u0131, siyasal merkezin giderek sa\u011fa do\u011fru kayd\u0131\u011f\u0131 daha kapsaml\u0131 bir d\u00f6n\u00fc\u015f\u00fcm\u00fcn ya\u015fand\u0131\u011f\u0131n\u0131 ortaya koyuyor.<\/p>\n\n\n\n<p class=\"wp-block-paragraph\">Bu d\u00f6n\u00fc\u015f\u00fcm\u00fcn en \u00f6nemli sonu\u00e7lar\u0131ndan biri, ekonomik ve toplumsal krizlerin giderek daha fazla g\u00f6\u00e7menler ve m\u00fclteciler \u00fczerinden tart\u0131\u015f\u0131lmas\u0131d\u0131r. Konut s\u0131k\u0131nt\u0131s\u0131ndan sosyal devlet \u00fczerindeki bask\u0131ya, d\u00fc\u015f\u00fck \u00fccretlerden g\u00fcvenlik tart\u0131\u015fmalar\u0131na kadar bir\u00e7ok yap\u0131sal sorun g\u00f6\u00e7 meselesiyle ili\u015fkilendiriliyor. B\u00f6ylece ekonomik e\u015fitsizli\u011fin, sermaye birikiminin, y\u0131llard\u0131r uygulanan neoliberal politikalar\u0131n ve kamusal hizmetlerdeki gerilemenin yaratt\u0131\u011f\u0131 sorunlar\u0131n ger\u00e7ek nedenleri arka plana itilirken, g\u00f6\u00e7menler toplumsal ho\u015fnutsuzlu\u011fun g\u00f6r\u00fcn\u00fcr hedefi haline getiriliyor. Bu durum a\u015f\u0131r\u0131 sa\u011f\u0131n tarihsel olarak s\u0131k\u00e7a ba\u015fvurdu\u011fu bir siyasetin g\u00fcncel bi\u00e7imidir: Toplumdaki \u00f6fkenin yukar\u0131ya, yani ekonomik ve siyasal g\u00fcc\u00fc elinde tutan kesimlere y\u00f6nelmesi yerine, a\u015fa\u011f\u0131ya ve toplumun daha savunmas\u0131z kesimlerine y\u00f6nlendirilmesi.<\/p>\n\n\n\n<p class=\"wp-block-paragraph\">Irk\u00e7\u0131l\u0131k g\u00fcn\u00fcm\u00fczde her zaman a\u00e7\u0131k biyolojik \u00fcst\u00fcnl\u00fck iddialar\u0131yla ortaya \u00e7\u0131km\u0131yor. \u00c7a\u011fda\u015f Avrupa siyasetinde d\u0131\u015flay\u0131c\u0131 d\u00fc\u015f\u00fcnceler \u00e7o\u011fu zaman \u201cg\u00f6\u00e7 kontrol\u00fc\u201d, \u201culusal kimli\u011fin korunmas\u0131\u201d, \u201cg\u00fcvenlik\u201d, \u201cuyum\u201d, \u201ck\u00fclt\u00fcrel de\u011ferler\u201d veya \u201cs\u0131n\u0131rlar\u0131n korunmas\u0131\u201d gibi ilk bak\u0131\u015fta daha tarafs\u0131z g\u00f6r\u00fcnen kavramlar \u00fczerinden yeniden \u00fcretiliyor. Ancak kullan\u0131lan dil de\u011fi\u015fse de temel siyasal mekanizma de\u011fi\u015fmiyor: toplum bir \u201cbiz\u201d ve \u201conlar\u201d kar\u015f\u0131tl\u0131\u011f\u0131 \u00fczerinden yeniden tan\u0131mlan\u0131yor. AfD\u2019nin Almanya siyasetindeki en \u00f6nemli ba\u015far\u0131s\u0131 da burada ortaya \u00e7\u0131k\u0131yor. Parti yaln\u0131zca kendi se\u00e7men taban\u0131n\u0131 geni\u015fletmiyor; ayn\u0131 zamanda daha \u00f6nce a\u015f\u0131r\u0131 sa\u011fla \u00f6zde\u015fle\u015ftirilen kimi d\u00fc\u015f\u00fcncelerin ana ak\u0131m siyasetin par\u00e7as\u0131 haline gelmesine katk\u0131da bulunuyor.<\/p>\n\n\n\n<p class=\"wp-block-paragraph\">G\u00f6\u00e7menlerin ekonomik kriz, su\u00e7, konut sorunu veya sosyal devlet tart\u0131\u015fmalar\u0131n\u0131n merkezine yerle\u015ftirilmesi rastlant\u0131sal de\u011fildir. A\u015f\u0131r\u0131 sa\u011f karma\u015f\u0131k toplumsal sorunlara basit ve kolay anla\u015f\u0131l\u0131r cevaplar sunar. Kiralar y\u00fckseliyorsa g\u00f6\u00e7menler, sosyal yard\u0131m sistemi zorlan\u0131yorsa m\u00fclteciler, g\u00fcvenlik sorunu varsa yabanc\u0131lar hedef g\u00f6sterilir. Oysa y\u00fcksek kiralar\u0131n nedeni bir m\u00fclteci ailesinin varl\u0131\u011f\u0131 de\u011fil, konutun giderek daha fazla piyasa ve k\u00e2r mant\u0131\u011f\u0131na teslim edilmesidir. D\u00fc\u015f\u00fck \u00fccretlerin nedeni ba\u015fka bir \u00fclkeden gelen i\u015f\u00e7iler de\u011fil, eme\u011fin pazarl\u0131k g\u00fcc\u00fcn\u00fcn zay\u0131flamas\u0131 ve i\u015f\u00e7i s\u0131n\u0131f\u0131n\u0131n \u00f6rg\u00fcts\u00fczle\u015ftirilmesidir. Kamu hizmetlerindeki yetersizliklerin nedeni g\u00f6\u00e7menler de\u011fil, y\u0131llard\u0131r uygulanan ekonomik ve siyasal tercihlerdir. Buna ra\u011fmen a\u015f\u0131r\u0131 sa\u011f, bu yap\u0131sal sorunlar\u0131n sorumlulu\u011funu g\u00f6r\u00fcn\u00fcr ve savunmas\u0131z toplumsal gruplara aktararak siyasal g\u00fc\u00e7 kazan\u0131yor.<\/p>\n\n\n\n<p class=\"wp-block-paragraph\">Bu noktada mesele yaln\u0131zca \u0131rk\u00e7\u0131l\u0131\u011f\u0131n ahlaki olarak yanl\u0131\u015f olmas\u0131 de\u011fildir. A\u015f\u0131r\u0131 sa\u011f\u0131n kulland\u0131\u011f\u0131 bu s\u00f6ylem ayn\u0131 zamanda g\u00fc\u00e7l\u00fc bir s\u0131n\u0131fsal i\u015fleve sahiptir. Ayn\u0131 ekonomik ko\u015fullar alt\u0131nda \u00e7al\u0131\u015fan Alman, T\u00fcrk, K\u00fcrt, Suriyeli, Polonyal\u0131 veya Ukraynal\u0131 i\u015f\u00e7ilerin birbirlerini rakip ve tehdit olarak g\u00f6rmesi, onlar\u0131n ortak ekonomik \u00e7\u0131karlar temelinde hareket etmesini zorla\u015ft\u0131r\u0131r. \u0130\u015f\u00e7i d\u00fc\u015f\u00fck \u00fccretin nedenini patronun \u00fccret politikas\u0131nda de\u011fil de kendisinden daha d\u00fc\u015f\u00fck \u00fccretle \u00e7al\u0131\u015fmaya zorlanan g\u00f6\u00e7men i\u015f\u00e7ide g\u00f6rmeye ba\u015flad\u0131\u011f\u0131nda, ekonomik \u00f6fkenin y\u00f6n\u00fc de\u011fi\u015fmi\u015f olur. B\u00f6ylece toplumsal \u00e7at\u0131\u015fman\u0131n merkezindeki sermaye-emek \u00e7eli\u015fkisi g\u00f6r\u00fcnmezle\u015firken, onun yerini milliyet, k\u00fclt\u00fcr ve kimlik \u00fczerinden yarat\u0131lan yapay kar\u015f\u0131tl\u0131klar al\u0131r. A\u015f\u0131r\u0131 sa\u011f\u0131n en \u00f6nemli siyasal i\u015flevlerinden biri tam da bu b\u00f6l\u00fcnmeyi \u00fcretmektir.<\/p>\n\n\n\n<p class=\"wp-block-paragraph\">AfD\u2019nin g\u00fcc\u00fcn\u00fc yaln\u0131zca ald\u0131\u011f\u0131 oy oranlar\u0131yla \u00f6l\u00e7mek de bu nedenle eksik kal\u0131r. Parti federal h\u00fck\u00fcmetin par\u00e7as\u0131 olmad\u0131\u011f\u0131 halde Almanya\u2019daki g\u00f6\u00e7 ve iltica tart\u0131\u015fmalar\u0131n\u0131n y\u00f6n\u00fcn\u00fc belirleyebilecek bir konuma ula\u015fm\u0131\u015ft\u0131r. Daha \u00f6nemlisi, AfD\u2019nin y\u00fckseli\u015fi merkez sa\u011fdaki CDU\/CSU\u2019nun da bu alanlarda daha sert s\u00f6ylemler ve politikalar geli\u015ftirmesine yol a\u00e7maktad\u0131r. AfD\u2019ye y\u00f6nelen se\u00e7menleri geri kazanma amac\u0131yla uygulanan bu strateji, k\u0131sa vadede merkez sa\u011f a\u00e7\u0131s\u0131ndan anla\u015f\u0131labilir g\u00f6r\u00fcnse de uzun vadede a\u015f\u0131r\u0131 sa\u011f\u0131n ideolojik \u00e7er\u00e7evesini g\u00fc\u00e7lendirme tehlikesi ta\u015f\u0131maktad\u0131r. \u00c7\u00fcnk\u00fc bir siyasi parti rakibinin temel problem tan\u0131m\u0131n\u0131 kabul etti\u011finde, ayn\u0131 zamanda rakibinin siyasal dilini de me\u015frula\u015ft\u0131rm\u0131\u015f olur.<\/p>\n\n\n\n<p class=\"wp-block-paragraph\">Ocak 2025\u2019te CDU\/CSU taraf\u0131ndan Federal Meclis\u2019e sunulan g\u00f6\u00e7 politikas\u0131n\u0131n sertle\u015ftirilmesine y\u00f6nelik bir \u00f6nergenin AfD milletvekillerinin deste\u011fi sayesinde kabul edilmesi, Almanya\u2019da sava\u015f sonras\u0131 d\u00f6nemde a\u015f\u0131r\u0131 sa\u011f ile ana ak\u0131m partiler aras\u0131nda kurulmu\u015f olan \u201cBrandmauer\u201d tart\u0131\u015fmas\u0131n\u0131 yeniden g\u00fcndeme ta\u015f\u0131d\u0131. \u0130ki g\u00fcn sonra benzer bi\u00e7imde AfD deste\u011fiyle ge\u00e7ebilecek daha kapsaml\u0131 bir d\u00fczenlemenin reddedilmesi temel sorunu ortadan kald\u0131rmad\u0131. \u00c7\u00fcnk\u00fc burada mesele yaln\u0131zca parlamentodaki bir oylama de\u011fildir. As\u0131l mesele, a\u015f\u0131r\u0131 sa\u011f\u0131n siyasal sistem a\u00e7\u0131s\u0131ndan kabul edilebilir bir akt\u00f6r haline gelip gelmedi\u011fi ve onun savundu\u011fu politikalar\u0131n ba\u015fka partiler taraf\u0131ndan ne \u00f6l\u00e7\u00fcde benimsenmeye ba\u015flad\u0131\u011f\u0131d\u0131r.<\/p>\n\n\n\n<p class=\"wp-block-paragraph\">A\u015f\u0131r\u0131 sa\u011f\u0131n taleplerini k\u0131smen benimseyerek a\u015f\u0131r\u0131 sa\u011f\u0131 zay\u0131flatma stratejisi ciddi bir \u00e7eli\u015fki ta\u015f\u0131r. E\u011fer merkez sa\u011f AfD\u2019nin g\u00f6\u00e7 konusunda kurdu\u011fu temel \u00e7er\u00e7eveyi kabul ederse, se\u00e7men a\u00e7\u0131s\u0131ndan \u015fu soru ortaya \u00e7\u0131kar: AfD\u2019nin te\u015fhisi do\u011fru kabul ediliyorsa neden onun daha yumu\u015fak bir versiyonuna oy verilsin? Bu nedenle a\u015f\u0131r\u0131 sa\u011f\u0131n dilini kullanarak a\u015f\u0131r\u0131 sa\u011f\u0131 geriletmeye \u00e7al\u0131\u015fmak, beklenenin tersine onun siyasal me\u015fruiyetini art\u0131rabilir. AfD a\u00e7\u0131s\u0131ndan ger\u00e7ek ideolojik ba\u015far\u0131 da burada ortaya \u00e7\u0131kar. Hegemonya yaln\u0131zca h\u00fck\u00fcmet kurmak veya se\u00e7im kazanmak de\u011fildir; ba\u015fka siyasi akt\u00f6rlerin de sizin kavramlar\u0131n\u0131z ve problem tan\u0131mlar\u0131n\u0131z \u00fczerinden siyaset yapmaya ba\u015flamas\u0131n\u0131 sa\u011flamakt\u0131r.<\/p>\n\n\n\n<p class=\"wp-block-paragraph\">AfD\u2019nin \u00f6zellikle eski Do\u011fu Almanya eyaletlerinde g\u00fc\u00e7l\u00fc olmas\u0131 ise ayr\u0131 bir toplumsal arka plan gerektiriyor. Bu deste\u011fi yaln\u0131zca do\u011frudan \u0131rk\u00e7\u0131l\u0131kla a\u00e7\u0131klamak hem analitik olarak yetersiz hem de siyaseten sonu\u00e7suzdur. Almanya\u2019n\u0131n birle\u015fmesinden onlarca y\u0131l sonra bile Do\u011fu ile Bat\u0131 aras\u0131ndaki ekonomik, demografik ve toplumsal farkl\u0131l\u0131klar\u0131n b\u00fct\u00fcn\u00fcyle ortadan kalkmam\u0131\u015f olmas\u0131, bir\u00e7ok b\u00f6lgede derin bir ho\u015fnutsuzluk yaratm\u0131\u015ft\u0131r. Sanayisizle\u015fme, n\u00fcfus kayb\u0131, gen\u00e7 insanlar\u0131n Bat\u0131\u2019ya g\u00f6\u00e7\u00fc, kamusal hizmetlerde gerileme ve siyasi kurumlara duyulan g\u00fcvensizlik \u00f6nemli bir toplumsal yabanc\u0131la\u015fma \u00fcretmi\u015ftir. AfD\u2019nin ba\u015far\u0131s\u0131, bu ger\u00e7ek ho\u015fnutsuzluklar\u0131 milliyet\u00e7i ve g\u00f6\u00e7men kar\u015f\u0131t\u0131 bir siyaset i\u00e7erisinde yeniden yorumlayabilmesinden kaynaklanmaktad\u0131r.<\/p>\n\n\n\n<p class=\"wp-block-paragraph\">Buradaki \u00f6nemli ayr\u0131m \u015fudur: Toplumsal ho\u015fnutsuzluk ger\u00e7ektir, fakat bu ho\u015fnutsuzlu\u011fun y\u00f6neltildi\u011fi hedef siyasal olarak in\u015fa edilmektedir. Ekonomik e\u015fitsizliklere, b\u00f6lgeler aras\u0131ndaki geli\u015fmi\u015flik farklar\u0131na veya sosyal g\u00fcvencesizli\u011fe duyulan \u00f6fke s\u0131n\u0131fsal bir talebe d\u00f6n\u00fc\u015febilecekken, a\u015f\u0131r\u0131 sa\u011f bu \u00f6fkeyi g\u00f6\u00e7menlere, m\u00fcltecilere ve \u201cBerlin\u2019deki elitlere\u201d y\u00f6nlendirmektedir. B\u00f6ylece ekonomik bir sorun k\u00fclt\u00fcrel bir \u00e7at\u0131\u015fmaya d\u00f6n\u00fc\u015ft\u00fcr\u00fcl\u00fcr. S\u0131n\u0131fsal e\u015fitsizli\u011fin yerine kimlik \u00e7at\u0131\u015fmas\u0131 ge\u00e7irilir. Bu nedenle a\u015f\u0131r\u0131 sa\u011f\u0131n toplumsal taban\u0131yla m\u00fccadele etmek, yaln\u0131zca onun \u0131rk\u00e7\u0131 s\u00f6ylemini te\u015fhir etmekle s\u0131n\u0131rl\u0131 kalamaz; ayn\u0131 zamanda bu s\u00f6ylemin beslendi\u011fi ekonomik ve toplumsal ko\u015fullara da m\u00fcdahale etmek gerekir.<\/p>\n\n\n\n<p class=\"wp-block-paragraph\">A\u015f\u0131r\u0131 sa\u011f\u0131n en g\u00fc\u00e7l\u00fc siyasal ara\u00e7lar\u0131ndan biri g\u00fcnah ke\u00e7isi yaratmakt\u0131r. Ekonomik belirsizli\u011fin artt\u0131\u011f\u0131, \u00fccretlerin reel olarak geriledi\u011fi, konut s\u0131k\u0131nt\u0131s\u0131n\u0131n derinle\u015fti\u011fi ve insanlar\u0131n gelecek konusunda daha fazla kayg\u0131 duydu\u011fu d\u00f6nemlerde toplum do\u011fal olarak bu sorunlar\u0131n nedenlerini sorgular. A\u015f\u0131r\u0131 sa\u011f bu aray\u0131\u015fa kolay bir cevap verir: Sorunun kayna\u011f\u0131 d\u0131\u015far\u0131dan gelenlerdir. Bu anlat\u0131n\u0131n etkili olmas\u0131n\u0131n nedeni ger\u00e7ekleri do\u011fru a\u00e7\u0131klamas\u0131 de\u011fil, karma\u015f\u0131k ger\u00e7ekli\u011fi basit bir d\u00fc\u015fman fig\u00fcr\u00fc \u00fczerinden anla\u015f\u0131l\u0131r hale getirmesidir. \u201cG\u00f6\u00e7men\u201d, \u201cm\u00fclteci\u201d veya \u201cyabanc\u0131\u201d kavramlar\u0131 b\u00f6ylece farkl\u0131 toplumsal sorunlar\u0131n ortak sembol\u00fcne d\u00f6n\u00fc\u015ft\u00fcr\u00fcl\u00fcr.<\/p>\n\n\n\n<p class=\"wp-block-paragraph\">Irk\u00e7\u0131l\u0131\u011f\u0131n normalle\u015fmesi de tam olarak bu s\u00fcre\u00e7 i\u00e7erisinde ger\u00e7ekle\u015fir. Bir toplumun b\u00fct\u00fcn\u00fc bir anda \u0131rk\u00e7\u0131 hale gelmez. \u00d6nce belirli s\u00f6ylemler kamusal alanda daha s\u0131k kullan\u0131lmaya ba\u015flan\u0131r. Ard\u0131ndan belirli toplumsal gruplar s\u00fcrekli su\u00e7, kriz veya tehdit kavramlar\u0131yla yan yana getirilir. Daha \u00f6nce a\u00e7\u0131k bi\u00e7imde d\u0131\u015flay\u0131c\u0131 kabul edilen d\u00fc\u015f\u00fcnceler zamanla \u201cme\u015fru siyasi g\u00f6r\u00fc\u015flerden biri\u201d olarak sunulur. Sonras\u0131nda merkez partiler de se\u00e7im kayg\u0131s\u0131yla ayn\u0131 kavramlar\u0131 kullanmaya ba\u015flad\u0131\u011f\u0131nda, a\u015f\u0131r\u0131 sa\u011f\u0131n dili toplumun genel siyasal dili haline gelmeye ba\u015flar. B\u00f6ylece d\u00fcn kabul edilemez g\u00f6r\u00fclen politikalar bug\u00fcn tart\u0131\u015f\u0131labilir, yar\u0131n ise uygulanabilir hale gelebilir.<\/p>\n\n\n\n<p class=\"wp-block-paragraph\">Bu nedenle anti-fa\u015fist bir siyaset yaln\u0131zca AfD\u2019nin se\u00e7imlerde geriletilmesine odaklanamaz. A\u015f\u0131r\u0131 sa\u011f\u0131n toplumsal olarak g\u00fc\u00e7 kazanmas\u0131n\u0131 m\u00fcmk\u00fcn k\u0131lan ideolojik ve ekonomik zeminin de sorgulanmas\u0131 gerekir. Irk\u00e7\u0131l\u0131\u011fa kar\u015f\u0131 m\u00fccadele yaln\u0131zca \u201cho\u015fg\u00f6r\u00fc\u201d \u00e7a\u011fr\u0131lar\u0131yla s\u00fcrd\u00fcr\u00fclemez. \u0130nsanlar\u0131n ya\u015fad\u0131\u011f\u0131 ekonomik sorunlara somut ve s\u0131n\u0131fsal cevaplar \u00fcretmek gerekir. Konut krizine kar\u015f\u0131 kamusal ve eri\u015filebilir konut politikalar\u0131, d\u00fc\u015f\u00fck \u00fccretlere kar\u015f\u0131 sendikal \u00f6rg\u00fctlenme ve daha g\u00fc\u00e7l\u00fc \u00fccret haklar\u0131, sosyal devletin gerilemesine kar\u015f\u0131 kamusal hizmetlerin g\u00fc\u00e7lendirilmesi, ekonomik e\u015fitsizli\u011fe kar\u015f\u0131 servetin ve b\u00fcy\u00fck \u015firketlerin daha fazla vergilendirilmesi gibi politikalar bu m\u00fccadelenin temel par\u00e7alar\u0131 olmal\u0131d\u0131r.<\/p>\n\n\n\n<p class=\"wp-block-paragraph\">Sol ve anti-fa\u015fist bir perspektif a\u00e7\u0131s\u0131ndan temel mesele, toplumdaki farkl\u0131 k\u00f6kenlerden emek\u00e7ilerin birbirlerine kar\u015f\u0131 de\u011fil, ortak \u00e7\u0131karlar\u0131 do\u011frultusunda birlikte hareket edebilmesidir. Alman i\u015f\u00e7inin \u00e7\u0131kar\u0131 Suriyeli veya T\u00fcrk i\u015f\u00e7inin haklar\u0131n\u0131n zay\u0131flat\u0131lmas\u0131nda de\u011fildir. \u00c7\u00fcnk\u00fc bir i\u015f\u00e7inin daha d\u00fc\u015f\u00fck \u00fccretle ve daha az hakla \u00e7al\u0131\u015ft\u0131r\u0131labilmesi, zaman i\u00e7erisinde b\u00fct\u00fcn i\u015f\u00e7ilerin \u00e7al\u0131\u015fma ko\u015fullar\u0131n\u0131 a\u015fa\u011f\u0131 \u00e7ekebilir. Bu nedenle g\u00f6\u00e7men i\u015f\u00e7inin haklar\u0131n\u0131 savunmak yaln\u0131zca insani veya ahlaki bir dayan\u0131\u015fma meselesi de\u011fil, ayn\u0131 zamanda b\u00fct\u00fcn emek\u00e7ilerin ortak s\u0131n\u0131fsal \u00e7\u0131kar\u0131n\u0131n bir par\u00e7as\u0131d\u0131r. Milliyet\u00e7ilik i\u015f\u00e7ileri b\u00f6lerek g\u00fc\u00e7 kazan\u0131rken, anti-fa\u015fist siyasetin buna verece\u011fi cevap e\u015fit haklar, dayan\u0131\u015fma ve ortak m\u00fccadele olmal\u0131d\u0131r.<\/p>\n\n\n\n<p class=\"wp-block-paragraph\">Almanya\u2019n\u0131n sava\u015f sonras\u0131 demokratik kimli\u011fi b\u00fcy\u00fck \u00f6l\u00e7\u00fcde Nazi ge\u00e7mi\u015fiyle hesapla\u015fma, demokratik kurumlar\u0131 koruma ve a\u015f\u0131r\u0131 sa\u011f\u0131 siyasal sistemin merkezinden uzak tutma d\u00fc\u015f\u00fcncesi \u00fczerine kurulmu\u015ftur. Bu nedenle AfD\u2019nin bug\u00fcnk\u00fc y\u00fckseli\u015fini tarihsel a\u00e7\u0131dan \u00f6nemli hale getiren \u015fey yaln\u0131zca partinin se\u00e7im sonu\u00e7lar\u0131 de\u011fildir. Elbette g\u00fcn\u00fcm\u00fcz Almanya\u2019s\u0131n\u0131 1930\u2019larla mekanik bi\u00e7imde kar\u015f\u0131la\u015ft\u0131rmak do\u011fru olmaz. Tarih birebir tekrar etmez. Fakat fa\u015fizmin tarihsel deneyimi \u00f6nemli bir noktay\u0131 g\u00f6sterir: Otoriter ve d\u0131\u015flay\u0131c\u0131 siyaset genellikle bir gecede ortaya \u00e7\u0131kmaz. \u00d6nce kullan\u0131lan dil de\u011fi\u015fir, ard\u0131ndan hangi d\u00fc\u015f\u00fcncelerin kabul edilebilir oldu\u011fu yeniden tan\u0131mlan\u0131r. Daha sonra siyasal s\u0131n\u0131rlar de\u011fi\u015fir ve bir d\u00f6nem d\u00fc\u015f\u00fcn\u00fclemez g\u00f6r\u00fclen politikalar zamanla uygulanabilir se\u00e7eneklere d\u00f6n\u00fc\u015f\u00fcr.<\/p>\n\n\n\n<p class=\"wp-block-paragraph\">Bug\u00fcn Almanya a\u00e7\u0131s\u0131ndan temel tehlike de burada yatmaktad\u0131r. Sorun yaln\u0131zca AfD\u2019nin y\u00fczde ka\u00e7 oy ald\u0131\u011f\u0131 de\u011fildir. Daha \u00f6nemli olan, AfD\u2019nin kurdu\u011fu siyasal \u00e7er\u00e7evenin toplumun ve di\u011fer siyasi partilerin dilini ne \u00f6l\u00e7\u00fcde d\u00f6n\u00fc\u015ft\u00fcrd\u00fc\u011f\u00fcd\u00fcr. G\u00f6\u00e7menlerin ekonomik ve toplumsal krizlerin temel sorumlusu gibi sunuldu\u011fu, vatanda\u015fl\u0131k ve aidiyet kavramlar\u0131n\u0131n giderek daha d\u0131\u015flay\u0131c\u0131 bi\u00e7imde tan\u0131mland\u0131\u011f\u0131 ve ana ak\u0131m partilerin a\u015f\u0131r\u0131 sa\u011f\u0131n kavramlar\u0131na yakla\u015fmaya ba\u015flad\u0131\u011f\u0131 bir ortamda \u0131rk\u00e7\u0131l\u0131k art\u0131k yaln\u0131zca a\u015f\u0131r\u0131 sa\u011f partilerin meselesi olmaktan \u00e7\u0131kar. Demokratik toplumun tamam\u0131n\u0131 ilgilendiren yap\u0131sal bir sorun haline gelir.<\/p>\n\n\n\n<p class=\"wp-block-paragraph\">Bu nedenle Almanya\u2019da \u00f6n\u00fcm\u00fczdeki d\u00f6nemin temel siyasal m\u00fccadelesi yaln\u0131zca AfD\u2019nin se\u00e7imlerde elde edece\u011fi sonu\u00e7lar \u00fczerinden y\u00fcr\u00fcmeyecektir. Daha temel soru, Almanya\u2019n\u0131n nas\u0131l bir toplum ve nas\u0131l bir \u201cbiz\u201d anlay\u0131\u015f\u0131 \u00fczerine kurulaca\u011f\u0131d\u0131r. Etnik ve k\u00fclt\u00fcrel homojenli\u011fi esas alan, aidiyeti k\u00f6ken \u00fczerinden tan\u0131mlayan d\u0131\u015flay\u0131c\u0131 bir toplum mu; yoksa farkl\u0131 k\u00f6kenlerden insanlar\u0131n e\u015fit yurtta\u015fl\u0131k temelinde ya\u015fayabildi\u011fi, sosyal haklar\u0131n ve demokratik \u00f6zg\u00fcrl\u00fcklerin g\u00fcvence alt\u0131nda oldu\u011fu \u00e7o\u011fulcu bir toplum mu?<\/p>\n\n\n\n<p class=\"wp-block-paragraph\">Anti-fa\u015fist sol a\u00e7\u0131s\u0131ndan bu sorunun cevab\u0131, milliyet\u00e7ili\u011fe kar\u015f\u0131 enternasyonal dayan\u0131\u015fmay\u0131, \u0131rk\u00e7\u0131l\u0131\u011fa kar\u015f\u0131 e\u015fitli\u011fi ve toplumsal b\u00f6l\u00fcnmeye kar\u015f\u0131 s\u0131n\u0131f dayan\u0131\u015fmas\u0131n\u0131 savunmaktan ge\u00e7mektedir. Ekonomik ve toplumsal krizlerin bedelini g\u00f6\u00e7menlere ve m\u00fcltecilere \u00f6detmeye \u00e7al\u0131\u015fan siyasete kar\u015f\u0131, sorunlar\u0131n ger\u00e7ek nedenlerini g\u00f6r\u00fcn\u00fcr k\u0131lan bir m\u00fccadele gereklidir. \u00c7\u00fcnk\u00fc a\u015f\u0131r\u0131 sa\u011f\u0131n g\u00fc\u00e7lenmesi yaln\u0131zca onun do\u011frudan hedef ald\u0131\u011f\u0131 gruplar\u0131 tehdit etmez; emek\u00e7ilerin haklar\u0131n\u0131, demokratik \u00f6zg\u00fcrl\u00fckleri ve toplumun birlikte ya\u015fama kapasitesini de zay\u0131flat\u0131r. Bu nedenle fa\u015fizme ve \u0131rk\u00e7\u0131l\u0131\u011fa kar\u015f\u0131 m\u00fccadele yaln\u0131zca belirli gruplar\u0131n kendilerini savunma meselesi de\u011fil, e\u015fitlik\u00e7i ve demokratik bir toplumun gelece\u011fini savunma m\u00fccadelesidir.<\/p>\n","protected":false},"excerpt":{"rendered":"<p>Almanya\u2019da son y\u0131llarda ya\u015fanan siyasal d\u00f6n\u00fc\u015f\u00fcm\u00fc yaln\u0131zca&#46;&#46;&#46;<\/p>\n","protected":false},"author":3,"featured_media":10458,"comment_status":"closed","ping_status":"closed","sticky":false,"template":"","format":"standard","meta":{"footnotes":""},"categories":[7,29],"tags":[],"manset":[],"bilesen":[],"class_list":["post-10456","post","type-post","status-publish","format-standard","has-post-thumbnail","hentry","category-makaleler","category-manset"],"amp_enabled":true,"_links":{"self":[{"href":"https:\/\/kolektifmucadele1.org\/index.php\/wp-json\/wp\/v2\/posts\/10456","targetHints":{"allow":["GET"]}}],"collection":[{"href":"https:\/\/kolektifmucadele1.org\/index.php\/wp-json\/wp\/v2\/posts"}],"about":[{"href":"https:\/\/kolektifmucadele1.org\/index.php\/wp-json\/wp\/v2\/types\/post"}],"author":[{"embeddable":true,"href":"https:\/\/kolektifmucadele1.org\/index.php\/wp-json\/wp\/v2\/users\/3"}],"replies":[{"embeddable":true,"href":"https:\/\/kolektifmucadele1.org\/index.php\/wp-json\/wp\/v2\/comments?post=10456"}],"version-history":[{"count":1,"href":"https:\/\/kolektifmucadele1.org\/index.php\/wp-json\/wp\/v2\/posts\/10456\/revisions"}],"predecessor-version":[{"id":10459,"href":"https:\/\/kolektifmucadele1.org\/index.php\/wp-json\/wp\/v2\/posts\/10456\/revisions\/10459"}],"wp:featuredmedia":[{"embeddable":true,"href":"https:\/\/kolektifmucadele1.org\/index.php\/wp-json\/wp\/v2\/media\/10458"}],"wp:attachment":[{"href":"https:\/\/kolektifmucadele1.org\/index.php\/wp-json\/wp\/v2\/media?parent=10456"}],"wp:term":[{"taxonomy":"category","embeddable":true,"href":"https:\/\/kolektifmucadele1.org\/index.php\/wp-json\/wp\/v2\/categories?post=10456"},{"taxonomy":"post_tag","embeddable":true,"href":"https:\/\/kolektifmucadele1.org\/index.php\/wp-json\/wp\/v2\/tags?post=10456"},{"taxonomy":"manset","embeddable":true,"href":"https:\/\/kolektifmucadele1.org\/index.php\/wp-json\/wp\/v2\/manset?post=10456"},{"taxonomy":"bilesen","embeddable":true,"href":"https:\/\/kolektifmucadele1.org\/index.php\/wp-json\/wp\/v2\/bilesen?post=10456"}],"curies":[{"name":"wp","href":"https:\/\/api.w.org\/{rel}","templated":true}]}}