{"id":10463,"date":"2026-09-02T20:57:10","date_gmt":"2026-09-02T17:57:10","guid":{"rendered":"https:\/\/kolektifmucadele1.org\/?p=10463"},"modified":"2026-09-02T20:57:11","modified_gmt":"2026-09-02T17:57:11","slug":"basaran-aksu-sincan-cezaevinde-suresiz-aclik-grevine-basladi","status":"publish","type":"post","link":"https:\/\/kolektifmucadele1.org\/index.php\/2026\/09\/02\/basaran-aksu-sincan-cezaevinde-suresiz-aclik-grevine-basladi\/","title":{"rendered":"Ba\u015faran Aksu Sincan Cezaevi\u2019nde S\u00fcresiz A\u00e7l\u0131k Grevine Ba\u015flad\u0131"},"content":{"rendered":"\n<p class=\"wp-block-paragraph\">Ba\u011f\u0131ms\u0131z Maden-\u0130\u015f Sendikas\u0131 E\u011fitim ve \u00d6rg\u00fctlenme Sorumlusu Ba\u015faran Aksu, tutuklu bulundu\u011fu Sincan Cezaevi\u2019nde s\u00fcresiz a\u00e7l\u0131k grevine ba\u015flad\u0131. Aksu\u2019nun, sendikal haklara y\u00f6nelik m\u00fcdahaleleri ve tutuklulu\u011funu protesto etmek amac\u0131yla 31 A\u011fustos saat 17.00 itibar\u0131yla a\u00e7l\u0131k grevine ba\u015flad\u0131\u011f\u0131 bildirildi.<\/p>\n\n\n\n<p class=\"wp-block-paragraph\">Aksu\u2019yu cezaevinde ziyaret eden YEN\u0130 Parti Artvin Milletvekili U\u011fur Bayraktutan, ziyaretin ard\u0131ndan yapt\u0131\u011f\u0131 a\u00e7\u0131klamada Aksu\u2019nun Anayasa\u2019n\u0131n sendika kurma hakk\u0131n\u0131 d\u00fczenleyen 51\u2019inci maddesi kapsam\u0131nda yasal ve anayasal bir hakk\u0131 kulland\u0131\u011f\u0131n\u0131 belirtti. Bayraktutan, Aksu\u2019nun tutuklulu\u011funun bir tedbir olmaktan \u00e7\u0131karak cezaland\u0131rmaya d\u00f6n\u00fc\u015ft\u00fc\u011f\u00fcn\u00fc savundu.<\/p>\n\n\n\n<p class=\"wp-block-paragraph\">Bayraktutan, Aksu\u2019nun sendikal haklara y\u00f6nelik m\u00fcdahaleleri protesto etmek amac\u0131yla s\u00fcresiz a\u00e7l\u0131k grevine ba\u015flad\u0131\u011f\u0131n\u0131 belirterek, \u201cBa\u015faran Aksu yaln\u0131z de\u011fildir. Bu hak m\u00fccadelesinde sonuna kadar yan\u0131nda olmaya devam edece\u011fiz\u201d dedi.<\/p>\n\n\n\n<p class=\"wp-block-paragraph\">Aksu da cezaevinden g\u00f6nderdi\u011fi mektupta a\u00e7l\u0131k grevinin yaln\u0131zca kendi tutuklulu\u011funa y\u00f6nelik olmad\u0131\u011f\u0131n\u0131, sendikal \u00f6rg\u00fctlenmenin \u00f6n\u00fcndeki engellere, i\u015f\u00e7ilerin \u00e7al\u0131\u015fma ko\u015fullar\u0131na, yoksullu\u011fa ve toplumda giderek b\u00fcy\u00fcyen ge\u00e7im sorununa dikkat \u00e7ekmek amac\u0131yla bu eyleme ba\u015flad\u0131\u011f\u0131n\u0131 ifade etti.<\/p>\n\n\n\n<p class=\"wp-block-paragraph\">Aksu, tutuklanmalar\u0131n\u0131n maden i\u015f\u00e7ilerinin hak m\u00fccadelesi ve y\u00fcr\u00fctt\u00fckleri sendikal faaliyetlerle ba\u011flant\u0131l\u0131 oldu\u011funu savunurken, kendisine y\u00f6neltilen su\u00e7lamalar\u0131 kabul etmedi\u011fini belirtti.<\/p>\n\n\n\n<p class=\"wp-block-paragraph\">Mektubunda taleplerini de s\u0131ralayan Aksu, sendikal haklar\u0131n Anayasa ve yasalar taraf\u0131ndan g\u00fcvence alt\u0131na al\u0131nmas\u0131na ra\u011fmen uygulamada engellendi\u011fini ifade etti. Bar\u0131nma, beslenme ve \u0131s\u0131nma gibi temel ihtiya\u00e7lar\u0131n g\u00fcvence alt\u0131na al\u0131nmas\u0131n\u0131 isteyen Aksu, Ba\u011f\u0131ms\u0131z Maden-\u0130\u015f Genel Ba\u015fkan\u0131 G\u00f6kay \u00c7ak\u0131r\u2019\u0131n serbest b\u0131rak\u0131lmas\u0131n\u0131 ve kendisinin sendikan\u0131n genel merkezine daha yak\u0131n olan Akhisar Cezaevi\u2019ne sevk edilmesini de talepleri aras\u0131nda s\u0131ralad\u0131.<\/p>\n\n\n\n<p class=\"wp-block-paragraph\">Aksu\u2019nun 31 A\u011fustos\u2019tan bu yana a\u00e7l\u0131k grevini s\u00fcrd\u00fcrd\u00fc\u011f\u00fc ve yaln\u0131zca \u015feker ile tuz ald\u0131\u011f\u0131 belirtildi. Yak\u0131nlar\u0131, Aksu\u2019nun cezaevine giri\u015finden bu yana doktor kontrol\u00fcnden ge\u00e7irilmedi\u011fini ve kendisine vitamin verilmedi\u011fini ifade edildi. Bu iddialara ili\u015fkin cezaevi idaresinden hen\u00fcz ba\u011f\u0131ms\u0131z bir do\u011frulama yap\u0131lmad\u0131.<\/p>\n\n\n\n<p class=\"wp-block-paragraph\">Ba\u011f\u0131ms\u0131z Maden-\u0130\u015f Sendikas\u0131 ise Ba\u015faran Aksu ve G\u00f6kay \u00c7ak\u0131r\u2019\u0131n serbest b\u0131rak\u0131lmas\u0131 \u00e7a\u011fr\u0131s\u0131n\u0131 s\u00fcrd\u00fcr\u00fcrken, Aksu\u2019nun talepleri kar\u015f\u0131lanana kadar a\u00e7l\u0131k grevine devam edece\u011fi bildirildi.<\/p>\n\n\n\n<p class=\"wp-block-paragraph\"><\/p>\n","protected":false},"excerpt":{"rendered":"<p>Ba\u011f\u0131ms\u0131z Maden-\u0130\u015f Sendikas\u0131 E\u011fitim ve \u00d6rg\u00fctlenme Sorumlusu&#46;&#46;&#46;<\/p>\n","protected":false},"author":3,"featured_media":10464,"comment_status":"closed","ping_status":"closed","sticky":false,"template":"","format":"standard","meta":{"footnotes":""},"categories":[5,29],"tags":[],"manset":[],"bilesen":[],"class_list":["post-10463","post","type-post","status-publish","format-standard","has-post-thumbnail","hentry","category-etkinlikler","category-manset"],"amp_enabled":true,"_links":{"self":[{"href":"https:\/\/kolektifmucadele1.org\/index.php\/wp-json\/wp\/v2\/posts\/10463","targetHints":{"allow":["GET"]}}],"collection":[{"href":"https:\/\/kolektifmucadele1.org\/index.php\/wp-json\/wp\/v2\/posts"}],"about":[{"href":"https:\/\/kolektifmucadele1.org\/index.php\/wp-json\/wp\/v2\/types\/post"}],"author":[{"embeddable":true,"href":"https:\/\/kolektifmucadele1.org\/index.php\/wp-json\/wp\/v2\/users\/3"}],"replies":[{"embeddable":true,"href":"https:\/\/kolektifmucadele1.org\/index.php\/wp-json\/wp\/v2\/comments?post=10463"}],"version-history":[{"count":1,"href":"https:\/\/kolektifmucadele1.org\/index.php\/wp-json\/wp\/v2\/posts\/10463\/revisions"}],"predecessor-version":[{"id":10465,"href":"https:\/\/kolektifmucadele1.org\/index.php\/wp-json\/wp\/v2\/posts\/10463\/revisions\/10465"}],"wp:featuredmedia":[{"embeddable":true,"href":"https:\/\/kolektifmucadele1.org\/index.php\/wp-json\/wp\/v2\/media\/10464"}],"wp:attachment":[{"href":"https:\/\/kolektifmucadele1.org\/index.php\/wp-json\/wp\/v2\/media?parent=10463"}],"wp:term":[{"taxonomy":"category","embeddable":true,"href":"https:\/\/kolektifmucadele1.org\/index.php\/wp-json\/wp\/v2\/categories?post=10463"},{"taxonomy":"post_tag","embeddable":true,"href":"https:\/\/kolektifmucadele1.org\/index.php\/wp-json\/wp\/v2\/tags?post=10463"},{"taxonomy":"manset","embeddable":true,"href":"https:\/\/kolektifmucadele1.org\/index.php\/wp-json\/wp\/v2\/manset?post=10463"},{"taxonomy":"bilesen","embeddable":true,"href":"https:\/\/kolektifmucadele1.org\/index.php\/wp-json\/wp\/v2\/bilesen?post=10463"}],"curies":[{"name":"wp","href":"https:\/\/api.w.org\/{rel}","templated":true}]}}