{"id":10470,"date":"2026-09-04T13:02:33","date_gmt":"2026-09-04T10:02:33","guid":{"rendered":"https:\/\/kolektifmucadele1.org\/?p=10470"},"modified":"2026-09-04T13:02:33","modified_gmt":"2026-09-04T10:02:33","slug":"gulistan-doku-sorusturmasinda-iki-tutuklama","status":"publish","type":"post","link":"https:\/\/kolektifmucadele1.org\/index.php\/2026\/09\/04\/gulistan-doku-sorusturmasinda-iki-tutuklama\/","title":{"rendered":"G\u00fclistan Doku soru\u015fturmas\u0131nda iki tutuklama"},"content":{"rendered":"\n<p class=\"wp-block-paragraph\">G\u00fclistan Doku\u2019nun 5 Ocak 2020\u2019de kaybolmas\u0131na ili\u015fkin soru\u015fturmada, eski Tunceli \u0130l Jandarma Komutan Yard\u0131mc\u0131s\u0131 Ali Kahraman ile e\u015fi Bur\u00e7in H\u0131zl\u0131 Kahraman tutukland\u0131.<\/p>\n\n\n\n<p class=\"wp-block-paragraph\">Soru\u015fturma dosyas\u0131ndaki Plaka Tan\u0131ma Sistemi kay\u0131tlar\u0131na g\u00f6re \u00e7iftin arac\u0131, Doku\u2019nun son g\u00f6r\u00fcld\u00fc\u011f\u00fc Sar\u0131saltuk K\u00f6pr\u00fcs\u00fc\u2019nden saat 12.27\u2019de, Doku\u2019nun son g\u00f6r\u00fclmesinden yakla\u015f\u0131k iki dakika sonra ge\u00e7ti. Ayn\u0131 dakikalarda Bur\u00e7in H\u0131zl\u0131 Kahraman\u2019\u0131n, d\u00f6nemin Tunceli Valisi Tuncay Sonel\u2019in e\u015fi Handan Sonel ile telefon g\u00f6r\u00fc\u015fmesi yapt\u0131\u011f\u0131 belirlendi.<\/p>\n\n\n\n<p class=\"wp-block-paragraph\">Kahraman \u00e7ifti ifadelerinde G\u00fclistan Doku\u2019yu g\u00f6rmediklerini ve ara\u00e7lar\u0131na almad\u0131klar\u0131n\u0131 s\u00f6yledi. Telefon g\u00f6r\u00fc\u015fmesinin ise te\u015fekk\u00fcr ama\u00e7l\u0131 oldu\u011funu savundu. Sulh ceza hakimli\u011fi \u00e7iftin tutuklanmas\u0131na karar verdi.<\/p>\n\n\n\n<p class=\"wp-block-paragraph\">Soru\u015fturmada ayr\u0131ca Ali Kahraman\u2019\u0131n, Doku\u2019nun kaybolmas\u0131ndan \u00f6nce Tuncay Sonel\u2019e \u201cya\u015fam alanl\u0131 kule bilgileri\u201d ba\u015fl\u0131kl\u0131 bir Excel dosyas\u0131 g\u00f6nderdi\u011fi ortaya \u00e7\u0131kt\u0131. Kahraman, s\u00f6z konusu verileri Sonel\u2019in acil talebi \u00fczerine jandarma personelinden temin etti\u011fini ileri s\u00fcrd\u00fc.<\/p>\n\n\n\n<p class=\"wp-block-paragraph\">Kahraman, savc\u0131l\u0131k ifadesinde Sonel hakk\u0131nda, korucular \u00fczerinde etkili olabilecek ve insanlar\u0131 manip\u00fcle edebilecek bir yap\u0131ya sahip oldu\u011funu d\u00fc\u015f\u00fcnd\u00fc\u011f\u00fcn\u00fc de s\u00f6yledi.<\/p>\n\n\n\n<p class=\"wp-block-paragraph\">G\u00fclistan Doku soru\u015fturmas\u0131nda yeni tutuklamalarla birlikte k\u00f6pr\u00fc ge\u00e7i\u015f kay\u0131tlar\u0131, telefon g\u00f6r\u00fc\u015fmeleri ve kule verilerinin payla\u015f\u0131lmas\u0131na ili\u015fkin iddialar yeniden g\u00fcndeme geldi.<\/p>\n","protected":false},"excerpt":{"rendered":"<p>G\u00fclistan Doku\u2019nun 5 Ocak 2020\u2019de kaybolmas\u0131na ili\u015fkin&#46;&#46;&#46;<\/p>\n","protected":false},"author":3,"featured_media":10471,"comment_status":"closed","ping_status":"closed","sticky":false,"template":"","format":"standard","meta":{"footnotes":""},"categories":[5,29],"tags":[],"manset":[],"bilesen":[],"class_list":["post-10470","post","type-post","status-publish","format-standard","has-post-thumbnail","hentry","category-etkinlikler","category-manset"],"amp_enabled":true,"_links":{"self":[{"href":"https:\/\/kolektifmucadele1.org\/index.php\/wp-json\/wp\/v2\/posts\/10470","targetHints":{"allow":["GET"]}}],"collection":[{"href":"https:\/\/kolektifmucadele1.org\/index.php\/wp-json\/wp\/v2\/posts"}],"about":[{"href":"https:\/\/kolektifmucadele1.org\/index.php\/wp-json\/wp\/v2\/types\/post"}],"author":[{"embeddable":true,"href":"https:\/\/kolektifmucadele1.org\/index.php\/wp-json\/wp\/v2\/users\/3"}],"replies":[{"embeddable":true,"href":"https:\/\/kolektifmucadele1.org\/index.php\/wp-json\/wp\/v2\/comments?post=10470"}],"version-history":[{"count":1,"href":"https:\/\/kolektifmucadele1.org\/index.php\/wp-json\/wp\/v2\/posts\/10470\/revisions"}],"predecessor-version":[{"id":10472,"href":"https:\/\/kolektifmucadele1.org\/index.php\/wp-json\/wp\/v2\/posts\/10470\/revisions\/10472"}],"wp:featuredmedia":[{"embeddable":true,"href":"https:\/\/kolektifmucadele1.org\/index.php\/wp-json\/wp\/v2\/media\/10471"}],"wp:attachment":[{"href":"https:\/\/kolektifmucadele1.org\/index.php\/wp-json\/wp\/v2\/media?parent=10470"}],"wp:term":[{"taxonomy":"category","embeddable":true,"href":"https:\/\/kolektifmucadele1.org\/index.php\/wp-json\/wp\/v2\/categories?post=10470"},{"taxonomy":"post_tag","embeddable":true,"href":"https:\/\/kolektifmucadele1.org\/index.php\/wp-json\/wp\/v2\/tags?post=10470"},{"taxonomy":"manset","embeddable":true,"href":"https:\/\/kolektifmucadele1.org\/index.php\/wp-json\/wp\/v2\/manset?post=10470"},{"taxonomy":"bilesen","embeddable":true,"href":"https:\/\/kolektifmucadele1.org\/index.php\/wp-json\/wp\/v2\/bilesen?post=10470"}],"curies":[{"name":"wp","href":"https:\/\/api.w.org\/{rel}","templated":true}]}}