{"id":10473,"date":"2026-09-04T13:07:57","date_gmt":"2026-09-04T10:07:57","guid":{"rendered":"https:\/\/kolektifmucadele1.org\/?p=10473"},"modified":"2026-09-04T13:07:57","modified_gmt":"2026-09-04T10:07:57","slug":"mersin-limaninda-kimyasal-sizinti-35-isci-hastaneye-kaldirildi","status":"publish","type":"post","link":"https:\/\/kolektifmucadele1.org\/index.php\/2026\/09\/04\/mersin-limaninda-kimyasal-sizinti-35-isci-hastaneye-kaldirildi\/","title":{"rendered":"Mersin Liman\u0131\u2019nda kimyasal s\u0131z\u0131nt\u0131: 35 i\u015f\u00e7i hastaneye kald\u0131r\u0131ld\u0131"},"content":{"rendered":"\n<p class=\"wp-block-paragraph\">Mersin Uluslararas\u0131 Liman\u0131\u2019nda kimyasal madde ta\u015f\u0131yan bir konteynerin \u00fczerine i\u015f makinesinin devrilmesi sonucu s\u0131z\u0131nt\u0131 meydana geldi. Yo\u011fun kokudan etkilenen 35 i\u015f\u00e7i tedbir amac\u0131yla hastaneye kald\u0131r\u0131ld\u0131.<\/p>\n\n\n\n<p class=\"wp-block-paragraph\">Olay\u0131n ard\u0131ndan limandaki operasyonlar ge\u00e7ici olarak durduruldu, \u00e7al\u0131\u015fanlar g\u00fcvenli b\u00f6lgeye \u00e7\u0131kar\u0131ld\u0131.<\/p>\n\n\n\n<p class=\"wp-block-paragraph\">Mersin Valili\u011fi, kazan\u0131n 4 Eyl\u00fcl 2026 saat 02.20 s\u0131ralar\u0131nda meydana geldi\u011fini a\u00e7\u0131klad\u0131. AFAD ekiplerinin incelemesinde s\u0131zan maddenin etil akrilat oldu\u011fu de\u011ferlendirildi.<\/p>\n\n\n\n<p class=\"wp-block-paragraph\">KBRN ekiplerinin yapt\u0131\u011f\u0131 \u00f6l\u00e7\u00fcmlerde olumsuz bir de\u011fere rastlanmad\u0131\u011f\u0131, konteynerin ise izole alandaki g\u00fcvenlik havuzuna ta\u015f\u0131nd\u0131\u011f\u0131 bildirildi.<\/p>\n\n\n\n<p class=\"wp-block-paragraph\">Valilik, hastaneye kald\u0131r\u0131lan 35 ki\u015finin genel sa\u011fl\u0131k durumunun iyi oldu\u011funu ve sa\u011fl\u0131k g\u00f6zetimlerinin s\u00fcrd\u00fc\u011f\u00fcn\u00fc a\u00e7\u0131klad\u0131.<\/p>\n","protected":false},"excerpt":{"rendered":"<p>Mersin Uluslararas\u0131 Liman\u0131\u2019nda kimyasal madde ta\u015f\u0131yan bir&#46;&#46;&#46;<\/p>\n","protected":false},"author":3,"featured_media":10474,"comment_status":"closed","ping_status":"closed","sticky":false,"template":"","format":"standard","meta":{"footnotes":""},"categories":[6,5,29],"tags":[],"manset":[],"bilesen":[],"class_list":["post-10473","post","type-post","status-publish","format-standard","has-post-thumbnail","hentry","category-emek","category-etkinlikler","category-manset"],"amp_enabled":true,"_links":{"self":[{"href":"https:\/\/kolektifmucadele1.org\/index.php\/wp-json\/wp\/v2\/posts\/10473","targetHints":{"allow":["GET"]}}],"collection":[{"href":"https:\/\/kolektifmucadele1.org\/index.php\/wp-json\/wp\/v2\/posts"}],"about":[{"href":"https:\/\/kolektifmucadele1.org\/index.php\/wp-json\/wp\/v2\/types\/post"}],"author":[{"embeddable":true,"href":"https:\/\/kolektifmucadele1.org\/index.php\/wp-json\/wp\/v2\/users\/3"}],"replies":[{"embeddable":true,"href":"https:\/\/kolektifmucadele1.org\/index.php\/wp-json\/wp\/v2\/comments?post=10473"}],"version-history":[{"count":1,"href":"https:\/\/kolektifmucadele1.org\/index.php\/wp-json\/wp\/v2\/posts\/10473\/revisions"}],"predecessor-version":[{"id":10475,"href":"https:\/\/kolektifmucadele1.org\/index.php\/wp-json\/wp\/v2\/posts\/10473\/revisions\/10475"}],"wp:featuredmedia":[{"embeddable":true,"href":"https:\/\/kolektifmucadele1.org\/index.php\/wp-json\/wp\/v2\/media\/10474"}],"wp:attachment":[{"href":"https:\/\/kolektifmucadele1.org\/index.php\/wp-json\/wp\/v2\/media?parent=10473"}],"wp:term":[{"taxonomy":"category","embeddable":true,"href":"https:\/\/kolektifmucadele1.org\/index.php\/wp-json\/wp\/v2\/categories?post=10473"},{"taxonomy":"post_tag","embeddable":true,"href":"https:\/\/kolektifmucadele1.org\/index.php\/wp-json\/wp\/v2\/tags?post=10473"},{"taxonomy":"manset","embeddable":true,"href":"https:\/\/kolektifmucadele1.org\/index.php\/wp-json\/wp\/v2\/manset?post=10473"},{"taxonomy":"bilesen","embeddable":true,"href":"https:\/\/kolektifmucadele1.org\/index.php\/wp-json\/wp\/v2\/bilesen?post=10473"}],"curies":[{"name":"wp","href":"https:\/\/api.w.org\/{rel}","templated":true}]}}