{"id":10476,"date":"2026-09-04T13:11:41","date_gmt":"2026-09-04T10:11:41","guid":{"rendered":"https:\/\/kolektifmucadele1.org\/?p=10476"},"modified":"2026-09-04T13:11:42","modified_gmt":"2026-09-04T10:11:42","slug":"cemil-bayiktan-surec-aciklamasi-ocalan-ve-yonetici-kadronun-durumu-netlesmeli","status":"publish","type":"post","link":"https:\/\/kolektifmucadele1.org\/index.php\/2026\/09\/04\/cemil-bayiktan-surec-aciklamasi-ocalan-ve-yonetici-kadronun-durumu-netlesmeli\/","title":{"rendered":"Cemil Bay\u0131k\u2019tan s\u00fcre\u00e7 a\u00e7\u0131klamas\u0131: \u201c\u00d6calan ve y\u00f6netici kadronun durumu netle\u015fmeli\u201d"},"content":{"rendered":"\n<p class=\"wp-block-paragraph\">Cemil Bay\u0131k, iktidar\u0131n \u201cTer\u00f6rs\u00fcz T\u00fcrkiye\u201d olarak adland\u0131rd\u0131\u011f\u0131 s\u00fcrece ili\u015fkin de\u011ferlendirmelerde bulundu. Bay\u0131k, demokratikle\u015fme ad\u0131mlar\u0131n\u0131n at\u0131lmamas\u0131 halinde s\u00fcrecin t\u0131kanaca\u011f\u0131n\u0131 ve sorumlulu\u011fun iktidarda olaca\u011f\u0131n\u0131 s\u00f6yledi.<\/p>\n\n\n\n<p class=\"wp-block-paragraph\">ANF\u2019ye konu\u015fan Bay\u0131k, TBMM\u2019de kabul edilen \u00e7er\u00e7eve yasay\u0131 bir ba\u015flang\u0131\u00e7 olarak de\u011ferlendirdi ancak yasan\u0131n demokratikle\u015fme ad\u0131mlar\u0131n\u0131 yeterince i\u00e7ermedi\u011fini ifade etti..<\/p>\n\n\n\n<p class=\"wp-block-paragraph\">Silah b\u0131rakma s\u00fcrecinin demokratik siyasete ge\u00e7i\u015f amac\u0131 ta\u015f\u0131d\u0131\u011f\u0131n\u0131 belirten Bay\u0131k, \u201cBu s\u00fcre\u00e7 sadece silahs\u0131zlanma de\u011fildir. Demokratik siyasal alana ad\u0131m atmak i\u00e7in silah b\u0131rak\u0131lacakt\u0131r\u201d dedi.<\/p>\n\n\n\n<p class=\"wp-block-paragraph\">S\u00fcrecin demokratik ad\u0131mlarla desteklenmesi gerekti\u011fini ifade eden Bay\u0131k, aksi durumda s\u00fcrecin t\u0131kanabilece\u011fini belirterek bunun sorumlulu\u011funun iktidara ait olaca\u011f\u0131n\u0131 s\u00f6yledi.<\/p>\n\n\n\n<p class=\"wp-block-paragraph\">Bay\u0131k, Abdullah \u00d6calan ile PKK\u2019nin \u00fcst d\u00fczey y\u00f6neticilerinin durumunun da netle\u015ftirilmesi gerekti\u011fini vurgulad\u0131. Y\u00f6netici kadronun \u00f6nemli b\u00f6l\u00fcm\u00fcn\u00fcn \u00e7er\u00e7eve yasa d\u0131\u015f\u0131nda b\u0131rak\u0131lmas\u0131n\u0131n sorun olu\u015fturdu\u011funu belirten Bay\u0131k, T\u00fcrkiye\u2019ye d\u00f6n\u00fc\u015flerin g\u00fcndeme gelebilmesi i\u00e7in bu konunun \u00e7\u00f6z\u00fclmesi gerekti\u011fini ifade etti.<\/p>\n\n\n\n<p class=\"wp-block-paragraph\">K\u00fcrt sorununun \u00e7\u00f6z\u00fcm\u00fcnde belirleyici kurumun TBMM olaca\u011f\u0131n\u0131 s\u00f6yleyen Bay\u0131k, anayasa ve yasalarda yap\u0131lacak de\u011fi\u015fikliklerle K\u00fcrtlerin dili, k\u00fclt\u00fcr\u00fc, siyasi iradesi ve yerel y\u00f6netim haklar\u0131n\u0131n tan\u0131nmas\u0131 gerekti\u011fini ifade etti .<\/p>\n","protected":false},"excerpt":{"rendered":"<p>Cemil Bay\u0131k, iktidar\u0131n \u201cTer\u00f6rs\u00fcz T\u00fcrkiye\u201d olarak adland\u0131rd\u0131\u011f\u0131&#46;&#46;&#46;<\/p>\n","protected":false},"author":3,"featured_media":10477,"comment_status":"closed","ping_status":"closed","sticky":false,"template":"","format":"standard","meta":{"footnotes":""},"categories":[5,29],"tags":[],"manset":[],"bilesen":[],"class_list":["post-10476","post","type-post","status-publish","format-standard","has-post-thumbnail","hentry","category-etkinlikler","category-manset"],"amp_enabled":true,"_links":{"self":[{"href":"https:\/\/kolektifmucadele1.org\/index.php\/wp-json\/wp\/v2\/posts\/10476","targetHints":{"allow":["GET"]}}],"collection":[{"href":"https:\/\/kolektifmucadele1.org\/index.php\/wp-json\/wp\/v2\/posts"}],"about":[{"href":"https:\/\/kolektifmucadele1.org\/index.php\/wp-json\/wp\/v2\/types\/post"}],"author":[{"embeddable":true,"href":"https:\/\/kolektifmucadele1.org\/index.php\/wp-json\/wp\/v2\/users\/3"}],"replies":[{"embeddable":true,"href":"https:\/\/kolektifmucadele1.org\/index.php\/wp-json\/wp\/v2\/comments?post=10476"}],"version-history":[{"count":1,"href":"https:\/\/kolektifmucadele1.org\/index.php\/wp-json\/wp\/v2\/posts\/10476\/revisions"}],"predecessor-version":[{"id":10478,"href":"https:\/\/kolektifmucadele1.org\/index.php\/wp-json\/wp\/v2\/posts\/10476\/revisions\/10478"}],"wp:featuredmedia":[{"embeddable":true,"href":"https:\/\/kolektifmucadele1.org\/index.php\/wp-json\/wp\/v2\/media\/10477"}],"wp:attachment":[{"href":"https:\/\/kolektifmucadele1.org\/index.php\/wp-json\/wp\/v2\/media?parent=10476"}],"wp:term":[{"taxonomy":"category","embeddable":true,"href":"https:\/\/kolektifmucadele1.org\/index.php\/wp-json\/wp\/v2\/categories?post=10476"},{"taxonomy":"post_tag","embeddable":true,"href":"https:\/\/kolektifmucadele1.org\/index.php\/wp-json\/wp\/v2\/tags?post=10476"},{"taxonomy":"manset","embeddable":true,"href":"https:\/\/kolektifmucadele1.org\/index.php\/wp-json\/wp\/v2\/manset?post=10476"},{"taxonomy":"bilesen","embeddable":true,"href":"https:\/\/kolektifmucadele1.org\/index.php\/wp-json\/wp\/v2\/bilesen?post=10476"}],"curies":[{"name":"wp","href":"https:\/\/api.w.org\/{rel}","templated":true}]}}