{"id":10479,"date":"2026-09-04T13:37:12","date_gmt":"2026-09-04T10:37:12","guid":{"rendered":"https:\/\/kolektifmucadele1.org\/?p=10479"},"modified":"2026-09-04T13:37:13","modified_gmt":"2026-09-04T10:37:13","slug":"kolnde-kisla-blokaji-genclerden-savas-ve-silahlanmaya-karsi-eylem","status":"publish","type":"post","link":"https:\/\/kolektifmucadele1.org\/index.php\/2026\/09\/04\/kolnde-kisla-blokaji-genclerden-savas-ve-silahlanmaya-karsi-eylem\/","title":{"rendered":"K\u00f6ln\u2019de k\u0131\u015fla blokaj\u0131: Gen\u00e7lerden sava\u015f ve silahlanmaya kar\u015f\u0131 eylem"},"content":{"rendered":"\n<p class=\"wp-block-paragraph\">Almanya\u2019n\u0131n K\u00f6ln kentinde sava\u015f ve silahlanma kar\u015f\u0131t\u0131 gen\u00e7ler, Bundeswehr\u2019e ait L\u00fcttich K\u0131\u015flas\u0131\u2019n\u0131n giri\u015flerini saatler boyunca bloke etti. \u201cRheinmetall\u2019i Silahs\u0131zland\u0131r\u0131n\u201d kamp\u0131 kapsam\u0131nda ger\u00e7ekle\u015ftirilen eylemde, Almanya\u2019n\u0131n h\u0131zlanan silahlanma politikalar\u0131na, Bundeswehr\u2019in g\u00fc\u00e7lendirilmesine ve gen\u00e7li\u011fin sava\u015f politikalar\u0131na yedeklenmesine kar\u015f\u0131 \u00e7\u0131k\u0131ld\u0131.<\/p>\n\n\n\n<p class=\"wp-block-paragraph\">Blokaj i\u00e7in L\u00fcttich K\u0131\u015flas\u0131\u2019n\u0131n se\u00e7ilmesi tesad\u00fcf de\u011fildi. K\u0131\u015flada Bundeswehr\u2019in personel y\u00f6netiminden sorumlu merkezi kurumlar\u0131ndan biri bulunuyor. Asker\u00ee personelin y\u00f6netimi ve yeni personel kazan\u0131m\u0131nda \u00f6nemli rol oynayan k\u0131\u015fla, eylemciler taraf\u0131ndan Alman sava\u015f makinesinin \u00f6nemli merkezlerinden biri olarak hedef al\u0131nd\u0131.<\/p>\n\n\n\n<p class=\"wp-block-paragraph\">Eylemde Filistin ve K\u00fcrdistan halklar\u0131yla dayan\u0131\u015fma sloganlar\u0131 da y\u00fckseldi. \u201cViva! Viva! Pal\u00e4stina!\u201d ve \u201cBij\u00ee Berxwedana Rojava!\u201d sloganlar\u0131yla sava\u015f kar\u015f\u0131t\u0131 m\u00fccadele ile halklar\u0131n i\u015fgal ve militarizme kar\u015f\u0131 direni\u015fleri aras\u0131nda ba\u011f kuruldu.<\/p>\n\n\n\n<h2 class=\"wp-block-heading\">POL\u0130S BLOKAJA SALDIRDI<\/h2>\n\n\n\n<p class=\"wp-block-paragraph\">Saatler s\u00fcren eylemin ard\u0131ndan polis blokaj\u0131 zor kullanarak da\u011f\u0131tmaya ba\u015flad\u0131. K\u00f6ln polisi, eylemcilerin y\u00fczlerini kapatmas\u0131n\u0131 ve bir toplant\u0131 sorumlusu belirlenmemesini gerek\u00e7e g\u00f6stererek eylemi sona erdirdi\u011fini a\u00e7\u0131klad\u0131.<\/p>\n\n\n\n<p class=\"wp-block-paragraph\">Eylemci kaynaklar\u0131 ise polis m\u00fcdahalesi s\u0131ras\u0131nda fiziksel \u015fiddet ve cinsel \u015fiddet uyguland\u0131\u011f\u0131n\u0131, sa\u011fl\u0131k g\u00f6revlilerinin yaral\u0131lara ula\u015fmas\u0131n\u0131n engellendi\u011fini bildirdi. \u00dc\u00e7 eylemcinin yaralanarak hastaneye kald\u0131r\u0131ld\u0131\u011f\u0131 belirtildi. <\/p>\n\n\n\n<p class=\"wp-block-paragraph\">Kad\u0131n eylemciler polis m\u00fcdahalesine \u201cJin, Jiyan, Azad\u00ee\u201d ve \u201cBu devlet beni korumuyor, k\u0131z karde\u015flerim beni koruyor\u201d sloganlar\u0131yla kar\u015f\u0131l\u0131k verdi.<\/p>\n\n\n\n<p class=\"wp-block-paragraph\">G\u00f6zalt\u0131 ve polis m\u00fcdahalesinin ard\u0131ndan ayn\u0131 g\u00fcn K\u00f6ln-Ehrenfeld\u2019de dayan\u0131\u015fma y\u00fcr\u00fcy\u00fc\u015f\u00fc ger\u00e7ekle\u015ftirildi. Y\u00fcr\u00fcy\u00fc\u015fte polis \u015fiddeti, cinsel \u015fiddet ve \u0131rk\u00e7\u0131l\u0131k protesto edilirken \u201cBask\u0131lar bizi y\u0131ld\u0131ramaz\u201d slogan\u0131 \u00f6ne \u00e7\u0131kt\u0131.<\/p>\n\n\n\n<h2 class=\"wp-block-heading\">SAVA\u015eA PARA VAR, HALKA YOK<\/h2>\n\n\n\n<p class=\"wp-block-paragraph\">\u201cRheinmetall Entwaffnen\u201d kamp\u0131n\u0131n merkezinde Almanya\u2019n\u0131n h\u0131zlanan silahlanma politikalar\u0131, asker\u00ee harcamalar ve sava\u015f ekonomisi bulunuyor. Rheinmetall\u2019in 2026 y\u0131l\u0131n\u0131n ilk yar\u0131s\u0131nda sat\u0131\u015f ve k\u00e2rlar\u0131n\u0131 \u00f6nemli \u00f6l\u00e7\u00fcde art\u0131rmas\u0131 da sava\u015f\u0131n sermaye a\u00e7\u0131s\u0131ndan nas\u0131l b\u00fcy\u00fcyen bir pazara d\u00f6n\u00fc\u015ft\u00fc\u011f\u00fcn\u00fc g\u00f6steriyor.<\/p>\n\n\n\n<p class=\"wp-block-paragraph\">Eylemciler, \u00f6\u011fretmen, kre\u015f, sa\u011fl\u0131k ve sosyal hizmetler i\u00e7in s\u00fcrekli kaynak yetersizli\u011finden s\u00f6z edilirken asker\u00ee harcamalar\u0131n b\u00fcy\u00fct\u00fclmesine kar\u015f\u0131 \u00e7\u0131k\u0131yor.<\/p>\n\n\n\n<p class=\"wp-block-paragraph\">Sava\u015f yaln\u0131zca cephede ba\u015flam\u0131yor. Silah fabrikalarda \u00fcretiliyor, sava\u015f b\u00fct\u00e7eleri parlamentolarda haz\u0131rlan\u0131yor, askerler k\u0131\u015flalarda yeti\u015ftiriliyor ve gen\u00e7lik militarizmin insan kayna\u011f\u0131na d\u00f6n\u00fc\u015ft\u00fcr\u00fcl\u00fcyor.<\/p>\n\n\n\n<p class=\"wp-block-paragraph\">Bu nedenle K\u00f6ln\u2019deki blokaj yaln\u0131zca bir k\u0131\u015flan\u0131n \u00f6n\u00fcnde ger\u00e7ekle\u015ftirilen protesto de\u011fil, Almanya\u2019n\u0131n sava\u015f ve silahlanma politikas\u0131na kar\u015f\u0131 protestodur. <\/p>\n","protected":false},"excerpt":{"rendered":"<p>Almanya\u2019n\u0131n K\u00f6ln kentinde sava\u015f ve silahlanma kar\u015f\u0131t\u0131&#46;&#46;&#46;<\/p>\n","protected":false},"author":3,"featured_media":10480,"comment_status":"closed","ping_status":"closed","sticky":false,"template":"","format":"standard","meta":{"footnotes":""},"categories":[11,5,29],"tags":[],"manset":[],"bilesen":[],"class_list":["post-10479","post","type-post","status-publish","format-standard","has-post-thumbnail","hentry","category-dunya","category-etkinlikler","category-manset"],"amp_enabled":true,"_links":{"self":[{"href":"https:\/\/kolektifmucadele1.org\/index.php\/wp-json\/wp\/v2\/posts\/10479","targetHints":{"allow":["GET"]}}],"collection":[{"href":"https:\/\/kolektifmucadele1.org\/index.php\/wp-json\/wp\/v2\/posts"}],"about":[{"href":"https:\/\/kolektifmucadele1.org\/index.php\/wp-json\/wp\/v2\/types\/post"}],"author":[{"embeddable":true,"href":"https:\/\/kolektifmucadele1.org\/index.php\/wp-json\/wp\/v2\/users\/3"}],"replies":[{"embeddable":true,"href":"https:\/\/kolektifmucadele1.org\/index.php\/wp-json\/wp\/v2\/comments?post=10479"}],"version-history":[{"count":1,"href":"https:\/\/kolektifmucadele1.org\/index.php\/wp-json\/wp\/v2\/posts\/10479\/revisions"}],"predecessor-version":[{"id":10481,"href":"https:\/\/kolektifmucadele1.org\/index.php\/wp-json\/wp\/v2\/posts\/10479\/revisions\/10481"}],"wp:featuredmedia":[{"embeddable":true,"href":"https:\/\/kolektifmucadele1.org\/index.php\/wp-json\/wp\/v2\/media\/10480"}],"wp:attachment":[{"href":"https:\/\/kolektifmucadele1.org\/index.php\/wp-json\/wp\/v2\/media?parent=10479"}],"wp:term":[{"taxonomy":"category","embeddable":true,"href":"https:\/\/kolektifmucadele1.org\/index.php\/wp-json\/wp\/v2\/categories?post=10479"},{"taxonomy":"post_tag","embeddable":true,"href":"https:\/\/kolektifmucadele1.org\/index.php\/wp-json\/wp\/v2\/tags?post=10479"},{"taxonomy":"manset","embeddable":true,"href":"https:\/\/kolektifmucadele1.org\/index.php\/wp-json\/wp\/v2\/manset?post=10479"},{"taxonomy":"bilesen","embeddable":true,"href":"https:\/\/kolektifmucadele1.org\/index.php\/wp-json\/wp\/v2\/bilesen?post=10479"}],"curies":[{"name":"wp","href":"https:\/\/api.w.org\/{rel}","templated":true}]}}