{"id":10482,"date":"2026-09-04T21:31:33","date_gmt":"2026-09-04T18:31:33","guid":{"rendered":"https:\/\/kolektifmucadele1.org\/?p=10482"},"modified":"2026-09-04T21:31:34","modified_gmt":"2026-09-04T18:31:34","slug":"bagimsiz-maden-is-yoneticileri-gokay-cakir-ve-basaran-aksu-tahliye-edildi","status":"publish","type":"post","link":"https:\/\/kolektifmucadele1.org\/index.php\/2026\/09\/04\/bagimsiz-maden-is-yoneticileri-gokay-cakir-ve-basaran-aksu-tahliye-edildi\/","title":{"rendered":"Ba\u011f\u0131ms\u0131z Maden-\u0130\u015f y\u00f6neticileri G\u00f6kay \u00c7ak\u0131r ve Ba\u015faran Aksu tahliye edildi"},"content":{"rendered":"\n<p class=\"wp-block-paragraph\"><strong>Y\u0131ld\u0131zlar SSS Holding b\u00fcnyesindeki Doruk Madencilik ve Eti G\u00fcm\u00fc\u015f i\u015f\u00e7ilerinin \u00f6denmeyen \u00fccret, tazminat ve di\u011fer i\u015f\u00e7ilik alacaklar\u0131 i\u00e7in y\u00fcr\u00fctt\u00fc\u011f\u00fc hak m\u00fccadelesi s\u0131ras\u0131nda tutuklanan Ba\u011f\u0131ms\u0131z Maden-\u0130\u015f Genel Ba\u015fkan\u0131 G\u00f6kay \u00c7ak\u0131r ile sendikan\u0131n \u00d6rg\u00fctlenme Uzman\u0131 Ba\u015faran Aksu, 10 g\u00fcnl\u00fck tutuklulu\u011fun ard\u0131ndan tahliye edildi.<\/strong><\/p>\n\n\n\n<p class=\"wp-block-paragraph\">Ba\u011f\u0131ms\u0131z Maden-\u0130\u015f Genel Ba\u015fkan\u0131 G\u00f6kay \u00c7ak\u0131r ile \u00d6rg\u00fctlenme Uzman\u0131 Ba\u015faran Aksu hakk\u0131nda 4 Eyl\u00fcl\u2019de tahliye karar\u0131 verildi. \u0130ki sendikac\u0131, Y\u0131ld\u0131zlar SSS Holding\u2019e ba\u011fl\u0131 Doruk Madencilik ve Eti G\u00fcm\u00fc\u015f i\u015fletmelerinde \u00e7al\u0131\u015fan i\u015f\u00e7ilerin \u00f6denmeyen \u00fccret ve tazminatlar\u0131n\u0131n \u00f6denmesi talebiyle y\u00fcr\u00fct\u00fclen eylemler s\u0131ras\u0131nda g\u00f6zalt\u0131na al\u0131nm\u0131\u015f, 26 A\u011fustos\u2019ta tutuklanm\u0131\u015ft\u0131.<\/p>\n\n\n\n<p class=\"wp-block-paragraph\">Tahliye karar\u0131n\u0131 sosyal medya hesab\u0131ndan duyuran Ba\u011f\u0131ms\u0131z Maden-\u0130\u015f, \u00c7ak\u0131r ile a\u00e7l\u0131k grevindeki Aksu\u2019nun serbest b\u0131rak\u0131ld\u0131\u011f\u0131n\u0131 a\u00e7\u0131klad\u0131. Sendikan\u0131n payla\u015f\u0131m\u0131nda, <strong>\u201cMadenciler ba\u015fta olmak \u00fczere t\u00fcm i\u015f\u00e7i s\u0131n\u0131f\u0131n\u0131n g\u00f6z\u00fc ayd\u0131n. Holdingleri \u00fczmeye devam edece\u011fiz\u201d<\/strong> denildi.<\/p>\n\n\n\n<h2 class=\"wp-block-heading\">Sosyal medya payla\u015f\u0131mlar\u0131 su\u00e7lamaya dayanak g\u00f6sterildi<\/h2>\n\n\n\n<p class=\"wp-block-paragraph\">Ba\u015faran Aksu, madencilerin Ankara\u2019da Enerji ve Tabii Kaynaklar Bakanl\u0131\u011f\u0131 \u00f6n\u00fcnde s\u00fcrd\u00fcrd\u00fc\u011f\u00fc eylem s\u0131ras\u0131nda g\u00f6zalt\u0131na al\u0131n\u0131rken, G\u00f6kay \u00c7ak\u0131r ise Soma\u2019daki sendika genel merkezinde g\u00f6zalt\u0131na al\u0131nd\u0131.<\/p>\n\n\n\n<p class=\"wp-block-paragraph\">Savc\u0131l\u0131k, iki sendikac\u0131y\u0131 sosyal medya payla\u015f\u0131mlar\u0131 ve eylem s\u00fcrecindeki faaliyetleri \u00fczerinden \u201chalk\u0131 kin ve d\u00fc\u015fmanl\u0131\u011fa tahrik\u201d su\u00e7lamas\u0131yla tutuklama talebiyle sulh ceza h\u00e2kimli\u011fine sevk etti. \u00c7ak\u0131r ve Aksu, 26 A\u011fustos\u2019ta \u00e7\u0131kar\u0131ld\u0131klar\u0131 h\u00e2kimlik\u00e7e tutukland\u0131. Tutuklama karar\u0131nda sosyal medya payla\u015f\u0131mlar\u0131n\u0131n yan\u0131 s\u0131ra sendikac\u0131lar\u0131n \u201ckitleler \u00fczerindeki sevk ve idare yetkinliklerine\u201d de at\u0131fta bulunuldu.<\/p>\n\n\n\n<p class=\"wp-block-paragraph\">Aksu, tutuklanmas\u0131n\u0131n ard\u0131ndan Sincan Cezaevi\u2019ne, \u00c7ak\u0131r ise Akhisar T Tipi Cezaevi\u2019ne g\u00f6nderildi.<\/p>\n\n\n\n<h2 class=\"wp-block-heading\">Aksu a\u00e7l\u0131k grevine ba\u015flam\u0131\u015ft\u0131<\/h2>\n\n\n\n<p class=\"wp-block-paragraph\">Ba\u015faran Aksu, tutuklulu\u011funun yedinci g\u00fcn\u00fcnde tahliye talebiyle a\u00e7l\u0131k grevine ba\u015flad\u0131. Ba\u011f\u0131ms\u0131z Maden-\u0130\u015f, 1 Eyl\u00fcl\u2019de yapt\u0131\u011f\u0131 a\u00e7\u0131klamada Aksu\u2019nun saat 17.00 itibar\u0131yla a\u00e7l\u0131k grevine ba\u015flad\u0131\u011f\u0131n\u0131 duyurdu. Aksu, tutuklulu\u011funu ve sendikal haklara y\u00f6nelik m\u00fcdahaleleri protesto etti\u011fini belirterek serbest b\u0131rak\u0131lmas\u0131n\u0131 talep etti.<\/p>\n\n\n\n<p class=\"wp-block-paragraph\">Tahliye karar\u0131n\u0131n verildi\u011fi 4 Eyl\u00fcl itibar\u0131yla Aksu\u2019nun a\u00e7l\u0131k grevi be\u015finci g\u00fcn\u00fcndeydi. Sendika da tahliye duyurusunda Aksu\u2019nun be\u015f g\u00fcnd\u00fcr a\u00e7l\u0131k grevinde oldu\u011funu belirtti.<\/p>\n\n\n\n<p class=\"wp-block-paragraph\">Aksu, tahliyesinin ard\u0131ndan a\u00e7l\u0131k grevine son verdi.<\/p>\n\n\n\n<h2 class=\"wp-block-heading\">Madenciler \u00f6denmeyen alacaklar\u0131 i\u00e7in eylem yapm\u0131\u015ft\u0131<\/h2>\n\n\n\n<p class=\"wp-block-paragraph\">Doruk Madencilik ve Eti G\u00fcm\u00fc\u015f i\u015f\u00e7ileri, aylard\u0131r \u00f6denmedi\u011fini belirttikleri \u00fccret, k\u0131dem ve ihbar tazminatlar\u0131 ile di\u011fer i\u015f\u00e7ilik alacaklar\u0131n\u0131n tahsili i\u00e7in Ankara\u2019da eylemler ger\u00e7ekle\u015ftirmi\u015fti. Enerji ve Tabii Kaynaklar Bakanl\u0131\u011f\u0131 \u00f6n\u00fcne ta\u015f\u0131nan eylemler s\u0131ras\u0131nda \u00e7ok say\u0131da g\u00f6zalt\u0131 ya\u015fan\u0131rken, Aksu da farkl\u0131 tarihlerde defalarca g\u00f6zalt\u0131na al\u0131nd\u0131.<\/p>\n\n\n\n<p class=\"wp-block-paragraph\">\u00c7ak\u0131r ve Aksu\u2019nun tutuklanmas\u0131n\u0131n ard\u0131ndan sendika ve \u00e7e\u015fitli emek \u00f6rg\u00fctleri karara tepki g\u00f6stermi\u015f, iki sendikac\u0131n\u0131n serbest b\u0131rak\u0131lmas\u0131 i\u00e7in \u00e7a\u011fr\u0131lar yap\u0131lm\u0131\u015ft\u0131. 10 g\u00fcnl\u00fck tutuklulu\u011fun ard\u0131ndan verilen tahliye karar\u0131yla \u00c7ak\u0131r ve Aksu cezaevinden \u00e7\u0131kt\u0131.<\/p>\n","protected":false},"excerpt":{"rendered":"<p>Y\u0131ld\u0131zlar SSS Holding b\u00fcnyesindeki Doruk Madencilik ve&#46;&#46;&#46;<\/p>\n","protected":false},"author":3,"featured_media":10483,"comment_status":"closed","ping_status":"closed","sticky":false,"template":"","format":"standard","meta":{"footnotes":""},"categories":[6,5,29],"tags":[],"manset":[],"bilesen":[],"class_list":["post-10482","post","type-post","status-publish","format-standard","has-post-thumbnail","hentry","category-emek","category-etkinlikler","category-manset"],"amp_enabled":true,"_links":{"self":[{"href":"https:\/\/kolektifmucadele1.org\/index.php\/wp-json\/wp\/v2\/posts\/10482","targetHints":{"allow":["GET"]}}],"collection":[{"href":"https:\/\/kolektifmucadele1.org\/index.php\/wp-json\/wp\/v2\/posts"}],"about":[{"href":"https:\/\/kolektifmucadele1.org\/index.php\/wp-json\/wp\/v2\/types\/post"}],"author":[{"embeddable":true,"href":"https:\/\/kolektifmucadele1.org\/index.php\/wp-json\/wp\/v2\/users\/3"}],"replies":[{"embeddable":true,"href":"https:\/\/kolektifmucadele1.org\/index.php\/wp-json\/wp\/v2\/comments?post=10482"}],"version-history":[{"count":1,"href":"https:\/\/kolektifmucadele1.org\/index.php\/wp-json\/wp\/v2\/posts\/10482\/revisions"}],"predecessor-version":[{"id":10484,"href":"https:\/\/kolektifmucadele1.org\/index.php\/wp-json\/wp\/v2\/posts\/10482\/revisions\/10484"}],"wp:featuredmedia":[{"embeddable":true,"href":"https:\/\/kolektifmucadele1.org\/index.php\/wp-json\/wp\/v2\/media\/10483"}],"wp:attachment":[{"href":"https:\/\/kolektifmucadele1.org\/index.php\/wp-json\/wp\/v2\/media?parent=10482"}],"wp:term":[{"taxonomy":"category","embeddable":true,"href":"https:\/\/kolektifmucadele1.org\/index.php\/wp-json\/wp\/v2\/categories?post=10482"},{"taxonomy":"post_tag","embeddable":true,"href":"https:\/\/kolektifmucadele1.org\/index.php\/wp-json\/wp\/v2\/tags?post=10482"},{"taxonomy":"manset","embeddable":true,"href":"https:\/\/kolektifmucadele1.org\/index.php\/wp-json\/wp\/v2\/manset?post=10482"},{"taxonomy":"bilesen","embeddable":true,"href":"https:\/\/kolektifmucadele1.org\/index.php\/wp-json\/wp\/v2\/bilesen?post=10482"}],"curies":[{"name":"wp","href":"https:\/\/api.w.org\/{rel}","templated":true}]}}