{"id":10485,"date":"2026-09-04T21:41:59","date_gmt":"2026-09-04T18:41:59","guid":{"rendered":"https:\/\/kolektifmucadele1.org\/?p=10485"},"modified":"2026-09-04T21:41:59","modified_gmt":"2026-09-04T18:41:59","slug":"zurihte-junge-tat-davasi-alti-uye-hakim-karsisinda-mahkeme-onunde-protesto","status":"publish","type":"post","link":"https:\/\/kolektifmucadele1.org\/index.php\/2026\/09\/04\/zurihte-junge-tat-davasi-alti-uye-hakim-karsisinda-mahkeme-onunde-protesto\/","title":{"rendered":"Z\u00fcrih\u2019te Junge Tat davas\u0131: Alt\u0131 \u00fcye h\u00e2kim kar\u015f\u0131s\u0131nda, mahkeme \u00f6n\u00fcnde protesto"},"content":{"rendered":"\n<p class=\"wp-block-paragraph\"><strong>Z\u00dcR\u0130H \u2013 \u0130svi\u00e7re\u2019de a\u015f\u0131r\u0131 sa\u011fc\u0131 olarak s\u0131n\u0131fland\u0131r\u0131lan Junge Tat grubunun alt\u0131 \u00fcyesi, 4 Eyl\u00fcl Cuma g\u00fcn\u00fc Z\u00fcrih B\u00f6lge Mahkemesi\u2019nde h\u00e2kim kar\u015f\u0131s\u0131na \u00e7\u0131kt\u0131. Duru\u015fma \u00f6ncesinde mahkeme binas\u0131 \u00f6n\u00fcnde 100\u2019\u00fc a\u015fk\u0131n ki\u015fi a\u015f\u0131r\u0131 sa\u011fa kar\u015f\u0131 protesto d\u00fczenledi. San\u0131klar mahkemeye giri\u015fleri s\u0131ras\u0131nda protestocular\u0131n tepkisiyle kar\u015f\u0131la\u015ft\u0131.<\/strong><\/p>\n\n\n\n<p class=\"wp-block-paragraph\">Z\u00fcrih B\u00f6lge Mahkemesi\u2019nin resmi duru\u015fma takviminde, alt\u0131 san\u0131kla ba\u011flant\u0131l\u0131 dosyalar\u0131n 4 Eyl\u00fcl sabah\u0131 saat 08.00\u2019de g\u00f6r\u00fclmeye ba\u015fland\u0131\u011f\u0131 belirtiliyor. San\u0131klara y\u00f6neltilen su\u00e7lamalar aras\u0131nda ayr\u0131mc\u0131l\u0131k ve nefrete te\u015fvik ba\u015fta olmak \u00fczere farkl\u0131 su\u00e7lamalar bulunuyor.<\/p>\n\n\n\n<p class=\"wp-block-paragraph\">Davan\u0131n merkezinde Junge Tat \u00fcyelerinin 2022 y\u0131l\u0131nda Z\u00fcrih\u2019te ger\u00e7ekle\u015ftirdi\u011fi iki eylem yer al\u0131yor. Bunlardan ilki Haziran 2022\u2019de d\u00fczenlenen bir Pride ayinine y\u00f6nelik eylem. Grup \u00fcyeleri kiliseye \u00fczerinde <strong>\u201cNOPRIDEMONTH\u201d<\/strong> (\u201cPride Ay\u0131na Hay\u0131r) yaz\u0131l\u0131 b\u00fcy\u00fck bir ah\u015fap ha\u00e7 ta\u015f\u0131yarak b\u0131rakt\u0131. Savc\u0131l\u0131k bu eylemi ayr\u0131mc\u0131l\u0131k ve nefrete te\u015fvikin yan\u0131 s\u0131ra inan\u00e7 ve ibadet \u00f6zg\u00fcrl\u00fc\u011f\u00fcn\u00fcn ihlali kapsam\u0131nda de\u011ferlendiriyor.<\/p>\n\n\n\n<p class=\"wp-block-paragraph\">\u0130kinci \u00f6nemli olay ise Ekim 2022\u2019de Z\u00fcrih Tanzhaus\u2019ta \u00e7ocuklara y\u00f6nelik d\u00fczenlenen <strong>\u201cQueer Story Time\u201d<\/strong> etkinli\u011fi s\u0131ras\u0131nda ya\u015fand\u0131. Junge Tat \u00fcyeleri burada <strong>\u201cFamilie statt Gender-Ideologie\u201d<\/strong> (\u201cGender ideolojisi yerine aile\u201d) yaz\u0131l\u0131 pankartlarla protesto ger\u00e7ekle\u015ftirdi. Savc\u0131l\u0131k bu ve di\u011fer eylemlerin ceza hukukunun s\u0131n\u0131rlar\u0131n\u0131 a\u015ft\u0131\u011f\u0131n\u0131 savunuyor.<\/p>\n\n\n\n<p class=\"wp-block-paragraph\">Ancak dava yaln\u0131zca bu iki olaydan olu\u015fmuyor. \u0130ddianame, Junge Tat \u00fcyelerinin 2022 ile 2024 y\u0131llar\u0131 aras\u0131nda Z\u00fcrih, Basel, Winterthur ve St. Gallen\u2019de ger\u00e7ekle\u015ftirdi\u011fi \u00e7e\u015fitli protesto ve pankart eylemlerini de kaps\u0131yor. Su\u00e7lamalar aras\u0131nda konut ve i\u015fyeri dokunulmazl\u0131\u011f\u0131n\u0131n ihlali, zorlama, kamu d\u00fczeninin bozulmas\u0131, mala zarar verme, y\u00fcz\u00fc gizleme yasa\u011f\u0131n\u0131n ihlali ve baz\u0131 izinsiz bina veya \u00e7at\u0131 eylemleri de bulunuyor.<\/p>\n\n\n\n<h3 class=\"wp-block-heading\">Savc\u0131l\u0131k iki ana san\u0131k i\u00e7in 15\u2019er ay hapis istedi<\/h3>\n\n\n\n<p class=\"wp-block-paragraph\">Davan\u0131n ba\u015fl\u0131ca san\u0131klar\u0131 olarak g\u00f6sterilen Tobias Lingg ile Manuel Corchia i\u00e7in savc\u0131l\u0131k <strong>15\u2019er ay hapis cezas\u0131<\/strong> talep etti. Talebe g\u00f6re bu cezalar\u0131n alt\u0131 ay\u0131n\u0131n ko\u015fulsuz olarak infaz edilmesi, kalan b\u00f6l\u00fcm\u00fcn\u00fcn ise ertelenmesi \u00f6ng\u00f6r\u00fcl\u00fcyor. Di\u011fer san\u0131klar i\u00e7in ise \u015fartl\u0131 para cezalar\u0131 talep edildi.<\/p>\n\n\n\n<p class=\"wp-block-paragraph\">Savc\u0131, duru\u015fmadaki m\u00fctalaas\u0131nda davan\u0131n siyasi g\u00f6r\u00fc\u015fleri yarg\u0131lamaya y\u00f6nelik olmad\u0131\u011f\u0131n\u0131 savundu. \u0130fade \u00f6zg\u00fcrl\u00fc\u011f\u00fcn\u00fcn farkl\u0131 ve rahats\u0131z edici g\u00f6r\u00fc\u015fleri de korudu\u011funu belirten savc\u0131, ancak bu g\u00f6r\u00fc\u015flerin hayata ge\u00e7irilmesinde kullan\u0131lan her y\u00f6ntemin hukuk taraf\u0131ndan korunmad\u0131\u011f\u0131n\u0131 ifade etti.<\/p>\n\n\n\n<h3 class=\"wp-block-heading\">Savunma beraat talep ediyor<\/h3>\n\n\n\n<p class=\"wp-block-paragraph\">San\u0131klar\u0131n avukatlar\u0131 ise \u00f6zellikle ayr\u0131mc\u0131l\u0131k ve nefrete te\u015fvik su\u00e7lamalar\u0131na kar\u015f\u0131 \u00e7\u0131kt\u0131. Tobias Lingg\u2019in avukat\u0131 a\u011f\u0131r su\u00e7lamalar\u0131n \u00e7o\u011fundan beraat isterken yaln\u0131zca baz\u0131 daha hafif su\u00e7lamalar bak\u0131m\u0131ndan \u015fartl\u0131 para cezas\u0131n\u0131 kabul edilebilir g\u00f6rd\u00fc. Manuel Corchia\u2019n\u0131n avukat\u0131 ise m\u00fcvekkili i\u00e7in tamamen beraat talep etti.<\/p>\n\n\n\n<p class=\"wp-block-paragraph\">Savunma, Pride ayinindeki ha\u00e7 ve \u201cNOPRIDEMONTH\u201d ifadesinin ya da \u201cFamilie statt Gender-Ideologie\u201d slogan\u0131n\u0131n tek ba\u015f\u0131na cezai ayr\u0131mc\u0131l\u0131k olarak de\u011ferlendirilemeyece\u011fini ileri s\u00fcrerek eylemlerin ifade \u00f6zg\u00fcrl\u00fc\u011f\u00fc kapsam\u0131nda oldu\u011funu savundu.<\/p>\n\n\n\n<p class=\"wp-block-paragraph\">Alt\u0131 san\u0131\u011f\u0131n tamam\u0131 cuma g\u00fcn\u00fc mahkemedeki sorgular\u0131 s\u0131ras\u0131nda ifade vermeyi reddetti.<\/p>\n\n\n\n<p class=\"wp-block-paragraph\">Duru\u015fma kamuoyu ve medya taraf\u0131ndan yo\u011fun ilgiyle takip edilirken, mahkeme \u00f6n\u00fcnde de a\u015f\u0131r\u0131 sa\u011f kar\u015f\u0131t\u0131 g\u00f6steriler d\u00fczenlendi. G\u00fcn i\u00e7inde yay\u0131mlanan haberlerde protestocu say\u0131s\u0131 100\u2019\u00fcn \u00fczerinde olarak bildirilirken, TeleZ\u00fcri ak\u015fam yay\u0131n\u0131nda yakla\u015f\u0131k 200 ki\u015finin g\u00f6steriye kat\u0131ld\u0131\u011f\u0131n\u0131 aktard\u0131.<\/p>\n\n\n\n<p class=\"wp-block-paragraph\">Mahkemenin karar\u0131n\u0131n duru\u015fman\u0131n yap\u0131ld\u0131\u011f\u0131 g\u00fcn a\u00e7\u0131klanmas\u0131n\u0131n beklenmedi\u011fi bildirildi.<\/p>\n","protected":false},"excerpt":{"rendered":"<p>Z\u00dcR\u0130H \u2013 \u0130svi\u00e7re\u2019de a\u015f\u0131r\u0131 sa\u011fc\u0131 olarak s\u0131n\u0131fland\u0131r\u0131lan&#46;&#46;&#46;<\/p>\n","protected":false},"author":3,"featured_media":10486,"comment_status":"closed","ping_status":"closed","sticky":false,"template":"","format":"standard","meta":{"footnotes":""},"categories":[1],"tags":[],"manset":[],"bilesen":[],"class_list":["post-10485","post","type-post","status-publish","format-standard","has-post-thumbnail","hentry","category-blog"],"amp_enabled":true,"_links":{"self":[{"href":"https:\/\/kolektifmucadele1.org\/index.php\/wp-json\/wp\/v2\/posts\/10485","targetHints":{"allow":["GET"]}}],"collection":[{"href":"https:\/\/kolektifmucadele1.org\/index.php\/wp-json\/wp\/v2\/posts"}],"about":[{"href":"https:\/\/kolektifmucadele1.org\/index.php\/wp-json\/wp\/v2\/types\/post"}],"author":[{"embeddable":true,"href":"https:\/\/kolektifmucadele1.org\/index.php\/wp-json\/wp\/v2\/users\/3"}],"replies":[{"embeddable":true,"href":"https:\/\/kolektifmucadele1.org\/index.php\/wp-json\/wp\/v2\/comments?post=10485"}],"version-history":[{"count":1,"href":"https:\/\/kolektifmucadele1.org\/index.php\/wp-json\/wp\/v2\/posts\/10485\/revisions"}],"predecessor-version":[{"id":10487,"href":"https:\/\/kolektifmucadele1.org\/index.php\/wp-json\/wp\/v2\/posts\/10485\/revisions\/10487"}],"wp:featuredmedia":[{"embeddable":true,"href":"https:\/\/kolektifmucadele1.org\/index.php\/wp-json\/wp\/v2\/media\/10486"}],"wp:attachment":[{"href":"https:\/\/kolektifmucadele1.org\/index.php\/wp-json\/wp\/v2\/media?parent=10485"}],"wp:term":[{"taxonomy":"category","embeddable":true,"href":"https:\/\/kolektifmucadele1.org\/index.php\/wp-json\/wp\/v2\/categories?post=10485"},{"taxonomy":"post_tag","embeddable":true,"href":"https:\/\/kolektifmucadele1.org\/index.php\/wp-json\/wp\/v2\/tags?post=10485"},{"taxonomy":"manset","embeddable":true,"href":"https:\/\/kolektifmucadele1.org\/index.php\/wp-json\/wp\/v2\/manset?post=10485"},{"taxonomy":"bilesen","embeddable":true,"href":"https:\/\/kolektifmucadele1.org\/index.php\/wp-json\/wp\/v2\/bilesen?post=10485"}],"curies":[{"name":"wp","href":"https:\/\/api.w.org\/{rel}","templated":true}]}}