{"id":10504,"date":"2026-09-05T18:12:26","date_gmt":"2026-09-05T15:12:26","guid":{"rendered":"https:\/\/kolektifmucadele1.org\/?p=10504"},"modified":"2026-09-05T18:12:27","modified_gmt":"2026-09-05T15:12:27","slug":"cumartesi-anneleri-1119-haftada-fethi-ildir-icin-adalet-istedi","status":"publish","type":"post","link":"https:\/\/kolektifmucadele1.org\/index.php\/2026\/09\/05\/cumartesi-anneleri-1119-haftada-fethi-ildir-icin-adalet-istedi\/","title":{"rendered":"Cumartesi Anneleri 1119. haftada Fethi Ild\u0131r i\u00e7in adalet istedi"},"content":{"rendered":"\n<p class=\"wp-block-paragraph\">Cumartesi Anneleri, g\u00f6zalt\u0131nda kaybedilen yak\u0131nlar\u0131n\u0131n ak\u0131betini sormak ve faillerin yarg\u0131lanmas\u0131n\u0131 talep etmek i\u00e7in s\u00fcrd\u00fcrd\u00fckleri m\u00fccadelenin 1119. haftas\u0131nda bir kez daha Galatasaray Meydan\u0131\u2019ndayd\u0131. Kay\u0131p yak\u0131nlar\u0131, polis barikatlar\u0131 \u00f6n\u00fcnde yapt\u0131klar\u0131 a\u00e7\u0131klamada 33 y\u0131l \u00f6nce \u015e\u0131rnak\u2019ta ka\u00e7\u0131r\u0131lan ve daha sonra a\u011f\u0131r i\u015fkence izleri ta\u015f\u0131yan bedeni bulunan 18 ya\u015f\u0131ndaki Fethi Ild\u0131r i\u00e7in adalet istedi.<\/p>\n\n\n\n<p class=\"wp-block-paragraph\">A\u00e7\u0131klamay\u0131 \u0130nsan Haklar\u0131 Derne\u011fi eski E\u015f Genel Ba\u015fkan\u0131 Eren Keskin okudu. Keskin, zorla kaybetme dosyalar\u0131nda y\u0131llard\u0131r s\u00fcrd\u00fcr\u00fclen cezas\u0131zl\u0131k politikas\u0131na dikkat \u00e7ekerek, ailelerin \u015f\u00fcphelileri, tan\u0131klar\u0131 ve delilleri defalarca savc\u0131l\u0131klara bildirmesine ra\u011fmen etkili soru\u015fturmalar\u0131n y\u00fcr\u00fct\u00fclmedi\u011fini belirtti.<\/p>\n\n\n\n<p class=\"wp-block-paragraph\">Cumartesi Anneleri, dosyalar\u0131n y\u0131llarca s\u00fcr\u00fcncemede b\u0131rak\u0131ld\u0131\u011f\u0131n\u0131, ard\u0131ndan zamana\u015f\u0131m\u0131 gerek\u00e7esiyle kapat\u0131lmas\u0131n\u0131n failleri koruyan bir cezas\u0131zl\u0131k d\u00fczenine d\u00f6n\u00fc\u015ft\u00fc\u011f\u00fcn\u00fc vurgulad\u0131. A\u00e7\u0131klamada, \u201cGe\u00e7en zaman devletin sorumlulu\u011funu ortadan kald\u0131rmaz. Tam tersine hakikati ortaya \u00e7\u0131karma ve adaleti sa\u011flama y\u00fck\u00fcml\u00fcl\u00fc\u011f\u00fcn\u00fc b\u00fcy\u00fct\u00fcr\u201d denildi.<\/p>\n\n\n\n<p class=\"wp-block-paragraph\">1993 y\u0131l\u0131nda \u015e\u0131rnak\u2019\u0131n \u0130dil il\u00e7esinde ya\u015fayan Fethi Ild\u0131r, Cizre\u2019ye gitmek \u00fczere evden ayr\u0131ld\u0131ktan sonra kendisinden haber al\u0131namad\u0131. Tan\u0131klar\u0131n aileye aktard\u0131\u011f\u0131 bilgilere g\u00f6re Ild\u0131r, Ku\u015ftepe k\u00f6y\u00fcnde Hizbullah\u2019a yak\u0131nl\u0131klar\u0131yla bilinen ve ayn\u0131 zamanda koruculuk yapan ki\u015filer taraf\u0131ndan al\u0131konuldu.<\/p>\n\n\n\n<p class=\"wp-block-paragraph\">Ailenin karakol ve savc\u0131l\u0131klara yapt\u0131\u011f\u0131 ba\u015fvurulara ra\u011fmen resmi makamlar Ild\u0131r\u2019\u0131n g\u00f6zalt\u0131na al\u0131nd\u0131\u011f\u0131n\u0131 reddetti. Aile o\u011fullar\u0131n\u0131 aramaya devam ederken, Fethi Ild\u0131r\u2019\u0131n a\u011f\u0131r i\u015fkence izleri ta\u015f\u0131yan bedeni 19 Eyl\u00fcl 1993\u2019te Cizre-\u0130dil karayolu yak\u0131nlar\u0131nda bulundu.<\/p>\n\n\n\n<p class=\"wp-block-paragraph\">Baba H\u00fcseyin Ild\u0131r, o\u011flunun ka\u00e7\u0131r\u0131lmas\u0131 ve \u00f6ld\u00fcr\u00fclmesinden sorumlu olduklar\u0131n\u0131 d\u00fc\u015f\u00fcnd\u00fc\u011f\u00fc ki\u015fileri savc\u0131l\u0131klara bildirdi. \u0130dil Cumhuriyet Ba\u015fsavc\u0131l\u0131\u011f\u0131\u2019n\u0131n y\u00fcr\u00fctt\u00fc\u011f\u00fc soru\u015fturmada baz\u0131 korucular \u015f\u00fcpheli olarak dosyada yer ald\u0131. Buna ra\u011fmen dosya daha sonra \u201cfaili me\u00e7hul\u201d olarak ele al\u0131nd\u0131 ve 2003 y\u0131l\u0131nda daimi arama karar\u0131 verilmekle yetinildi.<\/p>\n\n\n\n<p class=\"wp-block-paragraph\">Ailenin 2009 y\u0131l\u0131nda yapt\u0131\u011f\u0131 yeni ba\u015fvuruda olay\u0131n \u00f6rg\u00fctl\u00fc su\u00e7 kapsam\u0131nda soru\u015fturulmas\u0131 ve sorumlular\u0131n yarg\u0131lanmas\u0131 talep edildi. Ancak dosya y\u0131llar boyunca \u0130dil, Cizre ve Diyarbak\u0131r savc\u0131l\u0131klar\u0131 aras\u0131nda gidip geldi; etkili bir soru\u015fturma y\u00fcr\u00fct\u00fclmedi.<\/p>\n\n\n\n<p class=\"wp-block-paragraph\">Cumartesi Anneleri, Fethi Ild\u0131r\u2019\u0131n ya\u015fad\u0131klar\u0131n\u0131n s\u0131radan bir cinayet dosyas\u0131 olarak g\u00f6r\u00fclemeyece\u011fini, i\u015fkence ve zorla kaybetme uygulamalar\u0131n\u0131n insanl\u0131\u011fa kar\u015f\u0131 su\u00e7 kapsam\u0131nda de\u011ferlendirilmesi gerekti\u011fini belirtti.<\/p>\n\n\n\n<p class=\"wp-block-paragraph\">A\u00e7\u0131klamada, devletin yaln\u0131zca ge\u00e7mi\u015fte ya\u015fananlardan de\u011fil, hakikati ortaya \u00e7\u0131karmayan ve failleri yarg\u0131 \u00f6n\u00fcne \u00e7\u0131karmayan bug\u00fcnk\u00fc cezas\u0131zl\u0131k politikas\u0131ndan da sorumlu oldu\u011fu vurguland\u0131.<\/p>\n\n\n\n<p class=\"wp-block-paragraph\">Cumartesi Anneleri, 1119. haftalar\u0131nda bir kez daha \u015fu \u00e7a\u011fr\u0131y\u0131 yapt\u0131:<\/p>\n\n\n\n<p class=\"wp-block-paragraph\">\u201cZaman su\u00e7u ortadan kald\u0131rmaz. Zaman devletin sorumlulu\u011funu ortadan kald\u0131rmaz. Zaman adalet hakk\u0131m\u0131z\u0131 ortadan kald\u0131rmaz.\u201d<\/p>\n\n\n\n<p class=\"wp-block-paragraph\">Kay\u0131p yak\u0131nlar\u0131, Fethi Ild\u0131r ve g\u00f6zalt\u0131nda kaybedilen herkes i\u00e7in hakikatin a\u00e7\u0131\u011fa \u00e7\u0131kar\u0131lmas\u0131, sorumlular\u0131n yarg\u0131lanmas\u0131 ve y\u0131llard\u0131r s\u00fcrd\u00fcr\u00fclen cezas\u0131zl\u0131k d\u00fczenine son verilmesi talebiyle m\u00fccadelelerini s\u00fcrd\u00fcreceklerini belirtti.<\/p>\n","protected":false},"excerpt":{"rendered":"<p>Cumartesi Anneleri, g\u00f6zalt\u0131nda kaybedilen yak\u0131nlar\u0131n\u0131n ak\u0131betini sormak&#46;&#46;&#46;<\/p>\n","protected":false},"author":3,"featured_media":10505,"comment_status":"closed","ping_status":"closed","sticky":false,"template":"","format":"standard","meta":{"footnotes":""},"categories":[5,29],"tags":[],"manset":[],"bilesen":[],"class_list":["post-10504","post","type-post","status-publish","format-standard","has-post-thumbnail","hentry","category-etkinlikler","category-manset"],"amp_enabled":true,"_links":{"self":[{"href":"https:\/\/kolektifmucadele1.org\/index.php\/wp-json\/wp\/v2\/posts\/10504","targetHints":{"allow":["GET"]}}],"collection":[{"href":"https:\/\/kolektifmucadele1.org\/index.php\/wp-json\/wp\/v2\/posts"}],"about":[{"href":"https:\/\/kolektifmucadele1.org\/index.php\/wp-json\/wp\/v2\/types\/post"}],"author":[{"embeddable":true,"href":"https:\/\/kolektifmucadele1.org\/index.php\/wp-json\/wp\/v2\/users\/3"}],"replies":[{"embeddable":true,"href":"https:\/\/kolektifmucadele1.org\/index.php\/wp-json\/wp\/v2\/comments?post=10504"}],"version-history":[{"count":1,"href":"https:\/\/kolektifmucadele1.org\/index.php\/wp-json\/wp\/v2\/posts\/10504\/revisions"}],"predecessor-version":[{"id":10506,"href":"https:\/\/kolektifmucadele1.org\/index.php\/wp-json\/wp\/v2\/posts\/10504\/revisions\/10506"}],"wp:featuredmedia":[{"embeddable":true,"href":"https:\/\/kolektifmucadele1.org\/index.php\/wp-json\/wp\/v2\/media\/10505"}],"wp:attachment":[{"href":"https:\/\/kolektifmucadele1.org\/index.php\/wp-json\/wp\/v2\/media?parent=10504"}],"wp:term":[{"taxonomy":"category","embeddable":true,"href":"https:\/\/kolektifmucadele1.org\/index.php\/wp-json\/wp\/v2\/categories?post=10504"},{"taxonomy":"post_tag","embeddable":true,"href":"https:\/\/kolektifmucadele1.org\/index.php\/wp-json\/wp\/v2\/tags?post=10504"},{"taxonomy":"manset","embeddable":true,"href":"https:\/\/kolektifmucadele1.org\/index.php\/wp-json\/wp\/v2\/manset?post=10504"},{"taxonomy":"bilesen","embeddable":true,"href":"https:\/\/kolektifmucadele1.org\/index.php\/wp-json\/wp\/v2\/bilesen?post=10504"}],"curies":[{"name":"wp","href":"https:\/\/api.w.org\/{rel}","templated":true}]}}