{"id":1080,"date":"2023-05-02T07:17:54","date_gmt":"2023-05-02T04:17:54","guid":{"rendered":"https:\/\/kolektifmucadele.org\/2023\/05\/02\/gozaltilar-protesto-edildi\/"},"modified":"2023-05-02T07:17:54","modified_gmt":"2023-05-02T04:17:54","slug":"gozaltilar-protesto-edildi","status":"publish","type":"post","link":"https:\/\/kolektifmucadele1.org\/index.php\/2023\/05\/02\/gozaltilar-protesto-edildi\/","title":{"rendered":"G\u00d6ZALTILAR PROTESTO ED\u0130LD\u0130"},"content":{"rendered":"\n<p>\u0130zmir\u2019de Emek ve \u00d6zg\u00fcrl\u00fck \u0130ttifak\u0131, sabah saatlerinde Ezilenlerin Sosyalist Partisi (ESP), Sosyalist Gen\u00e7lik Dernekleri Federasyonu (SGDF) ve Etkin Haber Ajans\u0131\u2019na (ETHA) y\u00f6nelik 8 ilde ger\u00e7ekle\u015ftirilen g\u00f6zalt\u0131 ter\u00f6r\u00fcn\u00fc protesto etti. 30 Nisan Pazar g\u00fcn\u00fc 23 ki\u015finin g\u00f6zalt\u0131na al\u0131nmas\u0131n\u0131 Kar\u015f\u0131ya \u0130skelesi kar\u015f\u0131nda yapt\u0131\u011f\u0131 bas\u0131n a\u00e7\u0131klamas\u0131yla protesto etti.<\/p>\n\n\n\n<p>Eylemde ilk s\u00f6z\u00fc alan HDP \u0130zmir Milletvekili Serpil Kemalbay \u015funlar\u0131 dedi:<\/p>\n\n\n\n<blockquote class=\"wp-block-quote is-layout-flow wp-block-quote-is-layout-flow\">\n<p>\u201cNe yaparsan\u0131z yap\u0131n halklar sizi tarihin \u00e7\u00f6p sepetine g\u00f6nderiyor, hi\u00e7bir \u00e7aban\u0131z \u00e7\u00f6z\u00fcm vermeyecek, \u00e7\u00fcnk\u00fc halk fa\u015fizmle y\u00f6netilmek istemiyor.\u201d<\/p>\n<\/blockquote>\n\n\n\n<p>Ard\u0131ndan konu\u015fan HDP Antalya Milletvekili Kemal B\u00fclb\u00fcl, g\u00f6zalt\u0131 ter\u00f6r\u00fcn\u00fcn se\u00e7imlere m\u00fcdahale oldu\u011funu belirterek, sald\u0131r\u0131lar\u0131n kendilerini engellemeyece\u011fini ifade etti.<\/p>\n\n\n\n<p>Ard\u0131ndan EMEP \u0130zmir \u0130l Ba\u015fkan\u0131 Emine Uyar, Emek\u00e7i Hareket Partisi (EHP) s\u00f6zc\u00fcs\u00fc Mizgin S\u00fcmb\u00fcl, Toplumsal \u00d6zg\u00fcrl\u00fck Partisi (T\u00d6P) \u0130zmir \u0130l \u00f6rg\u00fct\u00fc ad\u0131na Didar G\u00fcl konu\u015ftu.<\/p>\n","protected":false},"excerpt":{"rendered":"<p>\u0130zmir\u2019de Emek ve \u00d6zg\u00fcrl\u00fck \u0130ttifak\u0131, sabah saatlerinde&#46;&#46;&#46;<\/p>\n","protected":false},"author":1,"featured_media":1079,"comment_status":"closed","ping_status":"open","sticky":false,"template":"","format":"standard","meta":{"footnotes":""},"categories":[5],"tags":[],"manset":[],"class_list":["post-1080","post","type-post","status-publish","format-standard","has-post-thumbnail","hentry","category-etkinlikler"],"amp_enabled":true,"_links":{"self":[{"href":"https:\/\/kolektifmucadele1.org\/index.php\/wp-json\/wp\/v2\/posts\/1080","targetHints":{"allow":["GET"]}}],"collection":[{"href":"https:\/\/kolektifmucadele1.org\/index.php\/wp-json\/wp\/v2\/posts"}],"about":[{"href":"https:\/\/kolektifmucadele1.org\/index.php\/wp-json\/wp\/v2\/types\/post"}],"author":[{"embeddable":true,"href":"https:\/\/kolektifmucadele1.org\/index.php\/wp-json\/wp\/v2\/users\/1"}],"replies":[{"embeddable":true,"href":"https:\/\/kolektifmucadele1.org\/index.php\/wp-json\/wp\/v2\/comments?post=1080"}],"version-history":[{"count":0,"href":"https:\/\/kolektifmucadele1.org\/index.php\/wp-json\/wp\/v2\/posts\/1080\/revisions"}],"wp:featuredmedia":[{"embeddable":true,"href":"https:\/\/kolektifmucadele1.org\/index.php\/wp-json\/"}],"wp:attachment":[{"href":"https:\/\/kolektifmucadele1.org\/index.php\/wp-json\/wp\/v2\/media?parent=1080"}],"wp:term":[{"taxonomy":"category","embeddable":true,"href":"https:\/\/kolektifmucadele1.org\/index.php\/wp-json\/wp\/v2\/categories?post=1080"},{"taxonomy":"post_tag","embeddable":true,"href":"https:\/\/kolektifmucadele1.org\/index.php\/wp-json\/wp\/v2\/tags?post=1080"},{"taxonomy":"manset","embeddable":true,"href":"https:\/\/kolektifmucadele1.org\/index.php\/wp-json\/wp\/v2\/manset?post=1080"}],"curies":[{"name":"wp","href":"https:\/\/api.w.org\/{rel}","templated":true}]}}