{"id":1257,"date":"2023-06-13T12:30:25","date_gmt":"2023-06-13T09:30:25","guid":{"rendered":"https:\/\/kolektifmucadele.org\/2023\/06\/13\/84-olum-orucu-sehitleri-kavgamizda-yasiyor\/"},"modified":"2023-06-13T12:30:25","modified_gmt":"2023-06-13T09:30:25","slug":"84-olum-orucu-sehitleri-kavgamizda-yasiyor","status":"publish","type":"post","link":"https:\/\/kolektifmucadele1.org\/index.php\/2023\/06\/13\/84-olum-orucu-sehitleri-kavgamizda-yasiyor\/","title":{"rendered":"84 \u00d6L\u00dcM ORUCU \u015eEH\u0130TLER\u0130 KAVGAMIZDA YA\u015eIYOR"},"content":{"rendered":"\n<p>D\u00fc\u015flerin sonsuza ko\u015ftu\u011fu yerde<\/p>\n\n\n\n<p>Sabr\u0131n \u00e7i\u00e7eklerini a\u00e7t\u0131\u011f\u0131 yerde<\/p>\n\n\n\n<p>Asla kapanmaz ya\u015fanan defter<\/p>\n\n\n\n<p>\u00c7\u00fcnk\u00fc tarihin en g\u00fczel yerinde<\/p>\n\n\n\n<p>Son s\u00f6z\u00fc hep D\u0130RENENLER s\u00f6yler&#8230;<\/p>\n\n\n\n<p>S\u00f6m\u00fcr\u00fcn\u00fcn, bask\u0131n\u0131n ve zulm\u00fcn oldu\u011fu her yerde direni\u015f de vard\u0131r. \u0130\u015fte direni\u015flerle dolu olan devrimci miras\u0131m\u0131z\u0131n \u00f6nemli bir par\u00e7as\u0131 zindan direni\u015fleri ve 84 \u00f6l\u00fcm orucu direni\u015fi.<\/p>\n\n\n\n<p>84 \u00d6l\u00fcm Orucu direni\u015fi 12 Eyl\u00fcl fa\u015fizmin Saygon zindanlar\u0131n\u0131 aratmayan zulm\u00fcne kar\u015f\u0131 devrimci kimli\u011fin, onurun ve ba\u015fe\u011fmez direni\u015finin \u00f6yk\u00fcs\u00fcd\u00fcr.<\/p>\n\n\n\n<p>Bu, k\u0131z\u0131l karanfillerin \u00f6yk\u00fcs\u00fcd\u00fcr, bu, insanl\u0131\u011f\u0131n \u00f6l\u00fcm\u00fcne direni\u015finin t\u00fcrk\u00fcs\u00fcd\u00fcr\u2026<\/p>\n\n\n\n<p>\u015eairin dedi\u011fi gibi \u201egece leyl\u00e2k ve tomurcuk kokuyor, uy anam anam, haziranda \u00f6lmek zor! Haziranda \u00f6lmek zor ama \u00f6l\u00fcmlerin en zorunu g\u00f6\u011f\u00fcsleyen \u00e7elik y\u00fcrekliler vard\u0131, birde Haziran ay\u0131nda, her g\u00fcn h\u00fccre h\u00fccre \u00f6l\u00fcm\u00fc g\u00f6\u011f\u00fcsleyenler, bir barikat \u00e7at\u0131\u015fmas\u0131nda fa\u015fizm kar\u015f\u0131s\u0131nda \u00e7arp\u0131\u015fan devrimin neferleri vard\u0131. Bedenlerinin her h\u00fccresini bir barikat gibi fa\u015fizme kar\u015f\u0131 silaha \u00e7evirenler vard\u0131 bu sava\u015fta. Ama bu sava\u015f, ne silahla, ne de bombayla y\u00fcr\u00fct\u00fclen bir sava\u015ft\u0131. Bedeninin her h\u00fccresini fa\u015fizme kar\u015f\u0131 bir kur\u015fun, bir bomba gibi kullanan devrimci irade vard\u0131. Evet Haziranda \u00f6lmek zor demi\u015fti \u015fair, her halde ya\u015fasayd\u0131 bu h\u00fccre h\u00fccre \u00f6l\u00fcme meydan okuyan devrimci irade kar\u015f\u0131s\u0131nda c\u00fcmleyi ba\u015fka kullan\u0131rd\u0131, ya da \u00f6l\u00fcm\u00fcn kepaze edildi\u011fi Haziran derdi&#8230;<\/p>\n\n\n\n<p>\u00dclkemizde s\u0131n\u0131f m\u00fccadelesi a\u00e7\u0131s\u0131ndan ku\u015fkusuz ki Haziran ay\u0131 \u00f6nemli direni\u015flerin ay\u0131d\u0131r. 15-16 \u015fanl\u0131 i\u015f\u00e7i s\u0131n\u0131f\u0131n\u0131n ba\u015fkald\u0131r\u0131s\u0131, \u00fclkede ilk ve b\u00fcy\u00fck derslerle dolu \u015fanl\u0131 bir direni\u015ftir. Ve 1984 Nisan\u2019\u0131nda ba\u015flay\u0131p Haziran\u2019da umut, direnmenin k\u0131z\u0131l bayra\u011f\u0131 olan, k\u0131z\u0131l karanfillerin \u00f6yk\u00fcs\u00fc, fa\u015fizme kar\u015f\u0131 \u00f6l\u00fcm\u00fcne direni\u015finin t\u00fcrk\u00fcs\u00fc s\u0131n\u0131flar m\u00fccadelesi tarihine alt\u0131n harflerle yazd\u0131ranlar vard\u0131.<\/p>\n\n\n\n<p>12 Eyl\u00fcl askeri fa\u015fist cuntas\u0131n\u0131n toplumsal muhalefeti bir silindir gibi ezip ge\u00e7ti\u011fi ko\u015fullarda, on binlerce siyasi tutsa\u011f\u0131n dolduruldu\u011fu askeri cezaevleri, de\u011fi\u015fik ko\u015fullarda ve bi\u00e7imlerde s\u0131n\u0131f \u00e7at\u0131\u015fmalar\u0131na sahne oldu. Ama bunlar\u0131n i\u00e7inde baz\u0131lar\u0131 var ki, 12 Eyl\u00fcl&#8217;\u00fcn zindanlar\u0131n\u0131 sarst\u0131, zindan duvarlar\u0131n\u0131 a\u015f\u0131p, d\u0131\u015far\u0131daki m\u00fccadeleye g\u00fc\u00e7 ta\u015f\u0131d\u0131, diren\u00e7 ta\u015f\u0131d\u0131. Diyarbak\u0131r ve Metris-Sa\u011fmalc\u0131lar zindanlar\u0131ndan y\u00fckselen bu direni\u015fler, kendilerinden&nbsp;sonraki ku\u015faklar \u00fczerinde derin bir iz b\u0131rak\u0131rken, devrimci m\u00fccadele \u00fczerinde de \u00f6nemli bir etki yaratt\u0131lar.<\/p>\n\n\n\n<p>Diyarbak\u0131r zindanlar\u0131nda, zulm\u00fcn ba\u015f kalesinde ba\u015flad\u0131 en b\u00fcy\u00fck direni\u015flerin ilki&#8230; Islak h\u00fccrelerde a\u00e7 susuz b\u0131rakmak, foseptik \u00e7ukurlar\u0131na atmak, aylarca g\u00fcn \u0131\u015f\u0131\u011f\u0131 g\u00f6stermemek, zorla d\u0131\u015fk\u0131 yedirmek gibi, en b\u00fcy\u00fck insanl\u0131k su\u00e7lar\u0131n\u0131n i\u015flendi\u011fi Diyarbak\u0131r zindanlar\u0131nda, Mazlum Do\u011fan&#8217;\u0131n yakt\u0131\u011f\u0131 direni\u015f ate\u015fi, \u00e7ok ge\u00e7meden \u201cD\u00f6rtler\u201din bedeninde bayrak oluyordu. Ve ard\u0131ndan, Kemal Pir&#8217;lerle, M. Hayri Durmu\u015f&#8217;larla, di\u011fer \u00f6l\u00fcm orucu \u015fehitlerinin m\u00fccadeleleriyle, Diyarbak\u0131r zindan\u0131, art\u0131k direni\u015fin kalesi haline geliyordu.<\/p>\n\n\n\n<p>Y\u0131l 1984 oldu\u011funda, fa\u015fizmin t\u00fcm insani de\u011ferlere kar\u015f\u0131 ba\u015flatt\u0131\u011f\u0131 bitmez t\u00fckenmez sald\u0131r\u0131lar\u0131, \u0130stanbul&#8217;da Tek Tip Elbise dayatmas\u0131nda simgele\u015fiyordu.<\/p>\n\n\n\n<p>Fa\u015fizm istiyordu ki, tutsaklar, siyasi kimliklerini kefenlesinler.<\/p>\n\n\n\n<p>Fa\u015fizm istiyordu ki, siyasi tutsaklar, asker t\u0131ra\u015fl\u0131 sa\u00e7lar\u0131yla, tek tip elbiseleri ile haz\u0131r ol da beklesin, yat deyince yats\u0131n, kalk deyince kalks\u0131nlar.<\/p>\n\n\n\n<p>Fa\u015fizm istiyordu ki, bu \u00fclkenin onuru devrimciler, inan\u00e7lar\u0131ndan ar\u0131n\u0131p \u201ct\u00f6vbe\u201d etsinler, kendilerinin iradesine boyun e\u011fsinler!<\/p>\n\n\n\n<p>Devrimci dalgan\u0131n y\u00fckseldi\u011fi y\u0131llarda, bu dalgaya kap\u0131l\u0131p kendilerini devrimci m\u00fccadelenin i\u00e7inde bulanlar, 12 Eyl\u00fcl&#8217;le ba\u015flayan gericilik f\u0131rt\u0131nas\u0131n\u0131n en \u015fiddetli esti\u011fi alanlar olan zindanlarda uzun s\u00fcre ayakta kalamad\u0131lar.<\/p>\n\n\n\n<p>12 Eyl\u00fcl yenilgisinin sol\u2019da yaratt\u0131\u011f\u0131 inan\u00e7s\u0131zla\u015fma, y\u0131lg\u0131nl\u0131k, teslimiyet ruh hali, zindanlarda da etkisini buldu. Bu ruh halinden, Mamak tavr\u0131 do\u011fdu. Mamakla\u015fma tehlikesi ya\u015fand\u0131 bir\u00e7ok zindanda.&nbsp;<\/p>\n\n\n\n<p>Mamakla\u015fma; Mamak\u2019ta direni\u015fi k\u0131ran fa\u015fist cunta TV ve bas\u0131nda boy boy g\u00f6r\u00fcnt\u00fcler ve r\u00f6portajlar yay\u0131nlayarak, \u201csa\u011f sol kavgas\u0131n anas\u0131l son verdiklerinin, sa\u011fc\u0131 ve solcular\u0131n karde\u015f\u00e7e bir arada nas\u0131l ya\u015f\u0131yor\u201d vb demagojilerle s\u00fcrd\u00fcr\u00fclen direni\u015f ve m\u00fccadeleyi kitleler g\u00f6z\u00fcnde hi\u00e7le\u015ftirme \u00e7abas\u0131na girdi. Cezaevine sokulan gazeteciler devrimci ve fa\u015fistlerin nasil bir arada ya\u015fad\u0131\u011f\u0131 ve asker gibi, komutlara itaat ettiklerini ve askerin denetiminde \u0131rk\u00e7\u0131 mar\u015flar e\u015fli\u011finde spor vb g\u00f6r\u00fcnt\u00fcleri sergilendi. \u201cKar\u0131\u015ft\u0131r bar\u0131\u015ft\u0131r\u201d projesi \u00e7er\u00e7evesinde devrimci tutsaklarla, fa\u015fist katiler ayni ko\u011fu\u015flara konarak bu imaj peki\u015ftirilmek istendi. Ancak ba\u015fta \u0130stanbul olmak \u00fczere bir\u00e7ok cezaevinde bu denemeleri direni\u015fle kar\u015f\u0131lanarak bo\u015fa \u00e7\u0131kar\u0131ld\u0131. Metris cezaevine getirilen fa\u015fistler cezaevine sokulmadan geri Maltepe cezaevine g\u00f6t\u00fcrmek zorunda kald\u0131lar\u2026 Burada \u015funu belirtmeliyiz ki Mamak\u2019ta her t\u00fcrl\u00fc i\u015fkence ye ra\u011fmen teslim olmayan direni\u015fi s\u00fcrd\u00fcren tutsaklarda oldu. Amam bunlar tek tek bireyler olarak kald\u0131, ya\u015fanan kitlesel teslimiyet k\u0131r\u0131lmad\u0131\u2026&nbsp;<\/p>\n\n\n\n<p>Ama \u0130stanbul cezaevleri, \u00f6zellikle de Metris direni\u015fin oda\u011f\u0131 oldu. Ve \u0130stanbul cezaevlerinde devrimciler, \u015fehitler verilen Diyarbak\u0131r \u00f6l\u00fcm orucunu, dalga dalga t\u00fcm \u00fclke zindanlar\u0131na yaymak, direni\u015fi b\u00fcy\u00fctmek, fa\u015fizmin teslim alma politikas\u0131na kar\u015f\u0131 t\u00fcm zindanlarda barikat kurmak g\u00f6revine kararl\u0131l\u0131kla sar\u0131ld\u0131lar.<\/p>\n\n\n\n<p>Bir Nisan sabah\u0131 ba\u015flayan \u00f6l\u00fcm orucu direni\u015fi, Nisan\u2019dan May\u0131s\u2019a, May\u0131s\u2019ta Haziran\u2019a h\u00fccre h\u00fccre, beden beden \u00f6l\u00fcme giden 75 g\u00fcn boyunca, \u015fehitler pahas\u0131na s\u00fcrd\u00fc.<\/p>\n\n\n\n<p>\u00d6l\u00fcm Orucu eylemi, \u00fclkemiz devrimci m\u00fccadelesi direni\u015f gelene\u011fine \u00f6nemli birikimler katt\u0131. T\u00fcm devrimciler ve devrimci yap\u0131lar \u00fczerinde derin etki yaratt\u0131.<\/p>\n\n\n\n<p>Biz, bu tarihin bir par\u00e7as\u0131y\u0131z. Tarihi unutmamal\u0131, unutturmamal\u0131y\u0131z. Bug\u00fcn i\u00e7inden ge\u00e7ti\u011fimiz s\u00fcre\u00e7 ve \u015feriat\u00e7\u0131 fa\u015fist tek adam diktat\u00f6rl\u00fc\u011f\u00fcne kar\u015f\u0131 y\u00fcr\u00fct\u00fclen m\u00fccadelede umutsuzluk de\u011fil, umudu b\u00fcy\u00fctmek gerek. Bu umudu b\u00fcy\u00fctmek ise tarihe bakmak, oradan dersler ve deneyimler \u00e7\u0131karmak, oradaki kararl\u0131l\u0131\u011f\u0131 ve inanc\u0131 rehber edinmekten ge\u00e7mektedir.<\/p>\n\n\n\n<p>Bug\u00fcn de fa\u015fizmin zindanlarda devrimci tutsaklar\u0131 teslim almak ve siyasi ki\u015filiklerini yok etmek i\u00e7in her t\u00fcrl\u00fc bask\u0131 ve \u015fiddeti uygulamakta. Zindanlar adeta \u00f6l\u00fcm evlerine \u00e7evrildi. Zindanlarda ki tutsaklar\u0131n direni\u015fine kar\u015f\u0131 duyarl\u0131l\u0131\u011f\u0131 sa\u011flamak, toplumun sahiplenmesini ve hayat\u0131n her alan\u0131nda onlar\u0131n sesi olmak g\u00f6reviyle kar\u015f\u0131 kar\u015f\u0131ya oldu\u011fumuzu bir an olsun unutmamal\u0131y\u0131z.<\/p>\n\n\n\n<p>Fa\u015fizme kar\u015f\u0131 \u00f6l\u00fcm\u00fcne direnen, \u00f6l\u00fcm\u00fc yenen 84 \u00f6l\u00fcm orucunda bayrakla\u015fanlar m\u00fccadelemizde ya\u015f\u0131yor, ya\u015fayacak!<\/p>\n\n\n\n<p>84 \u00f6l\u00fcm orucu \u015fehitleri yolumuzu ayd\u0131nlatmakta, onlardan devrald\u0131\u011f\u0131m\u0131z bayrak ve kararl\u0131l\u0131k, devrime, sosyalizme olan inan\u00e7 bizleri daha da g\u00fc\u00e7lendirmekte!<\/p>\n\n\n\n<p>Fa\u015fizme kar\u015f\u0131 en zor ko\u015fullarda devrimci irade ve kararl\u0131l\u0131klar\u0131 bizlere rehberdir!<\/p>\n","protected":false},"excerpt":{"rendered":"<p>D\u00fc\u015flerin sonsuza ko\u015ftu\u011fu yerde Sabr\u0131n \u00e7i\u00e7eklerini a\u00e7t\u0131\u011f\u0131&#46;&#46;&#46;<\/p>\n","protected":false},"author":1,"featured_media":1256,"comment_status":"closed","ping_status":"open","sticky":false,"template":"","format":"standard","meta":{"footnotes":""},"categories":[7],"tags":[],"manset":[],"class_list":["post-1257","post","type-post","status-publish","format-standard","has-post-thumbnail","hentry","category-makaleler"],"amp_enabled":true,"_links":{"self":[{"href":"https:\/\/kolektifmucadele1.org\/index.php\/wp-json\/wp\/v2\/posts\/1257","targetHints":{"allow":["GET"]}}],"collection":[{"href":"https:\/\/kolektifmucadele1.org\/index.php\/wp-json\/wp\/v2\/posts"}],"about":[{"href":"https:\/\/kolektifmucadele1.org\/index.php\/wp-json\/wp\/v2\/types\/post"}],"author":[{"embeddable":true,"href":"https:\/\/kolektifmucadele1.org\/index.php\/wp-json\/wp\/v2\/users\/1"}],"replies":[{"embeddable":true,"href":"https:\/\/kolektifmucadele1.org\/index.php\/wp-json\/wp\/v2\/comments?post=1257"}],"version-history":[{"count":0,"href":"https:\/\/kolektifmucadele1.org\/index.php\/wp-json\/wp\/v2\/posts\/1257\/revisions"}],"wp:featuredmedia":[{"embeddable":true,"href":"https:\/\/kolektifmucadele1.org\/index.php\/wp-json\/"}],"wp:attachment":[{"href":"https:\/\/kolektifmucadele1.org\/index.php\/wp-json\/wp\/v2\/media?parent=1257"}],"wp:term":[{"taxonomy":"category","embeddable":true,"href":"https:\/\/kolektifmucadele1.org\/index.php\/wp-json\/wp\/v2\/categories?post=1257"},{"taxonomy":"post_tag","embeddable":true,"href":"https:\/\/kolektifmucadele1.org\/index.php\/wp-json\/wp\/v2\/tags?post=1257"},{"taxonomy":"manset","embeddable":true,"href":"https:\/\/kolektifmucadele1.org\/index.php\/wp-json\/wp\/v2\/manset?post=1257"}],"curies":[{"name":"wp","href":"https:\/\/api.w.org\/{rel}","templated":true}]}}