{"id":1349,"date":"2023-07-07T01:52:51","date_gmt":"2023-07-06T22:52:51","guid":{"rendered":"https:\/\/kolektifmucadele.org\/2023\/07\/07\/can-atalay-icin-eylem\/"},"modified":"2023-07-07T01:52:51","modified_gmt":"2023-07-06T22:52:51","slug":"can-atalay-icin-eylem","status":"publish","type":"post","link":"https:\/\/kolektifmucadele1.org\/index.php\/2023\/07\/07\/can-atalay-icin-eylem\/","title":{"rendered":"CAN ATALAY \u0130\u00c7\u0130N EYLEM"},"content":{"rendered":"\n<p>Avukatlar \u00c7a\u011flayan\u2019da bulunan \u0130stanbul Adliyesi \u00f6n\u00fcnde milletvekili se\u00e7ildi\u011fi halde tahliye edilmeyen Can Atalay i\u00e7in eylem yapt\u0131.<\/p>\n\n\n\n<p>Adliye i\u00e7inde toplanan avukatlar alk\u0131\u015flarla y\u00fcr\u00fcd\u00fc. \u201cCan Atalay Meclis\u2019e! Can Atalay\u2019a \u00f6zg\u00fcrl\u00fck!\u201d yaz\u0131l\u0131 pankart\u0131n a\u00e7\u0131ld\u0131\u011f\u0131 eylemde konu\u015fmalar yap\u0131ld\u0131. Yap\u0131lan konu\u015fmada karar s\u00fcresinin \u00e7oktan ge\u00e7mesine ra\u011fmen Can Atalay\u2019\u0131n hi\u00e7bir gerek\u00e7e olmadan hapishanede tutulmaya devam edildi\u011fi hat\u0131rlat\u0131ld\u0131. T\u00fcrkiye\u2019nin en me\u015fru eylemi olan Gezi direni\u015finin sa\u00e7ma sapan bir davayla cezaland\u0131r\u0131lmaya \u00e7al\u0131\u015f\u0131ld\u0131\u011f\u0131 vurgulanan a\u00e7\u0131klamada \u201cCan Atalay\u2019\u0131 b\u0131rakmayarak hukuksuzlu\u011fu katmerle\u015ftirdiler\u201d denildi.<\/p>\n\n\n\n<p>Ard\u0131ndan bas\u0131n a\u00e7\u0131klamas\u0131n\u0131 T\u0130P\u2019li avukatlar\u0131ndan Bilge Hilal Bilgin okudu. A\u00e7\u0131klamada Can Atalay\u2019\u0131n adayl\u0131k ve se\u00e7ilme s\u00fcreci aktar\u0131larak tahliye edilmemesinin hukuksuzlu\u011funa vurgu yap\u0131ld\u0131.<\/p>\n\n\n\n<p>Bas\u0131n metninin okunmas\u0131n\u0131n ard\u0131ndan s\u00f6z alan Av. Ak\u00e7ay Ta\u015f\u00e7\u0131 \u015funlar\u0131 ifade etti:<\/p>\n\n\n\n<blockquote class=\"wp-block-quote is-layout-flow wp-block-quote-is-layout-flow\">\n<p>\u201cAnayasan\u0131n 83. maddesi h\u00e2l\u00e2 ordaysa Can Atalay derhal tahliye edilmelidir. \u00d6zellikle deprem su\u00e7lar\u0131yla m\u00fccadele etmesi i\u00e7in se\u00e7ilen Can Atalay&#8217;\u0131n bir an evvel g\u00f6revine ba\u015flamas\u0131na gerekir, bu engelin kald\u0131r\u0131lmas\u0131 gerekir.\u201d<\/p>\n<\/blockquote>\n<\/p>","protected":false},"excerpt":{"rendered":"<p>Avukatlar \u00c7a\u011flayan\u2019da bulunan \u0130stanbul Adliyesi \u00f6n\u00fcnde milletvekili&#46;&#46;&#46;<\/p>\n","protected":false},"author":1,"featured_media":1348,"comment_status":"closed","ping_status":"open","sticky":false,"template":"","format":"standard","meta":{"footnotes":""},"categories":[5],"tags":[],"manset":[],"class_list":["post-1349","post","type-post","status-publish","format-standard","has-post-thumbnail","hentry","category-etkinlikler"],"amp_enabled":true,"_links":{"self":[{"href":"https:\/\/kolektifmucadele1.org\/index.php\/wp-json\/wp\/v2\/posts\/1349","targetHints":{"allow":["GET"]}}],"collection":[{"href":"https:\/\/kolektifmucadele1.org\/index.php\/wp-json\/wp\/v2\/posts"}],"about":[{"href":"https:\/\/kolektifmucadele1.org\/index.php\/wp-json\/wp\/v2\/types\/post"}],"author":[{"embeddable":true,"href":"https:\/\/kolektifmucadele1.org\/index.php\/wp-json\/wp\/v2\/users\/1"}],"replies":[{"embeddable":true,"href":"https:\/\/kolektifmucadele1.org\/index.php\/wp-json\/wp\/v2\/comments?post=1349"}],"version-history":[{"count":0,"href":"https:\/\/kolektifmucadele1.org\/index.php\/wp-json\/wp\/v2\/posts\/1349\/revisions"}],"wp:featuredmedia":[{"embeddable":true,"href":"https:\/\/kolektifmucadele1.org\/index.php\/wp-json\/"}],"wp:attachment":[{"href":"https:\/\/kolektifmucadele1.org\/index.php\/wp-json\/wp\/v2\/media?parent=1349"}],"wp:term":[{"taxonomy":"category","embeddable":true,"href":"https:\/\/kolektifmucadele1.org\/index.php\/wp-json\/wp\/v2\/categories?post=1349"},{"taxonomy":"post_tag","embeddable":true,"href":"https:\/\/kolektifmucadele1.org\/index.php\/wp-json\/wp\/v2\/tags?post=1349"},{"taxonomy":"manset","embeddable":true,"href":"https:\/\/kolektifmucadele1.org\/index.php\/wp-json\/wp\/v2\/manset?post=1349"}],"curies":[{"name":"wp","href":"https:\/\/api.w.org\/{rel}","templated":true}]}}