{"id":1446,"date":"2023-07-27T08:56:36","date_gmt":"2023-07-27T05:56:36","guid":{"rendered":"https:\/\/kolektifmucadele.org\/2023\/07\/27\/senyasar-ailesi-mecliste-aciklama-yapti\/"},"modified":"2023-07-27T08:56:36","modified_gmt":"2023-07-27T05:56:36","slug":"senyasar-ailesi-mecliste-aciklama-yapti","status":"publish","type":"post","link":"https:\/\/kolektifmucadele1.org\/index.php\/2023\/07\/27\/senyasar-ailesi-mecliste-aciklama-yapti\/","title":{"rendered":"\u015eENYA\u015eAR A\u0130LES\u0130 , MECL\u0130STE A\u00c7IKLAMA YAPTI"},"content":{"rendered":"\n<p>Ye\u015fil Sol Parti Urfa Milletvekilli Ferit \u015eenya\u015far, Urfa Adliyesi \u00f6n\u00fcnde ba\u015flatt\u0131klar\u0131 ve Ankara\u2019ya ta\u015f\u0131may\u0131 planlad\u0131klar\u0131 Adalet N\u00f6beti eylemlerine dair mecliste a\u00e7\u0131klamalarda bulundu.<\/p>\n\n\n\n<p><em>Mezopotamya Ajans\u0131<\/em>\u2019nda yer alan habere g\u00f6re, \u015eenya\u015far<em>&nbsp;\u201cBe\u015f y\u0131ld\u0131r dinmeyen ac\u0131. Be\u015f y\u0131ld\u0131r akan g\u00f6zya\u015flar\u0131. Be\u015f y\u0131ld\u0131r devam eden z\u00fcl\u00fcm. Be\u015f y\u0131ld\u0131r gelmeyen adalet\u201d<\/em>&nbsp;ifadelerini kulland\u0131. \u015eenya\u015far, iki \u00e7ocu\u011fu ile e\u015fi katledilen ve bir o\u011flu tutuklu bulunan annesinin \u201c<em>Adalet<\/em>\u201d talebiyle Ankara\u2019ya geldi\u011fini s\u00f6yledi.<\/p>\n\n\n\n<p>Ferit \u015eenya\u015far, annesinin 68 ya\u015f\u0131na ra\u011fmen 846 g\u00fcn Urfa Adliyesi \u00f6n\u00fcnde n\u00f6bet tuttu\u011funu, tek talebinin ise adaletin sa\u011flanmas\u0131 oldu\u011funu belirtti. \u015eenya\u015far devam\u0131nda \u015funlar\u0131 s\u00f6yledi:<\/p>\n\n\n\n<blockquote class=\"wp-block-quote is-layout-flow wp-block-quote-is-layout-flow\">\n<p><em>\u201cBiz bu a\u00e7\u0131klamadan sonra Adalet Bakanl\u0131\u011f\u0131\u2019na g\u00f6r\u00fc\u015fme talebi iletece\u011fiz. E\u011fer adaletin sa\u011flanaca\u011f\u0131na dair bize s\u00f6z verirlerse biz oradan ayr\u0131l\u0131p gidece\u011fiz. Anne Ankara\u2019da kalmak istemiyor. Hem g\u00f6zlerinden hem de dizlerinden ameliyat olmas\u0131 laz\u0131m. Adalet gelmedi\u011fi s\u00fcrece tedavi olmayaca\u011f\u0131n\u0131 s\u00f6yl\u00fcyor. E\u011fer adalet sa\u011flanmazsa m\u00fccadelemizi Ankara\u2019da s\u00fcrd\u00fcrece\u011fiz.\u201d<\/em><\/p>\n<\/blockquote>\n\n\n\n<h3 class=\"wp-block-heading\"><strong>Anne \u015eenya\u015far: \u00c7ocu\u011fumu b\u0131raks\u0131nlar!<\/strong><\/h3>\n\n\n\n<p>&nbsp;A\u00e7\u0131klamada s\u00f6z alan anne Emine \u015eenya\u015far ise \u015funlar\u0131 s\u00f6yledi:<\/p>\n\n\n\n<blockquote class=\"wp-block-quote is-layout-flow wp-block-quote-is-layout-flow\">\n<p><em>\u201cO\u011flumu b\u0131raks\u0131nlar. Art\u0131k yeter. Ben de evime ve torunlar\u0131m\u0131n yan\u0131na gideyim. Ailemi katlettiler, o\u011flumu hapse att\u0131lar. E\u015fimi g\u00f6zlerimin \u00f6n\u00fcnde katlettiler. E\u011fer o\u011flumu b\u0131rakmazlarsa ben Adalet Bakanl\u0131\u011f\u0131 \u00f6n\u00fcnde oturmaya devam edece\u011fim. Erdo\u011fan da \u00e7ok iyi biliyor, h\u00fck\u00fcmet de \u00e7ok iyi biliyor ki benim \u00e7ocu\u011fumun hi\u00e7bir su\u00e7u yok. Kay\u0131tlar\u0131 \u00e7\u0131kars\u0131nlar, e\u011fer \u00e7ocuklar\u0131m su\u00e7lu ise di\u011fer iki \u00e7ocu\u011fumu da tutuklas\u0131nlar.\u201d<\/em><\/p>\n<\/blockquote>\n\n\n\n<h3 class=\"wp-block-heading\"><strong>Adalet Bakanl\u0131\u011f\u0131\u2019na y\u00fcr\u00fcmek isteyen \u015eenya\u015far ailesi engellendi<\/strong><\/h3>\n\n\n\n<p>\u015eenya\u015far ailesi Meclis\u2019in Dikmen kap\u0131s\u0131 \u00f6n\u00fcnde polislerce engellendi. Aile burada ablukaya al\u0131nd\u0131 ve bunun \u00fczerine oturma eylemi ba\u015flatt\u0131. Bekleyi\u015f devam ederken, polisler y\u00fcr\u00fcy\u00fc\u015f\u00fc takip etmek isteyen gazetecileri alandan uzakla\u015ft\u0131rd\u0131.<\/p>\n\n\n\n<h3 class=\"wp-block-heading\"><strong>\u015eenya\u015far ailesi bakanl\u0131k binas\u0131na al\u0131nmad\u0131<\/strong><\/h3>\n\n\n\n<p>Meclis \u00f6n\u00fcnde bir s\u00fcre oturma eylemi yap\u0131ld\u0131. Daha sonra aile polis ablukas\u0131n\u0131 a\u015farak Adalet Bakanl\u0131\u011f\u0131\u2019na y\u00fcr\u00fcd\u00fc ve binaya girmek istedi. Bakanl\u0131k binas\u0131nda bulunan ki\u015filer, bakan ile yard\u0131mc\u0131s\u0131n\u0131n binada olmad\u0131\u011f\u0131n\u0131 s\u00f6yleyip, ailenin bakanl\u0131k binas\u0131na girmemesi i\u00e7in kap\u0131y\u0131 kapatt\u0131. \u015eenya\u015far ailesi daha sonra Meclis\u2019e geri d\u00f6nd\u00fc.<\/p>\n","protected":false},"excerpt":{"rendered":"<p>Ye\u015fil Sol Parti Urfa Milletvekilli Ferit \u015eenya\u015far,&#46;&#46;&#46;<\/p>\n","protected":false},"author":1,"featured_media":1445,"comment_status":"closed","ping_status":"open","sticky":false,"template":"","format":"standard","meta":{"footnotes":""},"categories":[5],"tags":[],"manset":[],"class_list":["post-1446","post","type-post","status-publish","format-standard","has-post-thumbnail","hentry","category-etkinlikler"],"amp_enabled":true,"_links":{"self":[{"href":"https:\/\/kolektifmucadele1.org\/index.php\/wp-json\/wp\/v2\/posts\/1446","targetHints":{"allow":["GET"]}}],"collection":[{"href":"https:\/\/kolektifmucadele1.org\/index.php\/wp-json\/wp\/v2\/posts"}],"about":[{"href":"https:\/\/kolektifmucadele1.org\/index.php\/wp-json\/wp\/v2\/types\/post"}],"author":[{"embeddable":true,"href":"https:\/\/kolektifmucadele1.org\/index.php\/wp-json\/wp\/v2\/users\/1"}],"replies":[{"embeddable":true,"href":"https:\/\/kolektifmucadele1.org\/index.php\/wp-json\/wp\/v2\/comments?post=1446"}],"version-history":[{"count":0,"href":"https:\/\/kolektifmucadele1.org\/index.php\/wp-json\/wp\/v2\/posts\/1446\/revisions"}],"wp:featuredmedia":[{"embeddable":true,"href":"https:\/\/kolektifmucadele1.org\/index.php\/wp-json\/"}],"wp:attachment":[{"href":"https:\/\/kolektifmucadele1.org\/index.php\/wp-json\/wp\/v2\/media?parent=1446"}],"wp:term":[{"taxonomy":"category","embeddable":true,"href":"https:\/\/kolektifmucadele1.org\/index.php\/wp-json\/wp\/v2\/categories?post=1446"},{"taxonomy":"post_tag","embeddable":true,"href":"https:\/\/kolektifmucadele1.org\/index.php\/wp-json\/wp\/v2\/tags?post=1446"},{"taxonomy":"manset","embeddable":true,"href":"https:\/\/kolektifmucadele1.org\/index.php\/wp-json\/wp\/v2\/manset?post=1446"}],"curies":[{"name":"wp","href":"https:\/\/api.w.org\/{rel}","templated":true}]}}