{"id":152,"date":"2022-10-11T06:53:33","date_gmt":"2022-10-11T03:53:33","guid":{"rendered":"https:\/\/kolektifmucadele.org\/2022\/10\/11\/cozum-secim-ittifaklarinda-degil-sokakta-mucadelede\/"},"modified":"2022-10-11T06:53:33","modified_gmt":"2022-10-11T03:53:33","slug":"cozum-secim-ittifaklarinda-degil-sokakta-mucadelede","status":"publish","type":"post","link":"https:\/\/kolektifmucadele1.org\/index.php\/2022\/10\/11\/cozum-secim-ittifaklarinda-degil-sokakta-mucadelede\/","title":{"rendered":"\u00c7\u00d6Z\u00dcM SE\u00c7\u0130M \u0130TT\u0130FAKLARINDA DE\u011e\u0130L  , SOKAKTA M\u00dcCADELEDE"},"content":{"rendered":"\n<p>\u00dclke 2023 se\u00e7imlerine kilitlenmi\u015f durumda. Bu se\u00e7imlere herkes s\u0131n\u0131fsal olarak konumland\u0131\u011f\u0131 yere g\u00f6re yakla\u015f\u0131m y\u00fcklemekte. Ama ger\u00e7ek olan bir \u015fey varsa, o da kriz ve bunal\u0131m i\u00e7inde olan fa\u015fist sistemin varl\u0131\u011f\u0131n\u0131 devam ettirebilmesi i\u00e7in yenilenmeye ihtiya\u00e7 duydu\u011fudur.<\/p>\n\n\n\n<p>\u0130\u015fte bu noktada herkes bu ihtimal kar\u015f\u0131s\u0131nda konumlan\u0131rken, olu\u015facak de\u011fi\u015fiklikte iktidar olma ya da olu\u015facak iktidardan pay alma \u00e7abas\u0131nda.<\/p>\n\n\n\n<p>Sistemin t\u0131kan\u0131kl\u0131\u011f\u0131na \u00e7\u00f6z\u00fcm olarak sunulan ba\u015fkanl\u0131k sisteminin \u00e7\u0131kmaz\u0131 ve yeniden dizayn edilme ihtiyac\u0131 ve bu temelde egemen s\u0131n\u0131f partileri Cumhur \u0130ttifak\u0131 ve Millet \u0130ttifak\u0131 ile se\u00e7im odakl\u0131 bloklar olu\u015fturarak bir safla\u015fmaya gitti.<\/p>\n\n\n\n<p>Fa\u015fist sistemin krizinin a\u015f\u0131lmas\u0131 ve yenilenme ihtiyac\u0131 kar\u015f\u0131s\u0131nda egemen s\u0131n\u0131f temsilcileri nezdinde iki kli\u011fin tuttu\u011fu bu iki ittifak d\u0131\u015f\u0131nda ise \u201csol\u201d, \u201csosyalist\u201d olarak kendisini adland\u0131ran yap\u0131lar\u0131n olu\u015fturdu\u011fu ittifaklar. K\u00fcrt \u00f6zg\u00fcrl\u00fck m\u00fccadelesinin legal alandaki temsilcisi ve se\u00e7imlerde burjuva klikte ki her iki ittifak\u0131nda kazanmas\u0131 i\u00e7in deste\u011fine ihtiya\u00e7 duydu\u011fu HDP ve onun \u00f6nc\u00fcl\u00fc\u011f\u00fcnde olu\u015fan \u201cEmek ve \u00d6zg\u00fcrl\u00fck \u0130ttifak\u0131\u201d ve \u201cSosyalist G\u00fc\u00e7 Birli\u011fi\u201d<\/p>\n\n\n\n<p>\u00d6ncelikle \u015funu belirtmeliyiz ki, \u201cSosyalist G\u00fc\u00e7 Birli\u011fi\u201dnin ismi d\u0131\u015f\u0131nda sosyalistlikten \u00e7ok uzak sistem i\u00e7inde kendisine yer arayan ve \u015fovenizmin zehrinden bir t\u00fcrl\u00fc kendisini kurtaramad\u0131\u011f\u0131 i\u00e7in de HDP&#8217;den uzak durmaktalar.&nbsp;Ancak bunlar gibi d\u00fc\u015f\u00fcn\u00fcpte sadece HDP \u00fczerinde protokol, koltuk pe\u015finde olanlar\u0131n bir k\u0131smi Emek ve \u00d6zg\u00fcrl\u00fck ittifak\u0131 i\u00e7inde yer ald\u0131lar. K\u00fcrt sorunu konusunda programlar\u0131nda Kemalist, pratik duru\u015flar\u0131yla Sosyalist G\u00fc\u00e7 Birli\u011finde farkl\u0131 olmayanlar\u0131n hesab\u0131 belli, burada kendine imkan sa\u011flamak.&nbsp;Asl\u0131nda bug\u00fcne kadar olanlarda bir fark varsa o da bu kervana belediye se\u00e7imlerinde HDP ile ayr\u0131 duran \u201cdevrimci yerel y\u00f6netimler anlay\u0131\u015f\u0131\u201d ile ba\u015flayan \u0130brahim Kaypakkaya gelene\u011finin de eklen SMF, biraz utanga\u00e7ta olsa s\u00fcreci parlamentarizmi de katarak ilerliyor.<\/p>\n\n\n\n<p>As\u0131l olarak ilgin\u00e7 olan\u0131n ise herkesin ittifak\u0131n\u0131n \u201cse\u00e7im endeksli olmad\u0131\u011f\u0131\u201d s\u00f6ylemidir. Ger\u00e7ekte \u00f6ylemi? O zaman sormak gerekmiyor mu niye ayr\u0131 yerdesiniz? Ya da K\u00fcrt sorunu d\u0131\u015f\u0131nda deklarasyonlarda fark nedir?&nbsp;Hatta K\u00fcrt sorunu \u00e7\u0131kar\u0131ld\u0131\u011f\u0131nda Millet \u0130ttifak\u0131nda fark\u0131 nedir?&nbsp;Asl\u0131nda ya\u015fanan her se\u00e7im d\u00f6neminde olan\u0131n tekrar\u0131. Reformist, liberal parti ve hareketler, her se\u00e7im \u00f6ncesinde, d\u00f6n\u00fcp dola\u015f\u0131p bir \u201cbirlik\u201d ilan ediyorlar, g\u00fc\u00e7lerini birle\u015ftiriyorlar, sonra ne oluyorsa, da\u011f\u0131l\u0131yorlar. Bir sonraki se\u00e7im arifesine kadar. Bug\u00fcn de tekrarlanan ayn\u0131s\u0131d\u0131r.<\/p>\n\n\n\n<p>Art\u0131k kli\u015fe hale gelen: \u201cBiz birli\u011fi sadece se\u00e7imlerle s\u0131n\u0131rl\u0131 tutmuyoruz, birli\u011fimiz se\u00e7imlerle s\u0131n\u0131rl\u0131 de\u011fil\u201d. Su\u00e7kuluk psikolojisiyle \u201cparlamentarist\u201d diye an\u0131lmamak i\u00e7in bir \u00e7aba i\u00e7indeler. Devrimci, sosyalist vb sloganlarda devrimci bir duru\u015f ve devrimci bir hedefleri oldu\u011fu imaj\u0131yla, devrimci g\u00f6r\u00fcnmek istiyorlar.<\/p>\n\n\n\n<p>Teori de haz\u0131r, Erdo\u011fan AKP-MHP fa\u015fizmden kurtulmak i\u00e7in bug\u00fcn acil g\u00f6rev \u201cErdo\u011fan&#8217;\u0131n yeniden se\u00e7ilmesine engellemek\u201d s\u00f6ylemiyle y\u00fcr\u00fctt\u00fckleri pazarl\u0131klarla kitleleri \u201cMillet \u0130ttifak\u0131\u201d \u00fczerinden burjuvazinin kuyru\u011funa takmak\u2026 Bunu herkesten a\u00e7\u0131k ifade edense T\u0130P Genel Ba\u015fkan\u0131, \u201cBiz, &#8216;Millet \u0130ttifak\u0131&#8217;n\u0131n aday\u0131n\u0131 desteklemeye haz\u0131r\u0131z, yeter ki ikinci bir Ekmeleddin vakas\u0131 yapmay\u0131n\u201d diyerek asl\u0131nda herkesin duygular\u0131na terc\u00fcman oluyor.&nbsp;\u00d6yle ya, fa\u015fizm AKP-MHP\u2019den ibret devletin karakteri fa\u015fist, s\u00f6m\u00fcrgeci de\u011fil, ya\u015fananlar\u0131n bir sistem sorunu de\u011fil, k\u00f6t\u00fcl\u00fcklerin nedeni sadece Erdo\u011fan\u2026<\/p>\n\n\n\n<p>\u201cBiz birli\u011fi sadece se\u00e7imlerle s\u0131n\u0131rl\u0131 tutmuyoruz, birli\u011fimiz se\u00e7imlerle s\u0131n\u0131rl\u0131 de\u011fil\u201d diyerek her ittifak\u0131n di\u011ferini se\u00e7im endeksli olmakla su\u00e7larken s\u00f6ylem ve slogandan \u00f6te pratik en iyi g\u00f6sterge. Pratik t\u00fcm bu s\u00f6ylemlerinin salt ajitasyon oldu\u011funu o kadar g\u00fczel g\u00f6stermektedir ki, ba\u015fka bir s\u00f6ze gerek b\u0131rakmamaktad\u0131r. \u0130ki fedai K\u00fcrt kad\u0131n\u0131n eylemi kar\u015f\u0131s\u0131nda k\u0131nama yar\u0131\u015f\u0131na girenler ve ittifak\u0131n kamburu kar\u015f\u0131s\u0131nda yutkunmak zorunda kalanlar\u0131n suskunlu\u011fu her \u015feyi ortaya koymaktad\u0131r. Yada \u0130ran\u2019da J\u00eena Em\u00een\u00ee&#8217;ye y\u00f6nelik g\u00f6sterilen refleksle, 4 Ekim\u2019de Irak K\u00fcrdistan S\u00fcleymaniye\u2019de fa\u015fist s\u00f6m\u00fcrgeci rejimi ve i\u015fbirlik\u00e7i ihanet \u00e7etesi KDP&#8217;nin deste\u011fiyle Jinekoloji Dergisi Edit\u00f6r\u00fc Nagihan Akarsel katliam\u0131na kar\u015f\u0131 g\u00f6sterilen duyars\u0131zl\u0131k, K\u00fcrdistan\u2019da y\u00fcr\u00fct\u00fclen sava\u015fa ve soyk\u0131r\u0131m kar\u015f\u0131s\u0131nda ki duyars\u0131zl\u0131k her \u015feyi a\u00e7\u0131klam\u0131yor mu?<\/p>\n\n\n\n<p>\u00d6z\u00fcnde, reformist, liberal parti ve yap\u0131lar, ya\u015fanan kriz ve fa\u015fizmin \u00e7\u0131kmaz\u0131nda devrimi \u00f6rg\u00fctlemek de\u011fil, onlara g\u00f6re, burjuvaziyle uzla\u015fmaya, sosyalizme gidilecekse de yava\u015f yava\u015f, devrimci yoldan, bar\u0131\u015f\u00e7\u0131l geli\u015fme yoluyla, var\u0131laca\u011f\u0131d\u0131r.<\/p>\n\n\n\n<p>\u00d6ncelikle \u00fclkemizde yap\u0131lacak, ya da yap\u0131lmas\u0131 olas\u0131 se\u00e7imlerin \u00f6nmeli oldu\u011funu ink\u00e2r etmiyoruz ama bug\u00fcn ya\u015fanalar kar\u015f\u0131s\u0131nda m\u00fccadelemizin oda\u011f\u0131na se\u00e7imi koymuyoruz. \u0130\u00e7inden ge\u00e7ti\u011fimiz s\u00fcre\u00e7te d\u00fcnyan\u0131n her yan\u0131nda, emperyalist sava\u015flar ve onlar\u0131n k\u0131\u015fk\u0131rtmas\u0131yla b\u00f6lgesel silahl\u0131 \u00e7at\u0131\u015fmalar giderek artmakta. Bu \u00e7at\u0131\u015fmalarda her g\u00fcn y\u00fczlerce insan \u00f6ld\u00fcr\u00fcl\u00fcyor, binlercesi yaralan\u0131yor ya da bulundu\u011fu alanlar\u0131 terk ederek g\u00f6\u00e7 yollar\u0131na ak\u0131n ediyor. Ve t\u00fcm d\u00fcnya halklar\u0131 her ge\u00e7en g\u00fcn daha da yoksulla\u015f\u0131yor. Emperyalist-kapitalist sistem korkun\u00e7 bir kriz i\u00e7inde. Onlar\u0131n bu krizini a\u015fmak i\u00e7in att\u0131klar\u0131 ad\u0131mlar ve \u00e7\u0131kard\u0131klar\u0131 sava\u015f halklara daha \u00e7ok yoksulluk demektir.<\/p>\n\n\n\n<p>\u00dclkemizde de durum farkl\u0131 de\u011fil. Sistemin a\u011f\u0131r bir kriz ekonomik \u00e7\u00f6k\u00fcnt\u00fc i\u00e7inde ve bu krizini \u00e7at\u0131\u015fmal\u0131 bir s\u00fcre\u00e7le giderme \u00e7abas\u0131nda. S\u0131k\u0131\u015fan iktidar i\u00e7eride etkili olsun diye d\u0131\u015far\u0131da sava\u015f politikas\u0131 s\u00fcrd\u00fcr\u00fcyor. K\u00fcrtler her daim hedef halinde. Milliyet\u00e7ilik ve din \u00fczerinden politikaya sar\u0131lmay\u0131 se\u00e7iyorlar. B\u00f6yle olunca i\u00e7eride bask\u0131 ve hukuksuzluk yeni bir boyut kazan\u0131yor. Onlar\u0131n bu kriz kar\u015f\u0131s\u0131nda devrimci, muhalif kesimlerin kendisini konumland\u0131raca\u011f\u0131 yer tabi ki se\u00e7imler de\u011fil emperyalizme fa\u015fizme kar\u015f\u0131 direni\u015fin mevzileri, soka\u011f\u0131n \u00f6rg\u00fctlenmesidir. Ya\u015fanan ko\u015fullarda devrimci duru\u015f ve tutum se\u00e7im endeksli safla\u015fma ve ittifaklar olamaz.<\/p>\n\n\n\n<p>Kald\u0131 ki bug\u00fcn \u00fclkede ya\u015fanan fa\u015fist-\u015feriat\u00e7\u0131 tek adam diktat\u00f6rl\u00fc\u011f\u00fcn\u00fcn \u00fclkeyi normal olarak Haziran ay\u0131nda yap\u0131lmas\u0131 gereken bir se\u00e7ime g\u00f6t\u00fcr\u00fcp g\u00f6t\u00fcrmeyece\u011fi, yada yap\u0131lacak olsa bile hangi ko\u015fullarda nas\u0131l bir se\u00e7im olaca\u011f\u0131 belirsizken. Burjuva muhalefetiyle birlikte ayn\u0131 \u00e7izgiye d\u00fc\u015ferek olu\u015fan tepki ve y\u00fckselen muhalefeti sistem kar\u015f\u0131tl\u0131\u011f\u0131 yerine se\u00e7im endeksli bir hata \u00e7ekmek ancak sistemin i\u015fine yarar.<\/p>\n\n\n\n<p>Kapitalizmin krizinin bir \u00e7\u00f6z\u00fcm\u00fc yok, dolay\u0131s\u0131yla kapitalizm i\u00e7inde onun sisteminin se\u00e7enekleri i\u00e7inde yollar arayarak bir \u00e7\u00f6z\u00fcm\u00fc yok. Yani kriz b\u00fcy\u00fck, \u00e7\u00f6k\u00fcnt\u00fc ka\u00e7\u0131n\u0131lmaz, bu \u00e7\u00f6k\u00fcnt\u00fc kar\u015f\u0131s\u0131nda kitlelerde giderek sistem i\u00e7i de\u011fi\u015fimlerle \u00e7\u00f6z\u00fclmesinin m\u00fcmk\u00fcn olmad\u0131\u011f\u0131 bilincinin giderek h\u00e2kim hale geldi\u011fi bir s\u00fcre\u00e7ten bahsediyoruz. Halklar\u0131m\u0131z\u0131n ho\u015fnutsuzluk ve beklentileri art\u0131k eski kal\u0131plar\u0131n, mevcut siyasal d\u00fczlemin, geleneksel \u00f6rg\u00fctlenmelerin s\u0131n\u0131rlar\u0131n\u0131 zorluyor. Ancak bu zorlama hen\u00fcz devrimci siyasete evriltilemedi\u011fi i\u00e7in siyasal \u00e7at\u0131\u015fma yine d\u00fczen i\u00e7i siyaset s\u0131n\u0131rlar\u0131 i\u00e7inde tan\u0131mlan\u0131yor.&nbsp;Devrimcilerin g\u00f6revi bu durumu tersine \u00e7evirmek, bu muazzam tepkiyi direk sisteme y\u00f6neltmektir.<\/p>\n\n\n\n<p>Kriz halinin egemen siyaset sahnesindeki yans\u0131malar\u0131n\u0131 daha \u00f6nce g\u00f6r\u00fclmedik bi\u00e7imde sermayenin ho\u015fnutsuzlu\u011funu da arkas\u0131na alan alternatif aray\u0131\u015flar\u0131, sa\u011f\u0131n par\u00e7alanmas\u0131, kontrgerilla i\u00e7i hareketlenme ve toplamda bir devlet krizi olarak ya\u015f\u0131yoruz. Cumhur \u0130ttifak\u0131\u2019n\u0131n \u00e7o\u011funluk deste\u011fini yitirmesi ve Millet \u0130ttifak\u0131\u2019n\u0131n da y\u00fckseli\u015fiyle bir iktidar de\u011fi\u015fikli\u011fi beklentisi yarat\u0131l\u0131yor.<\/p>\n\n\n\n<p>Fa\u015fizme kar\u015f\u0131 m\u00fccadele, direni\u015fte i\u015f\u00e7i s\u0131n\u0131f\u0131n\u0131, halk\u0131 ba\u011f\u0131ms\u0131z bir siyasal g\u00fc\u00e7 haline getirmek devrimcilerin iradi m\u00fcdahalesiyle m\u00fcmk\u00fcnd\u00fcr. Bu toplumsal ho\u015fnutsuzluk ve alttan alta kaynama isyan dalgas\u0131 elbette yeterli de\u011fil. Bunun i\u00e7indir ki, devrimci sosyalist g\u00fc\u00e7lere d\u00fc\u015fen g\u00f6rev mahallelerde, i\u015fyerlerinde, okullarda k\u0131sacas\u0131 hayat\u0131n her alan\u0131nda devrimci bir duru\u015fla bunu \u00f6rg\u00fctlemek ve \u00f6nc\u00fcl\u00fck etmektir.<\/p>\n\n\n\n<p>Devrimcilerin g\u00f6revi halk\u0131n, itiraz\u0131n\u0131 ve talebini dile getirmek ve \u00f6rg\u00fctlemek i\u00e7in se\u00e7ime odakl\u0131 olamaz. Me\u015fru, hakl\u0131 m\u00fccadelelerle haklar\u0131n\u0131 alabilece\u011fini, sald\u0131r\u0131lar kar\u015f\u0131s\u0131nda barikat olu\u015fturulabilece\u011fini g\u00f6stermek ve \u00f6rg\u00fctlemektir. Ya\u015fanan ve giderek sertle\u015fecek olan kriz ve \u00e7at\u0131\u015fmal\u0131 s\u00fcre\u00e7te bilinmeze de\u011fil, direni\u015fi \u00f6rg\u00fctlemek ve fa\u015fizme cephede sava\u015f a\u00e7makt\u0131r.<\/p>\n\n\n\n<p>Fa\u015fizm kar\u015f\u0131s\u0131nda devrimci sol, sosyalist, anti-fa\u015fist g\u00fc\u00e7ler aras\u0131nda ortak hareket aray\u0131\u015flar\u0131 hep s\u00fcre gelmi\u015ftir. Ya\u015fanan kriz ve siyasal \u00e7at\u0131\u015fma ko\u015fullar\u0131 bunu bir ihtiya\u00e7 olarak dayat\u0131yor.&nbsp;Ancak bu ihtiya\u00e7 bug\u00fcne kadar oldu\u011fu gibi pragmatist ve zarifli\u011fini gizleme, ya da se\u00e7im endeksli olmayaca\u011f\u0131 ortada.&nbsp;E\u011fer birliktelik ortak m\u00fccadele zeminlerini g\u00fc\u00e7lendirmiyor, m\u00fccadeleyi b\u00fcy\u00fctmeye y\u00f6nelik sonu\u00e7lar \u00fcretmiyorsa hi\u00e7bir anlam\u0131 da yoktur.<\/p>\n\n\n\n<p>Devrimci, sosyalist m\u00fccadele oda\u011f\u0131 ebette ki iktidar m\u00fccadelesidir. Bu da h\u00fck\u00fcmet de\u011fi\u015fikli\u011fiyle yetinmeyen, onu da i\u00e7eren ancak \u00fclkemizde fa\u015fizmin b\u00fct\u00fcn kurumsal yap\u0131s\u0131yla y\u0131k\u0131lmas\u0131n\u0131 hedefleyen bir m\u00fccadeledir. Siyasette g\u00fcndelik m\u00fccadele ile stratejik hedefler aras\u0131nda bir ba\u011f kuramad\u0131\u011f\u0131n\u0131zda, sadece birine odakland\u0131\u011f\u0131n\u0131zda savrulmak, ya da siyasetsiz kalmak ka\u00e7\u0131n\u0131lmaz. Bu nedenle sisteme kar\u015f\u0131 m\u00fccadele ile fa\u015fizme kar\u015f\u0131 m\u00fccadeleyi bir b\u00fct\u00fcnl\u00fck i\u00e7inde ele almak gerekti\u011fini s\u00f6yl\u00fcyoruz.<\/p>\n\n\n\n<p>Tekrarlayal\u0131m, bizler a\u00e7\u0131s\u0131ndan bug\u00fcn as\u0131l g\u00f6rev bu s\u00fcre\u00e7te \u00f6ncelikli fa\u015fizme ve onun sald\u0131r\u0131lar\u0131n\u0131n sava\u015fa, yokluk yoksullu\u011fa kar\u015f\u0131 direni\u015fi ve m\u00fccadeleyi \u00f6rg\u00fctlemektir.\u00a0Ku\u015fkusuz ki se\u00e7im g\u00fcndeme geldi\u011finde de hangi ko\u015fullarda ve nas\u0131l olaca\u011f\u0131 belirginle\u015ftik\u00e7e dost ve devrimci kurum ortakla\u015fma vb do\u011fru devrimci tutumumuzu ortaya koyaca\u011f\u0131z.<\/p>\n","protected":false},"excerpt":{"rendered":"<p>\u00dclke 2023 se\u00e7imlerine kilitlenmi\u015f durumda. Bu se\u00e7imlere&#46;&#46;&#46;<\/p>\n","protected":false},"author":1,"featured_media":151,"comment_status":"closed","ping_status":"open","sticky":false,"template":"","format":"standard","meta":{"footnotes":""},"categories":[2,7],"tags":[],"manset":[],"class_list":["post-152","post","type-post","status-publish","format-standard","has-post-thumbnail","hentry","category-basin-aciklamalari","category-makaleler"],"amp_enabled":true,"_links":{"self":[{"href":"https:\/\/kolektifmucadele1.org\/index.php\/wp-json\/wp\/v2\/posts\/152","targetHints":{"allow":["GET"]}}],"collection":[{"href":"https:\/\/kolektifmucadele1.org\/index.php\/wp-json\/wp\/v2\/posts"}],"about":[{"href":"https:\/\/kolektifmucadele1.org\/index.php\/wp-json\/wp\/v2\/types\/post"}],"author":[{"embeddable":true,"href":"https:\/\/kolektifmucadele1.org\/index.php\/wp-json\/wp\/v2\/users\/1"}],"replies":[{"embeddable":true,"href":"https:\/\/kolektifmucadele1.org\/index.php\/wp-json\/wp\/v2\/comments?post=152"}],"version-history":[{"count":0,"href":"https:\/\/kolektifmucadele1.org\/index.php\/wp-json\/wp\/v2\/posts\/152\/revisions"}],"wp:featuredmedia":[{"embeddable":true,"href":"https:\/\/kolektifmucadele1.org\/index.php\/wp-json\/wp\/v2\/media\/151"}],"wp:attachment":[{"href":"https:\/\/kolektifmucadele1.org\/index.php\/wp-json\/wp\/v2\/media?parent=152"}],"wp:term":[{"taxonomy":"category","embeddable":true,"href":"https:\/\/kolektifmucadele1.org\/index.php\/wp-json\/wp\/v2\/categories?post=152"},{"taxonomy":"post_tag","embeddable":true,"href":"https:\/\/kolektifmucadele1.org\/index.php\/wp-json\/wp\/v2\/tags?post=152"},{"taxonomy":"manset","embeddable":true,"href":"https:\/\/kolektifmucadele1.org\/index.php\/wp-json\/wp\/v2\/manset?post=152"}],"curies":[{"name":"wp","href":"https:\/\/api.w.org\/{rel}","templated":true}]}}