{"id":1546,"date":"2023-08-26T02:45:35","date_gmt":"2023-08-25T23:45:35","guid":{"rendered":"https:\/\/kolektifmucadele.org\/2023\/08\/26\/ankarada-kadina-siddet\/"},"modified":"2023-08-26T02:45:35","modified_gmt":"2023-08-25T23:45:35","slug":"ankarada-kadina-siddet","status":"publish","type":"post","link":"https:\/\/kolektifmucadele1.org\/index.php\/2023\/08\/26\/ankarada-kadina-siddet\/","title":{"rendered":"ANKARA&#8217;DA KADINA \u015e\u0130DDET"},"content":{"rendered":"\n<p>Ankara K\u0131z\u0131lay\u2019da kad\u0131nlara sald\u0131r\u0131da bulunan bir ba\u015fkomiser ve iki emniyet personelinin g\u00f6r\u00fcnt\u00fcleri bas\u0131na yans\u0131d\u0131. T24\u2019de yer alan habere g\u00f6re sald\u0131rganlar \u00f6nce a\u00e7\u0131\u011fa al\u0131nd\u0131 ard\u0131ndan da tutukland\u0131. Kad\u0131na y\u00f6nelik \u015fiddet her ge\u00e7en g\u00fcn artarken Ankara\u2019dan yans\u0131yan g\u00f6r\u00fcnt\u00fcler de istisnai denilebilecek olaylar de\u011fildir. Kad\u0131nlar evde, i\u015fte, sokakta, toplumsal ya\u015fam\u0131n her alan\u0131nda farkl\u0131 \u015fiddet bi\u00e7imleriyle bo\u011fu\u015fmakta, kad\u0131n cinayetlerine kurban gitmektedirler.<\/p>\n\n\n\n<p>AKP iktidar\u0131 \u0130stanbul S\u00f6zle\u015fmesi\u2019ni \u201caile yap\u0131s\u0131n\u0131 bozuyor\u201d gerek\u00e7esiyle fes etmi\u015f, \u015fimdilerde ise 6284 say\u0131l\u0131 yasaya g\u00f6z dikmi\u015ftir. Son infaz d\u00fczenlemesi ile kad\u0131n katillerini, istismarc\u0131lar\u0131 serbest b\u0131rakarak kad\u0131na y\u00f6nelik \u015fiddeti adeta te\u015fvik eden ad\u0131mlar\u0131na bir yenisini daha eklemi\u015ftir. AKP iktidar\u0131, gerici ortaklar\u0131 ve iktidar\u0131n g\u00f6lgesi olmaktan ba\u015fka bir i\u015flevi olmayan d\u00fczen partileri, k\u0131sacas\u0131 sermaye d\u00fczeni kad\u0131na y\u00f6nelik her t\u00fcrl\u00fc \u015fiddetin sorumlusudurlar. Ankara\u2019da sokak ortas\u0131nda kad\u0131nlara \u015fiddet uygulama c\u00fcreti g\u00f6steren emniyet g\u00f6revlileri de bu c\u00fcreti onlardan almaktad\u0131rlar. Benzer \u015fiddet g\u00f6r\u00fcnt\u00fcleri keyfi bir \u015fekilde yasaklanan kad\u0131n eylemlerinde ya\u015fanan polis sald\u0131r\u0131lar\u0131nda, g\u00f6zalt\u0131larda da ger\u00e7ekle\u015fmektedir.<\/p>\n\n\n\n<p>YRP\u2019li milletvekili \u201ckad\u0131nlar \u00e7al\u0131\u015ft\u0131\u011f\u0131 takdirde pavyona d\u00fc\u015fer\u201d diyebilmektedir. \u0130ktidar\u0131n topluma dayatt\u0131\u011f\u0131 gericilikten g\u00fc\u00e7 alanlar gen\u00e7lere ve kad\u0131nlara m\u00fcdahale etme hakk\u0131n\u0131 kendilerinde bulabilmektedirler. Mevcut halleriyle bile s\u0131n\u0131rl\u0131 olan \u0130stanbul S\u00f6zle\u015fmesi\u2019nden, 6284\u2019ten rahats\u0131z olanlar Ankara\u2019da oldu\u011fu gibi sokak ortas\u0131nda kad\u0131nlar\u0131 d\u00f6vme c\u00fcreti g\u00f6sterebilmektedirler.<\/p>\n\n\n\n<p>Sicili kirli iktidar g\u00f6stermelik tutuklamalar\u0131n ard\u0131ndan bu gerici grupta yer alanlar\u0131 ilk f\u0131rsatta serbest b\u0131rak\u0131p, r\u00fctbelerini y\u00fckseltip, \u00f6d\u00fcllendirecektir. Gerici sald\u0131rganlar\u0131n ve onlar\u0131 koruyanlar\u0131n pervazs\u0131z sald\u0131r\u0131lar\u0131na kar\u015f\u0131 dural\u0131m. Kad\u0131na y\u00f6nelik her t\u00fcrl\u00fc \u015fiddeti engelleyebilmek, \u015fiddetin sorumlular\u0131ndan hesap sorabilmek ise ancak i\u015f\u00e7i ve emek\u00e7ilerin \u00f6rg\u00fctl\u00fc g\u00fcc\u00fc ve bu \u00f6rg\u00fctl\u00fc g\u00fc\u00e7 i\u00e7erisinde emek\u00e7i kad\u0131nlar\u0131n \u00f6ne \u00e7\u0131kmas\u0131yla olabilecektir!<\/p>\n","protected":false},"excerpt":{"rendered":"<p>Ankara K\u0131z\u0131lay\u2019da kad\u0131nlara sald\u0131r\u0131da bulunan bir ba\u015fkomiser&#46;&#46;&#46;<\/p>\n","protected":false},"author":1,"featured_media":1545,"comment_status":"closed","ping_status":"open","sticky":false,"template":"","format":"standard","meta":{"footnotes":""},"categories":[10],"tags":[],"manset":[],"class_list":["post-1546","post","type-post","status-publish","format-standard","has-post-thumbnail","hentry","category-kadin"],"amp_enabled":true,"_links":{"self":[{"href":"https:\/\/kolektifmucadele1.org\/index.php\/wp-json\/wp\/v2\/posts\/1546","targetHints":{"allow":["GET"]}}],"collection":[{"href":"https:\/\/kolektifmucadele1.org\/index.php\/wp-json\/wp\/v2\/posts"}],"about":[{"href":"https:\/\/kolektifmucadele1.org\/index.php\/wp-json\/wp\/v2\/types\/post"}],"author":[{"embeddable":true,"href":"https:\/\/kolektifmucadele1.org\/index.php\/wp-json\/wp\/v2\/users\/1"}],"replies":[{"embeddable":true,"href":"https:\/\/kolektifmucadele1.org\/index.php\/wp-json\/wp\/v2\/comments?post=1546"}],"version-history":[{"count":0,"href":"https:\/\/kolektifmucadele1.org\/index.php\/wp-json\/wp\/v2\/posts\/1546\/revisions"}],"wp:featuredmedia":[{"embeddable":true,"href":"https:\/\/kolektifmucadele1.org\/index.php\/wp-json\/"}],"wp:attachment":[{"href":"https:\/\/kolektifmucadele1.org\/index.php\/wp-json\/wp\/v2\/media?parent=1546"}],"wp:term":[{"taxonomy":"category","embeddable":true,"href":"https:\/\/kolektifmucadele1.org\/index.php\/wp-json\/wp\/v2\/categories?post=1546"},{"taxonomy":"post_tag","embeddable":true,"href":"https:\/\/kolektifmucadele1.org\/index.php\/wp-json\/wp\/v2\/tags?post=1546"},{"taxonomy":"manset","embeddable":true,"href":"https:\/\/kolektifmucadele1.org\/index.php\/wp-json\/wp\/v2\/manset?post=1546"}],"curies":[{"name":"wp","href":"https:\/\/api.w.org\/{rel}","templated":true}]}}