{"id":1550,"date":"2023-08-27T03:37:35","date_gmt":"2023-08-27T00:37:35","guid":{"rendered":"https:\/\/kolektifmucadele.org\/2023\/08\/27\/596-f-oturmasi\/"},"modified":"2023-08-27T03:37:35","modified_gmt":"2023-08-27T00:37:35","slug":"596-f-oturmasi","status":"publish","type":"post","link":"https:\/\/kolektifmucadele1.org\/index.php\/2023\/08\/27\/596-f-oturmasi\/","title":{"rendered":"596. F OTURMASI"},"content":{"rendered":"\n<p>\u0130nsan Haklar\u0131 Derne\u011fi (\u0130HD) \u0130stanbul \u015eubesi Hapishane Komisyonu 596. F Oturmas\u0131\u2019nda hasta tutsak \u00d6nder Poyraz\u2019\u0131n serbest b\u0131rak\u0131lmas\u0131n\u0131 istedi.<\/p>\n\n\n\n<p>Saat 13.30\u2019da \u015fube binas\u0131 \u00f6n\u00fcnde d\u00fczenlenen bas\u0131n a\u00e7\u0131klamas\u0131nda yap\u0131lan a\u00e7\u0131klamada halen Erzurum Dumlu 2 Nolu Y\u00fcksek G\u00fcvenlikli Hapishanesi\u2019nde tutulmakta olan a\u011f\u0131r hasta tutsak \u00d6nder Poyraz\u0131n sa\u011fl\u0131k durumu \u015f\u00f6yle aktar\u0131ld\u0131:<\/p>\n\n\n\n<p>&#8220;\u00d6nder Poyraz ge\u00e7irdi\u011fi fel\u00e7 nedeniyle sa\u011f kolunu kullanam\u0131yor, a\u011f\u0131r mide rahats\u0131zl\u0131\u011f\u0131na ba\u011fl\u0131 olarak yeterli beslenemiyor,&nbsp; omurga yaralanmas\u0131&nbsp; nedeniyle tak\u0131lan platine ba\u011fl\u0131 a\u011fr\u0131 ve hareket k\u0131s\u0131tl\u0131l\u0131\u011f\u0131 ya\u015f\u0131yor, bir b\u00f6bre\u011fi tamamen \u00e7al\u0131\u015fmad\u0131\u011f\u0131ndan tek b\u00f6brekle hayat\u0131n\u0131 devam ettirmeye \u00e7al\u0131\u015f\u0131yor.&#8221;<\/p>\n\n\n\n<p>Poyraz\u2019\u0131n tedavisi engellendi\u011fi i\u00e7in sa\u011fl\u0131k durumu daha k\u00f6t\u00fcle\u015fti\u011fi anlat\u0131lan a\u00e7\u0131klama \u015fu ifadelerle son buldu:<\/p>\n\n\n\n<p><em>\u201cA\u011f\u0131r hasta mahpus \u00d6nder Poyraz&nbsp; ve b\u00fct\u00fcn a\u011f\u0131r hasta mahpuslar\u0131n serbest b\u0131rak\u0131larak, sa\u011fl\u0131k ve ya\u015fam haklar\u0131n\u0131n korunmas\u0131 i\u00e7in yetkilileri g\u00f6reve, kamuoyunu duyarl\u0131l\u0131\u011fa \u00e7a\u011f\u0131r\u0131yoruz.\u201d<\/em><\/p>\n\n\n\n<p>Eylem sloganlarla bitirildi.<\/p>\n","protected":false},"excerpt":{"rendered":"<p>\u0130nsan Haklar\u0131 Derne\u011fi (\u0130HD) \u0130stanbul \u015eubesi Hapishane&#46;&#46;&#46;<\/p>\n","protected":false},"author":1,"featured_media":1549,"comment_status":"closed","ping_status":"open","sticky":false,"template":"","format":"standard","meta":{"footnotes":""},"categories":[5],"tags":[],"manset":[],"class_list":["post-1550","post","type-post","status-publish","format-standard","has-post-thumbnail","hentry","category-etkinlikler"],"amp_enabled":true,"_links":{"self":[{"href":"https:\/\/kolektifmucadele1.org\/index.php\/wp-json\/wp\/v2\/posts\/1550","targetHints":{"allow":["GET"]}}],"collection":[{"href":"https:\/\/kolektifmucadele1.org\/index.php\/wp-json\/wp\/v2\/posts"}],"about":[{"href":"https:\/\/kolektifmucadele1.org\/index.php\/wp-json\/wp\/v2\/types\/post"}],"author":[{"embeddable":true,"href":"https:\/\/kolektifmucadele1.org\/index.php\/wp-json\/wp\/v2\/users\/1"}],"replies":[{"embeddable":true,"href":"https:\/\/kolektifmucadele1.org\/index.php\/wp-json\/wp\/v2\/comments?post=1550"}],"version-history":[{"count":0,"href":"https:\/\/kolektifmucadele1.org\/index.php\/wp-json\/wp\/v2\/posts\/1550\/revisions"}],"wp:featuredmedia":[{"embeddable":true,"href":"https:\/\/kolektifmucadele1.org\/index.php\/wp-json\/"}],"wp:attachment":[{"href":"https:\/\/kolektifmucadele1.org\/index.php\/wp-json\/wp\/v2\/media?parent=1550"}],"wp:term":[{"taxonomy":"category","embeddable":true,"href":"https:\/\/kolektifmucadele1.org\/index.php\/wp-json\/wp\/v2\/categories?post=1550"},{"taxonomy":"post_tag","embeddable":true,"href":"https:\/\/kolektifmucadele1.org\/index.php\/wp-json\/wp\/v2\/tags?post=1550"},{"taxonomy":"manset","embeddable":true,"href":"https:\/\/kolektifmucadele1.org\/index.php\/wp-json\/wp\/v2\/manset?post=1550"}],"curies":[{"name":"wp","href":"https:\/\/api.w.org\/{rel}","templated":true}]}}