{"id":1579,"date":"2023-08-31T22:17:48","date_gmt":"2023-08-31T19:17:48","guid":{"rendered":"https:\/\/kolektifmucadele.org\/2023\/08\/31\/trendyol-direnisi-suruyor\/"},"modified":"2023-08-31T22:17:48","modified_gmt":"2023-08-31T19:17:48","slug":"trendyol-direnisi-suruyor","status":"publish","type":"post","link":"https:\/\/kolektifmucadele1.org\/index.php\/2023\/08\/31\/trendyol-direnisi-suruyor\/","title":{"rendered":"TRENDYOL D\u0130REN\u0130\u015e\u0130 S\u00dcR\u00dcYOR"},"content":{"rendered":"\n<p>Esenyurt\u2019ta bulunan Trendyol Depo\u2019da PTT-SEN ve DGD-SEN \u00fcyesi i\u015f\u00e7ilerin direni\u015fi 4\u2019\u00fcnc\u00fc g\u00fcn\u00fcn\u00fc geride b\u0131rakt\u0131.<\/p>\n\n\n\n<p>Sendikal\u0131 oldu\u011fu i\u00e7in i\u015ften \u00e7\u0131kar\u0131lan i\u015f\u00e7ilere bug\u00fcn (31 A\u011fustos) TOM\u0130S temsilcileri ve Plasmek direni\u015f\u00e7ileri dayan\u0131\u015fma ziyaretinde bulundu.<\/p>\n\n\n\n<p>Direni\u015fin 4\u2019\u00fcnc\u00fc g\u00fcn\u00fcnde yap\u0131lan a\u00e7\u0131klamada Trendyol\u2019un sponsoru oldu\u011fu S\u00fcper Lig tak\u0131mlar\u0131n\u0131n taraftar gruplar\u0131na seslenildi. \u0130\u015f\u00e7iler \u201cBiz i\u015f\u00e7ilere kar\u015f\u0131 yap\u0131lan haks\u0131zl\u0131\u011fa sessiz kalmay\u0131n, bize destek olun\u201d diye \u00e7a\u011fr\u0131 yapt\u0131.<\/p>\n\n\n\n<p>Direni\u015fte \u201cZafer direnen emek\u00e7ilerin olacak\u201d, \u201c\u0130\u015f\u00e7ilerin birli\u011fi sermayeyi yenecek\u201d sloganlar\u0131 at\u0131ld\u0131.<\/p>\n","protected":false},"excerpt":{"rendered":"<p>Esenyurt\u2019ta bulunan Trendyol Depo\u2019da PTT-SEN ve DGD-SEN&#46;&#46;&#46;<\/p>\n","protected":false},"author":1,"featured_media":1578,"comment_status":"closed","ping_status":"open","sticky":false,"template":"","format":"standard","meta":{"footnotes":""},"categories":[6],"tags":[],"manset":[],"class_list":["post-1579","post","type-post","status-publish","format-standard","has-post-thumbnail","hentry","category-emek"],"amp_enabled":true,"_links":{"self":[{"href":"https:\/\/kolektifmucadele1.org\/index.php\/wp-json\/wp\/v2\/posts\/1579","targetHints":{"allow":["GET"]}}],"collection":[{"href":"https:\/\/kolektifmucadele1.org\/index.php\/wp-json\/wp\/v2\/posts"}],"about":[{"href":"https:\/\/kolektifmucadele1.org\/index.php\/wp-json\/wp\/v2\/types\/post"}],"author":[{"embeddable":true,"href":"https:\/\/kolektifmucadele1.org\/index.php\/wp-json\/wp\/v2\/users\/1"}],"replies":[{"embeddable":true,"href":"https:\/\/kolektifmucadele1.org\/index.php\/wp-json\/wp\/v2\/comments?post=1579"}],"version-history":[{"count":0,"href":"https:\/\/kolektifmucadele1.org\/index.php\/wp-json\/wp\/v2\/posts\/1579\/revisions"}],"wp:featuredmedia":[{"embeddable":true,"href":"https:\/\/kolektifmucadele1.org\/index.php\/wp-json\/"}],"wp:attachment":[{"href":"https:\/\/kolektifmucadele1.org\/index.php\/wp-json\/wp\/v2\/media?parent=1579"}],"wp:term":[{"taxonomy":"category","embeddable":true,"href":"https:\/\/kolektifmucadele1.org\/index.php\/wp-json\/wp\/v2\/categories?post=1579"},{"taxonomy":"post_tag","embeddable":true,"href":"https:\/\/kolektifmucadele1.org\/index.php\/wp-json\/wp\/v2\/tags?post=1579"},{"taxonomy":"manset","embeddable":true,"href":"https:\/\/kolektifmucadele1.org\/index.php\/wp-json\/wp\/v2\/manset?post=1579"}],"curies":[{"name":"wp","href":"https:\/\/api.w.org\/{rel}","templated":true}]}}