{"id":1589,"date":"2023-08-31T22:25:30","date_gmt":"2023-08-31T19:25:30","guid":{"rendered":"https:\/\/kolektifmucadele.org\/2023\/08\/31\/gabonda-askeri-darbe\/"},"modified":"2023-08-31T22:25:30","modified_gmt":"2023-08-31T19:25:30","slug":"gabonda-askeri-darbe","status":"publish","type":"post","link":"https:\/\/kolektifmucadele1.org\/index.php\/2023\/08\/31\/gabonda-askeri-darbe\/","title":{"rendered":"GABON&#8217;DA ASKER\u00ce DARBE"},"content":{"rendered":"\n<p>Afrika k\u0131tas\u0131nda askeri bir darbe daha ger\u00e7ekle\u015fti. Bat\u0131 Afrika \u00fclkesi Gabon\u2019da ordu y\u00f6netimi ele ge\u00e7irdi\u011fini duyurdu.<\/p>\n\n\n\n<p>\u00c7ar\u015famba g\u00fcn\u00fc Gabon 24 TV kanal\u0131na \u00e7\u0131kan bir grup \u00fcst d\u00fczey yetkili, h\u00fck\u00fcmetin devrildi\u011fini duyurdu. Son se\u00e7imler inand\u0131r\u0131c\u0131 olmad\u0131 ve sonu\u00e7lar iptal edildi. Devlet kurumlar\u0131 feshedildi ve s\u0131n\u0131rlar bir sonraki duyuruya kadar kapat\u0131ld\u0131. &nbsp;Askerler, \u201cGabonese halk\u0131 ad\u0131na (&#8230;) mevcut rejime son vererek bar\u0131\u015f\u0131 savunmaya karar verdik\u201d dedi. K\u0131sa bir s\u00fcre \u00f6nce se\u00e7im komisyonu, Ba\u015fkan Ali Bongo Ondimba\u2019n\u0131n ba\u015fkanl\u0131k se\u00e7imlerinde oylar\u0131n y\u00fczde 64\u2019\u00fcn\u00fc alarak ezici zaferini ilan etmi\u015fti. Cumartesi g\u00fcn\u00fc yakla\u015f\u0131k 2,3 milyon n\u00fcfusun 850 bini oy kullanmaya \u00e7a\u011fr\u0131ld\u0131. \u0130lk kez Cumhurba\u015fkan\u0131, Parlamento ve belediye d\u00fczeyinde ayn\u0131 anda se\u00e7im yap\u0131ld\u0131.<\/p>\n\n\n\n<p>\u0130ddia edilen sonu\u00e7 a\u00e7\u0131klanmadan \u00f6nce bile Cumartesi g\u00fcnk\u00fc oylaman\u0131n \u201c\u00f6zg\u00fcr ve adil\u201d oldu\u011fu d\u00fc\u015f\u00fcn\u00fclm\u00fcyordu. \u0130nternetin kapat\u0131lmas\u0131 ve h\u00fck\u00fcmetin gece soka\u011fa \u00e7\u0131kma yasa\u011f\u0131 ilan\u0131 nedeniyle 2,5 milyon n\u00fcfuslu petrol zengini \u00fclkeden son d\u00f6nemde neredeyse hi\u00e7 haber al\u0131nam\u0131yor. Baz\u0131 radyo ve televizyon kanallar\u0131 kapat\u0131ld\u0131 ve neredeyse hi\u00e7bir uluslararas\u0131 se\u00e7im g\u00f6zlemcisine izin verilmedi. Muhalefet aday\u0131 Albert Ondo Ossa, bir\u00e7ok sand\u0131kta kendi ad\u0131n\u0131n yaz\u0131l\u0131 oldu\u011fu oy pusulalar\u0131n\u0131n bulunmad\u0131\u011f\u0131n\u0131 s\u00f6yledi. Daha se\u00e7im g\u00fcn\u00fcnde muhalefet \u201cAli Bongo ve destek\u00e7ilerinin sahtekarl\u0131\u011f\u0131ndan\u201d s\u00f6z etmi\u015fti. Resmi se\u00e7im sonu\u00e7lar\u0131na g\u00f6re Ondo Ossa oylar\u0131n neredeyse y\u00fczde 31\u2019ini alm\u0131\u015ft\u0131.<\/p>\n\n\n\n<h3 class=\"wp-block-heading\">Bongo ailesi 56 y\u0131ld\u0131r iktidarda<\/h3>\n\n\n\n<p>Bongo ailesi Gabon\u2019u 56 y\u0131ld\u0131r y\u00f6netiyor. Mevcut ba\u015fkan\u0131n babas\u0131 Omar Bongo, 1967\u2019den 2009\u2019a kadar \u00fclkeyi demir yumrukla y\u00f6netti. \u00d6l\u00fcm\u00fcnden sonra, daha \u00f6nce savunma bakan\u0131 olan o\u011flu devletin liderli\u011fini devrald\u0131. 2018 y\u0131l\u0131nda Ali Bongo Ondimba fel\u00e7 ge\u00e7irdi. Bu, onun h\u00fck\u00fcmet i\u015fleri i\u00e7in \u00e7ok zay\u0131f oldu\u011funa dair s\u00f6ylentileri alevlendirdi. Gabon\u2019da yine tart\u0131\u015fmal\u0131 olan 2016 se\u00e7imlerinin ard\u0131ndan ciddi huzursuzluklar ya\u015fanm\u0131\u015f, en az iki ki\u015fi \u00f6ld\u00fcr\u00fclm\u00fc\u015f, parlamento binas\u0131 ate\u015fe verilmi\u015fti. O zaman bile g\u00f6zlemciler \u201c\u015feffafl\u0131\u011f\u0131n\u201d olmay\u0131\u015f\u0131n\u0131 ele\u015ftirmi\u015flerdi.<\/p>\n\n\n\n<p>Afrika\u2019daki darbeler serisi, Gine, Mali, Burkina Faso ve en son Nijer\u2019deki darbelerin ard\u0131ndan h\u0131zla geni\u015fliyor. Buna, Gabon eklenmi\u015f bulunuyor. \u00c7ar\u015famba sabah\u0131 64 ya\u015f\u0131ndaki Bongo Ondimba\u2019n\u0131n nerede oldu\u011fu belli de\u011fildi. Do\u011frulanmayan haberlere g\u00f6re iki g\u00fcnd\u00fcr Fas\u2019ta bulunuyor. Sabah ge\u00e7 saatlerde ordu, devlet televizyonunda Ali Bongo\u2019nun ev hapsine al\u0131nd\u0131\u011f\u0131n\u0131 bildirdi. O\u011fullar\u0131ndan birinin tutukland\u0131\u011f\u0131 s\u00f6yleniyor.<\/p>\n\n\n\n<p>Gabon, Orta Afrika\u2019da yer alan, yakla\u015f\u0131k 885 kilometrelik Atlantik k\u0131y\u0131s\u0131na sahip ve 14 OPEC \u00fclkesinden biridir. \u00dclke ayn\u0131 zamanda odun, uranyum, demir cevheri ve manganez gibi hammaddeler a\u00e7\u0131s\u0131ndan da zengindir. Gabon&#8217;daki darbenin ard\u0131ndan Frans\u0131z madencilik \u015firketi Eramet, faaliyetlerini \u015fimdilik durduraca\u011f\u0131n\u0131 duyurdu.<strong>&nbsp;<\/strong><\/p>\n","protected":false},"excerpt":{"rendered":"<p>Afrika k\u0131tas\u0131nda askeri bir darbe daha ger\u00e7ekle\u015fti.&#46;&#46;&#46;<\/p>\n","protected":false},"author":1,"featured_media":1588,"comment_status":"closed","ping_status":"open","sticky":false,"template":"","format":"standard","meta":{"footnotes":""},"categories":[11],"tags":[],"manset":[],"class_list":["post-1589","post","type-post","status-publish","format-standard","has-post-thumbnail","hentry","category-dunya"],"amp_enabled":true,"_links":{"self":[{"href":"https:\/\/kolektifmucadele1.org\/index.php\/wp-json\/wp\/v2\/posts\/1589","targetHints":{"allow":["GET"]}}],"collection":[{"href":"https:\/\/kolektifmucadele1.org\/index.php\/wp-json\/wp\/v2\/posts"}],"about":[{"href":"https:\/\/kolektifmucadele1.org\/index.php\/wp-json\/wp\/v2\/types\/post"}],"author":[{"embeddable":true,"href":"https:\/\/kolektifmucadele1.org\/index.php\/wp-json\/wp\/v2\/users\/1"}],"replies":[{"embeddable":true,"href":"https:\/\/kolektifmucadele1.org\/index.php\/wp-json\/wp\/v2\/comments?post=1589"}],"version-history":[{"count":0,"href":"https:\/\/kolektifmucadele1.org\/index.php\/wp-json\/wp\/v2\/posts\/1589\/revisions"}],"wp:featuredmedia":[{"embeddable":true,"href":"https:\/\/kolektifmucadele1.org\/index.php\/wp-json\/"}],"wp:attachment":[{"href":"https:\/\/kolektifmucadele1.org\/index.php\/wp-json\/wp\/v2\/media?parent=1589"}],"wp:term":[{"taxonomy":"category","embeddable":true,"href":"https:\/\/kolektifmucadele1.org\/index.php\/wp-json\/wp\/v2\/categories?post=1589"},{"taxonomy":"post_tag","embeddable":true,"href":"https:\/\/kolektifmucadele1.org\/index.php\/wp-json\/wp\/v2\/tags?post=1589"},{"taxonomy":"manset","embeddable":true,"href":"https:\/\/kolektifmucadele1.org\/index.php\/wp-json\/wp\/v2\/manset?post=1589"}],"curies":[{"name":"wp","href":"https:\/\/api.w.org\/{rel}","templated":true}]}}