{"id":1623,"date":"2023-09-09T06:28:49","date_gmt":"2023-09-09T03:28:49","guid":{"rendered":"https:\/\/kolektifmucadele.org\/2023\/09\/09\/marksist-leninist-onder-maoyu-olumsuzlugunun-yil-donumunde-selamliyoruz\/"},"modified":"2024-01-09T05:23:45","modified_gmt":"2024-01-09T02:23:45","slug":"marksist-leninist-onder-maoyu-olumsuzlugunun-yil-donumunde-selamliyoruz","status":"publish","type":"post","link":"https:\/\/kolektifmucadele1.org\/index.php\/2023\/09\/09\/marksist-leninist-onder-maoyu-olumsuzlugunun-yil-donumunde-selamliyoruz\/","title":{"rendered":"MARKS\u0130ST LEN\u0130N\u0130ST \u00d6NDER MAO&#8217;YU \u00d6L\u00dcMS\u00dcZL\u00dc\u011e\u00dcN\u00dcN YIL D\u00d6N\u00dcM\u00dcNDE SELAMLIYORUZ"},"content":{"rendered":"\n<p>&#8212;&#8212;&#8212;&#8212;&#8212;&#8211;<\/p>\n\n\n\n<p>\u00c7in devrimle \u00f6nderi Mao Zedong 9 Eyl\u00fcl 1976\u2019da i\u015f\u00e7i s\u0131n\u0131f\u0131 ezilen d\u00fcnya halklar\u0131n\u0131n bilincine g\u00f6m\u00fcld\u00fc.<\/p>\n\n\n\n<p>\u2018\u2019Yar\u0131-feodal yar\u0131-s\u00f6m\u00fcrge\u2019\u2019 \u00c7in\u2019de \u2018\u2019ulusal demokratik devrimi\u2019\u2019 zaferle ta\u00e7land\u0131ran Marksist-Leninist literat\u00fcre \u2018\u2019Halk sava\u015f\u0131 teorisini\u2019\u2019 kazand\u0131ran bir \u00f6nderdir. Afyon ve dinle uyu\u015fturulan, emperyalist \u00fclkelerini talan merkezi haline gelen yoksul \u00c7in\u2019i bir sosyalist cumhuriyet olarak d\u00fcnyan\u0131n say\u0131l\u0131 \u00fclkelerinden biri haline getirdi. \u00c7KP lideri Mao, ya\u015fam\u0131n\u0131n sonuna kadar sosyalizm-kom\u00fcnizm m\u00fccadelesi u\u011fruna \u00e7al\u0131\u015fmalar\u0131n\u0131 s\u00fcrd\u00fcrd\u00fc. Sadece pratik m\u00fccadelesi ile de\u011fil, ayn\u0131 zamanda Marksizm-Leninizm\u2019e teorik katk\u0131lar\u0131yla g\u00f6revini yerine getirdi.<\/p>\n\n\n\n<p>\u00c7KP ve \u00c7in devriminin \u00f6nderi Mao Zedong \u00c7in devrimini \u015f\u00f6yle \u00f6zetliyordu: \u2018\u2019 Birinci D\u00fcnya sava\u015f\u0131 ve Rus Ekim Devrimi\u2019nden sonra ba\u015flayan bu s\u00fcre\u00e7 \u00c7in\u2019de 4 May\u0131s 1919 Hareketiyle ba\u015flad\u0131. Bu yeni-demokratik devrim, geni\u015f halk kitlelerinin, proletaryan\u0131n \u00f6nderli\u011fi alt\u0131nda anti-emperyalist, anti-feodal bir devrimdir. \u00c7in toplumu sosyalizme ancak b\u00f6yle bir devrimle ilerleyebilir. Ba\u015fka bir yolu yoktur\u2019\u2019&nbsp;<\/p>\n\n\n\n<p>9 Eyl\u00fcl 1976 y\u0131l\u0131nda \u00f6l\u00fcms\u00fczle\u015fir Mao Zedong, \u2018\u2019halk sava\u015f\u0131 teorisi\u2019\u2019 ile Marksizm-Leninizmin teorik-pratik hazinesini zenginle\u015ftirmi\u015f \u00f6nemi yads\u0131nmayacak katk\u0131lar sunmu\u015ftur.<\/p>\n\n\n\n<p>Mao Zedong; Proleter k\u00fclt\u00fcr devrimi tart\u0131\u015fmas\u0131 ve revizyonizme kar\u015f\u0131 ideolojik m\u00fccadelesi ile teorik birikimi g\u00fc\u00e7lendirmi\u015ftir.<\/p>\n\n\n\n<p>&nbsp;Mao Zedong, Leninist \u2018\u2019kesintisiz devrim teorisi\u2019\u2019ni \u2018\u2019yar\u0131 s\u00f6m\u00fcrge ve yar\u0131 feodal\u2019\u2019 \u00c7in ko\u015fullar\u0131nda ba\u015far\u0131yla uygulayarak, \u2018\u2019ulusal demokratik devrimi\u2019\u2019 sosyalist devrime d\u00f6n\u00fc\u015ft\u00fcrm\u00fc\u015ft\u00fcr. Mao Zedong \u00c7ini sosyalist \u00c7in\u2019e d\u00f6n\u00fc\u015ft\u00fcr\u00fcrken do\u011fru tahliller yapm\u0131\u015f, devrimin stratejisini saptarken taklide d\u00fc\u015fmemi\u015f, zengin deneyimler-tecr\u00fcbeler kazand\u0131rm\u0131\u015ft\u0131r.<\/p>\n\n\n\n<p>Mao Zedong, diyalektik ve tarihsel materyalizmin \u00f6z\u00fcmsenmesini \u00f6tesinde, felsefi anlamda da katk\u0131da bulunmu\u015ftur.<\/p>\n\n\n\n<p>Mao Zedong, Parti-Ordu-Cephe \u00fc\u00e7l\u00fcs\u00fcn\u00fcn devrimdeki ya\u015famsal \u00f6nemli vurgularken; \u2018\u2019Kitlelere g\u00fcvenmeliyiz; partiye g\u00fcvenmeliyiz. Bunlar iki ana ilkedir. E\u011fer bu ilkelerden \u015f\u00fcphe edersek hi\u00e7bir \u015fey ba\u015faramay\u0131z.\u2019\u2019 Leninist d\u00fc\u015f\u00fcncesini temel alm\u0131\u015ft\u0131r.<\/p>\n\n\n\n<p>&nbsp;Mao Zedong; K\u00f6yl\u00fc toplum \u00c7in\u2019de sosyalizmin kurabilece\u011fini ispat etmekle, s\u00f6m\u00fcrge, yar\u0131- s\u00f6m\u00fcrge ve yeni-s\u00f6m\u00fcrgelerde sosyalizme ge\u00e7ilemiyece\u011fi iddias\u0131ndaki devrim ka\u00e7k\u0131nlar\u0131n\u0131 mahk\u00fbm etmi\u015ftir.<\/p>\n\n\n\n<p>&nbsp;Mao Zedong, s\u00f6m\u00fcrge, yar\u0131-s\u00f6m\u00fcrge \u00fclkelerde kitlelerin de\u011fi\u015fiklik aray\u0131\u015flar\u0131 s\u00fcrecinde, silahl\u0131 m\u00fccadele vermeyen bir \u00f6rg\u00fct\u00fcn siyasal geli\u015fmelere m\u00fcdahale edemeyece\u011fini, bunun da \u00f6tesinde devrimi ger\u00e7ekle\u015ftiremeyece\u011fini teorik belirlemelerinde ortaya koymu\u015ftur.<\/p>\n\n\n\n<p>Mao Zedong ezilen d\u00fcnya halklar\u0131n\u0131n m\u00fccadelesinde ya\u015famaktad\u0131r. S\u00f6m\u00fcrge, yar\u0131-s\u00f6m\u00fcrge \u00fclkelerin ger\u00e7ek kurtulu\u015flar\u0131n\u0131 kazanabilmeleri i\u00e7in \u2018\u2019halk sava\u015f\u0131 stratejisi\u2019\u2019n\u0131 ezilen halklara arma\u011fan eden Mao Zedong d\u00fcnya haklar\u0131n\u0131n \u00f6zg\u00fcrl\u00fck m\u00fccadelesinde ya\u015f\u0131yor&#8230;<\/p>\n","protected":false},"excerpt":{"rendered":"<p>&#8212;&#8212;&#8212;&#8212;&#8212;&#8211; \u00c7in devrimle \u00f6nderi Mao Zedong 9&#46;&#46;&#46;<\/p>\n","protected":false},"author":1,"featured_media":2202,"comment_status":"closed","ping_status":"open","sticky":false,"template":"","format":"standard","meta":{"footnotes":""},"categories":[7],"tags":[],"manset":[],"class_list":["post-1623","post","type-post","status-publish","format-standard","has-post-thumbnail","hentry","category-makaleler"],"amp_enabled":true,"_links":{"self":[{"href":"https:\/\/kolektifmucadele1.org\/index.php\/wp-json\/wp\/v2\/posts\/1623","targetHints":{"allow":["GET"]}}],"collection":[{"href":"https:\/\/kolektifmucadele1.org\/index.php\/wp-json\/wp\/v2\/posts"}],"about":[{"href":"https:\/\/kolektifmucadele1.org\/index.php\/wp-json\/wp\/v2\/types\/post"}],"author":[{"embeddable":true,"href":"https:\/\/kolektifmucadele1.org\/index.php\/wp-json\/wp\/v2\/users\/1"}],"replies":[{"embeddable":true,"href":"https:\/\/kolektifmucadele1.org\/index.php\/wp-json\/wp\/v2\/comments?post=1623"}],"version-history":[{"count":1,"href":"https:\/\/kolektifmucadele1.org\/index.php\/wp-json\/wp\/v2\/posts\/1623\/revisions"}],"predecessor-version":[{"id":2203,"href":"https:\/\/kolektifmucadele1.org\/index.php\/wp-json\/wp\/v2\/posts\/1623\/revisions\/2203"}],"wp:featuredmedia":[{"embeddable":true,"href":"https:\/\/kolektifmucadele1.org\/index.php\/wp-json\/wp\/v2\/media\/2202"}],"wp:attachment":[{"href":"https:\/\/kolektifmucadele1.org\/index.php\/wp-json\/wp\/v2\/media?parent=1623"}],"wp:term":[{"taxonomy":"category","embeddable":true,"href":"https:\/\/kolektifmucadele1.org\/index.php\/wp-json\/wp\/v2\/categories?post=1623"},{"taxonomy":"post_tag","embeddable":true,"href":"https:\/\/kolektifmucadele1.org\/index.php\/wp-json\/wp\/v2\/tags?post=1623"},{"taxonomy":"manset","embeddable":true,"href":"https:\/\/kolektifmucadele1.org\/index.php\/wp-json\/wp\/v2\/manset?post=1623"}],"curies":[{"name":"wp","href":"https:\/\/api.w.org\/{rel}","templated":true}]}}