{"id":1638,"date":"2023-09-09T06:45:37","date_gmt":"2023-09-09T03:45:37","guid":{"rendered":"https:\/\/kolektifmucadele.org\/2023\/09\/09\/9-sehirde-ii-cinayetleri\/"},"modified":"2023-09-09T06:45:37","modified_gmt":"2023-09-09T03:45:37","slug":"9-sehirde-ii-cinayetleri","status":"publish","type":"post","link":"https:\/\/kolektifmucadele1.org\/index.php\/2023\/09\/09\/9-sehirde-ii-cinayetleri\/","title":{"rendered":"9 \u015eEH\u0130RDE \u0130\u015e C\u0130NAYETLER\u0130"},"content":{"rendered":"\n<p><strong>Bing\u00f6l\u2019<\/strong>de, Elaz\u0131\u011f karayolu, \u00dcniversite Kav\u015fa\u011f\u0131\u2019nda otomobil, motosikletli kurye U\u011fur Ayd\u0131n&#8217;\u0131n kulland\u0131\u011f\u0131 motosiklete arkadan \u00e7arpt\u0131. Kazada motosiklet s\u00fcr\u00fcc\u00fcs\u00fc Ayd\u0131n yaraland\u0131.<\/p>\n\n\n\n<p><strong>\u0130stanbul<\/strong>&nbsp;Havaliman\u0131&#8217;nda u\u00e7ak park alanlar\u0131n\u0131n bulundu\u011fu b\u00f6lgeye y\u0131ld\u0131r\u0131m d\u00fc\u015ft\u00fc. D\u00fc\u015fen y\u0131ld\u0131r\u0131mdan etkilenen iki i\u015f\u00e7i hastaneye kald\u0131r\u0131l\u0131rken, durumlar\u0131n\u0131n iyi oldu\u011fu \u00f6\u011frenildi.<\/p>\n\n\n\n<p><strong>Manisa<\/strong>&nbsp;Akhisar\u2019da, fabrika i\u015f\u00e7ilerini ta\u015f\u0131yan servis minib\u00fcs\u00fcn\u00fcn 10 metrelik istinat duvar\u0131ndan kavun tarlas\u0131na u\u00e7mas\u0131 sonucu 11 ki\u015fi yaraland\u0131.<\/p>\n\n\n\n<p><strong>Manisa<\/strong>&nbsp;Turgutlu\u2019da bulunan Fatih Sanayi Sitesi\u2019nde bir oto y\u0131kama ve aksesuar d\u00fckkan\u0131nda saat 20.50 s\u0131ralar\u0131nda yang\u0131n \u00e7\u0131kt\u0131. Biti\u015fi\u011findeki i\u015f yerine de s\u0131\u00e7rayan yang\u0131n\u0131 s\u00f6nd\u00fcrme \u00e7al\u0131\u015fmas\u0131nda 7 ki\u015fi yaraland\u0131.<\/p>\n\n\n\n<p><strong>Kocaeli\u2019<\/strong>nin Gebze il\u00e7esinde \u00fczerine demir kapak d\u00fc\u015fen fabrika i\u015f\u00e7isi mesai arkada\u015flar\u0131 taraf\u0131ndan kurtar\u0131larak hastaneye kald\u0131r\u0131ld\u0131.<\/p>\n\n\n\n<p><strong>Kocaeli&#8217;<\/strong>nin Gebze il\u00e7esi Kirazp\u0131nar Mahallesi Ta\u015f Ocaklar\u0131 b\u00f6lgesinde, ta\u015f oca\u011f\u0131n\u0131n i\u00e7inde bulunan asfalt eritme tank\u0131n bilinmeyen bir sebepten dolay\u0131 patlamas\u0131 sonucu 2 ki\u015fi yaraland\u0131.<\/p>\n\n\n\n<p><strong>Tekirda\u011f<\/strong>&nbsp;\u00c7orlu\u2019da bulunan Lila Ka\u011f\u0131t fabrikas\u0131nda 16.00-24.00 vardiyas\u0131nda \u00e7al\u0131\u015fan i\u015f\u00e7iler fenala\u015farak hastaneye kald\u0131r\u0131ld\u0131.<\/p>\n\n\n\n<p><strong>Ordu<\/strong>&nbsp;Alt\u0131nordu\u2019da f\u0131nd\u0131k i\u015f\u00e7ilerini ta\u015f\u0131yan minib\u00fcs, s\u00fcr\u00fcc\u00fcs\u00fcn\u00fcn direksiyon hakimiyetini kaybetmesiyle, yol kenar\u0131ndaki elektrik dire\u011fine \u00e7arpt\u0131. Kazada yaralanan 5\u2019i \u00e7ocuk 17 ki\u015fi, hastanede tedaviye al\u0131nd\u0131.<\/p>\n\n\n\n<p><strong>Ordu<\/strong>&#8216;nun G\u00fcrgentepe il\u00e7esinde mevsimlik tar\u0131m i\u015f\u00e7ilerini ta\u015f\u0131yan minib\u00fcs ilebir ba\u015fka minib\u00fcs \u00e7arp\u0131\u015ft\u0131. Kazada yaralanan 20 ki\u015fi, hastanelerde tedavi alt\u0131na al\u0131nd\u0131.<\/p>\n\n\n\n<p><strong>Mersin<\/strong>&#8216;in Akdeniz il\u00e7esinde i\u015f\u00e7ileri ta\u015f\u0131yan minib\u00fcs ile otomobilin \u00e7arp\u0131\u015fmas\u0131 sonucu iki arac\u0131n s\u00fcr\u00fcc\u00fcs\u00fcyle birlikte 14 ki\u015fi yaraland\u0131.<\/p>\n\n\n\n<p><strong>Mu\u011fla<\/strong>&#8216;n\u0131n Bodrum il\u00e7esinde i\u015f\u00e7ileri ta\u015f\u0131yan midib\u00fcs, ya\u011fan ya\u011fmur nedeniyle yolun kayganla\u015fmas\u0131 sonucu s\u00fcr\u00fcc\u00fcn\u00fcn direksiyon hakimiyetini kaybetmesi ile dere yata\u011f\u0131na d\u00fc\u015ft\u00fc. Kazada, 23 i\u015f\u00e7i yaraland\u0131.<\/p>\n\n\n\n<p><strong>Manisa<\/strong>&#8216;n\u0131n Soma il\u00e7esinde \u0130zmir- \u0130stanbul Otoyolu\u2019nun Soma- Sava\u015ftepe b\u00f6l\u00fcm\u00fcnde i\u015f\u00e7ileri ta\u015f\u0131yan ara\u00e7 midib\u00fcse arkadan \u00e7arpt\u0131. Kazada 30 i\u015f\u00e7i yaraland\u0131.<\/p>\n\n\n\n<p><strong>Manisa<\/strong>&nbsp;Salihli\u2019de Ankara-\u0130zmir kara yolundaki kav\u015fakta yolcu otob\u00fcs\u00fc ile i\u015f\u00e7ileri ta\u015f\u0131yan midib\u00fcs \u00e7arp\u0131\u015ft\u0131. Kazada, 11 ki\u015fi yaraland\u0131.<\/p>\n\n\n\n<p><strong>Adana<\/strong>&#8216;n\u0131n Seyhan il\u00e7esinde elektrik i\u015f\u00e7isi Mehmet \u00d6nen, tesisat i\u015flemi s\u0131ras\u0131nda elektrik ak\u0131m\u0131na kap\u0131larak ya\u015fam\u0131n\u0131 yitirdi.<\/p>\n\n\n\n<p><strong>Antep<\/strong>&nbsp;\u015eehitkamil il\u00e7esi 2. Organize sanayi b\u00f6lgesinde bulunan g\u0131da fabrikas\u0131nda i\u015f makinas\u0131 forklift ile makina ta\u015f\u0131yan 65 ya\u015f\u0131ndaki \u0130hsan H.&#8217;n\u0131n ta\u015f\u0131d\u0131\u011f\u0131 makinan\u0131n \u00fczerine devrilmesi sonucu ya\u015fam\u0131n\u0131 yitirdi.<\/p>\n\n\n\n<p><strong>Ordu&#8217;<\/strong>nun Ulubey il\u00e7esinde tar\u0131m arac\u0131 pat pat\u0131n devrildi\u011fi kazada 12 ya\u015f\u0131ndaki \u00e7ocuk i\u015f\u00e7i Mahsun Ak ya\u015fam\u0131n\u0131 yitirdi.<\/p>\n\n\n\n<p><strong>\u00c7ank\u0131r\u0131<\/strong>&#8216;da altyap\u0131 ve ya\u011fmur suyu borusu d\u00f6\u015feme \u00e7al\u0131\u015fmalar\u0131 s\u0131ras\u0131nda toprak kaymas\u0131 meydana geldi. Toprak alt\u0131nda kalan Orhan Arvaz adl\u0131 i\u015f\u00e7i ya\u015fam\u0131n\u0131 yitirdi.<\/p>\n\n\n\n<p><strong>Tekirda\u011f<\/strong>&#8216;\u0131n Ergene il\u00e7esi, \u00c7orlu Deri \u0130htisas ve Karma OSB\u2019de hen\u00fcz faaliyette olmayan bir fabrikada temizlik i\u015fi yaparken su tabancas\u0131ndaki ka\u00e7aktan elektrik ak\u0131m\u0131na kap\u0131lan Suriyeli Omar hayat\u0131n\u0131 kaybetti.<\/p>\n\n\n\n<p><strong>\u0130stanbul&nbsp;<\/strong>G\u00fcng\u00f6ren&#8217;de Tozkoparan Mahallesi\u2019nde bulunan bir in\u015faat \u015fantiyesinde, vin\u00e7ten kafas\u0131na malzeme d\u00fc\u015fen 17 ya\u015f\u0131ndaki Y.Z. ya\u015fam\u0131n\u0131 yitirdi.<\/p>\n\n\n\n<p><strong>\u0130zmir<\/strong>&nbsp;Kat\u0131 At\u0131klar Dairesi Ba\u015fkanl\u0131\u011f\u0131 Kent Temizli\u011fi M\u00fcd\u00fcrl\u00fc\u011f\u00fc b\u00fcnyesinde \u00e7al\u0131\u015fan Tuncay Kiltepe<\/p>\n\n\n\n<p>\u00c7i\u011fli&#8217;de yol kenar\u0131nda temizlik yaparken bir arac\u0131n \u00e7arpmas\u0131 sonucu hayat\u0131n\u0131 kaybetti.<\/p>\n\n\n\n<p><strong>Kocaeli<\/strong>\u2019nin Kand\u0131ra il\u00e7esine mevsimlik tar\u0131m i\u015f\u00e7isi olarak \u00e7al\u0131\u015fan ailenin, ayn\u0131 zamanda kendileriyle birlikte tarlada da \u00e7al\u0131\u015fan 9 ya\u015f\u0131ndaki \u00e7ocu\u011fu S.A., kald\u0131klar\u0131 \u00e7ad\u0131r\u0131n \u00e7evresinde bulunan elektrik ak\u0131m\u0131na kap\u0131larak ya\u015fam\u0131n\u0131 yitirdi.<\/p>\n\n\n\n<p><strong>K\u00fctahya<\/strong>&#8216;da 30 A\u011fustos&#8217;ta \u00e7\u0131kan orman yang\u0131n\u0131na m\u00fcdahale ederken yaralanan Orman \u0130\u015fletme \u015eefi Murat Y\u0131ld\u0131r\u0131m tedavi g\u00f6rd\u00fc\u011f\u00fc hastanede ya\u015fam\u0131n\u0131 yitirdi.<\/p>\n\n\n\n<p><strong>Mara\u015f<\/strong>&#8216;\u0131n Elbistan il\u00e7esinde in\u015faat halindeki garaj\u0131n \u00e7\u00f6kmesi sonucu M.A. ve \u0130.A enkaz alt\u0131nda kald\u0131.<\/p>\n\n\n\n<p><strong>Van<\/strong>&nbsp;Muradiye\u2019de TEDA\u015e&#8217;ta \u00e7al\u0131\u015fan \u0130lyas \u00c7ak\u0131r bir ar\u0131zay\u0131 gidermek i\u00e7in \u00e7\u0131kt\u0131\u011f\u0131 direkten d\u00fc\u015ferek hayat\u0131n\u0131 kaybetti.<\/p>\n","protected":false},"excerpt":{"rendered":"<p>Bing\u00f6l\u2019de, Elaz\u0131\u011f karayolu, \u00dcniversite Kav\u015fa\u011f\u0131\u2019nda otomobil, motosikletli&#46;&#46;&#46;<\/p>\n","protected":false},"author":1,"featured_media":1637,"comment_status":"closed","ping_status":"open","sticky":false,"template":"","format":"standard","meta":{"footnotes":""},"categories":[6],"tags":[],"manset":[],"class_list":["post-1638","post","type-post","status-publish","format-standard","has-post-thumbnail","hentry","category-emek"],"amp_enabled":true,"_links":{"self":[{"href":"https:\/\/kolektifmucadele1.org\/index.php\/wp-json\/wp\/v2\/posts\/1638","targetHints":{"allow":["GET"]}}],"collection":[{"href":"https:\/\/kolektifmucadele1.org\/index.php\/wp-json\/wp\/v2\/posts"}],"about":[{"href":"https:\/\/kolektifmucadele1.org\/index.php\/wp-json\/wp\/v2\/types\/post"}],"author":[{"embeddable":true,"href":"https:\/\/kolektifmucadele1.org\/index.php\/wp-json\/wp\/v2\/users\/1"}],"replies":[{"embeddable":true,"href":"https:\/\/kolektifmucadele1.org\/index.php\/wp-json\/wp\/v2\/comments?post=1638"}],"version-history":[{"count":0,"href":"https:\/\/kolektifmucadele1.org\/index.php\/wp-json\/wp\/v2\/posts\/1638\/revisions"}],"wp:featuredmedia":[{"embeddable":true,"href":"https:\/\/kolektifmucadele1.org\/index.php\/wp-json\/"}],"wp:attachment":[{"href":"https:\/\/kolektifmucadele1.org\/index.php\/wp-json\/wp\/v2\/media?parent=1638"}],"wp:term":[{"taxonomy":"category","embeddable":true,"href":"https:\/\/kolektifmucadele1.org\/index.php\/wp-json\/wp\/v2\/categories?post=1638"},{"taxonomy":"post_tag","embeddable":true,"href":"https:\/\/kolektifmucadele1.org\/index.php\/wp-json\/wp\/v2\/tags?post=1638"},{"taxonomy":"manset","embeddable":true,"href":"https:\/\/kolektifmucadele1.org\/index.php\/wp-json\/wp\/v2\/manset?post=1638"}],"curies":[{"name":"wp","href":"https:\/\/api.w.org\/{rel}","templated":true}]}}