{"id":1653,"date":"2023-09-17T17:28:37","date_gmt":"2023-09-17T14:28:37","guid":{"rendered":"https:\/\/kolektifmucadele.org\/2023\/09\/17\/kdp-protesto-edildi\/"},"modified":"2023-09-17T17:28:37","modified_gmt":"2023-09-17T14:28:37","slug":"kdp-protesto-edildi","status":"publish","type":"post","link":"https:\/\/kolektifmucadele1.org\/index.php\/2023\/09\/17\/kdp-protesto-edildi\/","title":{"rendered":"KDP , PROTESTO ED\u0130LD\u0130"},"content":{"rendered":"\n<p>KDP\u2019nin Federe Kurdistan B\u00f6lgesi\u2019ndeki sald\u0131r\u0131lar\u0131 \u0130stanbul ve Mersin\u2019de protesto edildi.&nbsp;Mezopotamya Ajans\u0131\u2019nda yer alan habere g\u00f6re&nbsp;\u0130stanbul\u2019da polisin sald\u0131r\u0131s\u0131 ile 15 ki\u015fi g\u00f6zalt\u0131na al\u0131n\u0131rken, Mersin\u2019de yasaklara ra\u011fmen y\u00fcr\u00fcy\u00fc\u015f yap\u0131ld\u0131.<\/p>\n\n\n\n<p><strong>\u0130stanbul<\/strong>\u2019da Taksim T\u00fcnel\u2019de yap\u0131lacak bas\u0131n a\u00e7\u0131klamas\u0131 \u00f6ncesi 3 ki\u015fi \u0130stiklal Caddesi\u2019nde gerek\u00e7e g\u00f6sterilmeden g\u00f6zalt\u0131na al\u0131nd\u0131. Yo\u011fun polis ablukas\u0131na ra\u011fmen HDK E\u015f s\u00f6zc\u00fcleri ve Ye\u015fil Sol Parti milletvekilleri T\u00fcnel\u2019e do\u011fru y\u00fcr\u00fcy\u00fc\u015f yapt\u0131. T\u00fcnel\u2019de polis ablukas\u0131na al\u0131nanlar konu\u015fma yapt\u0131. Polisin sald\u0131rd\u0131\u011f\u0131 a\u00e7\u0131klamada en az 15 ki\u015fi darp edilerek g\u00f6zalt\u0131na al\u0131nd\u0131.&nbsp;Ablukada g\u00f6zalt\u0131na al\u0131nan bir ki\u015fi kalp hastas\u0131 oldu\u011funu s\u00f6ylemesine ra\u011fmen polisin \u015fiddetiyle g\u00f6zalt\u0131na al\u0131nd\u0131. Haber takibi gazeteciler ise, polisler taraf\u0131ndan alan\u0131n d\u0131\u015f\u0131na \u00e7\u0131kar\u0131larak, g\u00f6r\u00fcnt\u00fc almas\u0131 engellendi.<\/p>\n\n\n\n<p>KDP sald\u0131r\u0131lar\u0131&nbsp;<strong>Mersin<\/strong>&#8216;in Akdeniz il\u00e7esinde bulunan \u00d6zg\u00fcr \u00c7ocuk Park\u0131&#8217;nda da protesto edildi. Mersin Valili\u011fi, a\u00e7\u0131klama \u00f6ncesi bir g\u00fcnl\u00fck eylem ve etkinlik yasa\u011f\u0131 karar\u0131 ald\u0131. Yasak karar\u0131 gerek\u00e7e g\u00f6sterilerek park\u0131n etraf\u0131 polisler taraf\u0131ndan ablukaya al\u0131nd\u0131. Yasa\u011fa ra\u011fmen konu\u015fma yap\u0131ld\u0131. Konu\u015fman\u0131n ard\u0131ndan \u201cBij\u00ee berxwedana gerilla\u201d, \u201cBask\u0131lar bizi y\u0131ld\u0131ramaz\u201d ve \u201cDirene direne kazanaca\u011f\u0131z\u201d&#8221; sloganlar\u0131yla HDP Mersin \u0130l \u00d6rg\u00fct\u00fc binas\u0131na kadar y\u00fcr\u00fcy\u00fc\u015f yap\u0131ld\u0131.<\/p>\n","protected":false},"excerpt":{"rendered":"<p>KDP\u2019nin Federe Kurdistan B\u00f6lgesi\u2019ndeki sald\u0131r\u0131lar\u0131 \u0130stanbul ve&#46;&#46;&#46;<\/p>\n","protected":false},"author":1,"featured_media":1652,"comment_status":"closed","ping_status":"open","sticky":false,"template":"","format":"standard","meta":{"footnotes":""},"categories":[5],"tags":[],"manset":[],"class_list":["post-1653","post","type-post","status-publish","format-standard","has-post-thumbnail","hentry","category-etkinlikler"],"amp_enabled":true,"_links":{"self":[{"href":"https:\/\/kolektifmucadele1.org\/index.php\/wp-json\/wp\/v2\/posts\/1653","targetHints":{"allow":["GET"]}}],"collection":[{"href":"https:\/\/kolektifmucadele1.org\/index.php\/wp-json\/wp\/v2\/posts"}],"about":[{"href":"https:\/\/kolektifmucadele1.org\/index.php\/wp-json\/wp\/v2\/types\/post"}],"author":[{"embeddable":true,"href":"https:\/\/kolektifmucadele1.org\/index.php\/wp-json\/wp\/v2\/users\/1"}],"replies":[{"embeddable":true,"href":"https:\/\/kolektifmucadele1.org\/index.php\/wp-json\/wp\/v2\/comments?post=1653"}],"version-history":[{"count":0,"href":"https:\/\/kolektifmucadele1.org\/index.php\/wp-json\/wp\/v2\/posts\/1653\/revisions"}],"wp:featuredmedia":[{"embeddable":true,"href":"https:\/\/kolektifmucadele1.org\/index.php\/wp-json\/"}],"wp:attachment":[{"href":"https:\/\/kolektifmucadele1.org\/index.php\/wp-json\/wp\/v2\/media?parent=1653"}],"wp:term":[{"taxonomy":"category","embeddable":true,"href":"https:\/\/kolektifmucadele1.org\/index.php\/wp-json\/wp\/v2\/categories?post=1653"},{"taxonomy":"post_tag","embeddable":true,"href":"https:\/\/kolektifmucadele1.org\/index.php\/wp-json\/wp\/v2\/tags?post=1653"},{"taxonomy":"manset","embeddable":true,"href":"https:\/\/kolektifmucadele1.org\/index.php\/wp-json\/wp\/v2\/manset?post=1653"}],"curies":[{"name":"wp","href":"https:\/\/api.w.org\/{rel}","templated":true}]}}