{"id":1696,"date":"2023-09-22T05:04:23","date_gmt":"2023-09-22T02:04:23","guid":{"rendered":"https:\/\/kolektifmucadele.org\/2023\/09\/22\/dunya-af-orgutu-devlet-siddeti-artiyor\/"},"modified":"2023-09-22T05:04:23","modified_gmt":"2023-09-22T02:04:23","slug":"dunya-af-orgutu-devlet-siddeti-artiyor","status":"publish","type":"post","link":"https:\/\/kolektifmucadele1.org\/index.php\/2023\/09\/22\/dunya-af-orgutu-devlet-siddeti-artiyor\/","title":{"rendered":"D\u00dcNYA AF \u00d6RG\u00dcT\u00dc: DEVLET \u015e\u0130DDET\u0130 ARTIYOR"},"content":{"rendered":"\n<p>Siyonist \u0130srail\u2019in bir g\u00fcnde 6&nbsp;Filistinliyi \u00f6ld\u00fcrd\u00fc\u011f\u00fc a\u00e7\u0131kland\u0131.<\/p>\n\n\n\n<p>Filistin Sa\u011fl\u0131k Bakanl\u0131\u011f\u0131, \u0130srail ordusunun Bat\u0131 \u015eeria&#8217;n\u0131n kuzeyindeki Cenin M\u00fclteci Kamp\u0131&#8217;na d\u00fczenledi\u011fi bask\u0131nda \u00f6ld\u00fcr\u00fclen Filistinlilerin say\u0131s\u0131n\u0131n gece saatlerinde 4&#8217;e y\u00fckseldi\u011fini bildirdi. Bask\u0131nda 30 kadar Filistinlinin de yaraland\u0131\u011f\u0131 aktar\u0131ld\u0131.<\/p>\n\n\n\n<p>\u0130srail ordusunun Bat\u0131 \u015eeria&#8217;n\u0131n Eriha kentindeki Akbet el-Cabir M\u00fclteci Kamp\u0131&#8217;na gece d\u00fczenledi\u011fi bask\u0131nda da 19 ya\u015f\u0131ndaki bir Filistinlinin \u00f6ld\u00fcr\u00fcld\u00fc\u011f\u00fc bildirilmi\u015fti.<\/p>\n\n\n\n<p>Abluka alt\u0131ndaki Gazze \u015eeridi&#8217;nin \u0130srail s\u0131n\u0131r\u0131nda\u00a0ger\u00e7ekle\u015fen protestolarda bir Filistinlinin askerlerin a\u00e7t\u0131\u011f\u0131 ate\u015f sonucu hayat\u0131n\u0131 kaybetmesiyle son 24 saat i\u00e7inde \u0130srail askerlerinin \u00f6ld\u00fcrd\u00fc\u011f\u00fc Filistinli say\u0131s\u0131 6 oldu.<\/p>\n\n\n\n<p>Uluslararas\u0131 Af \u00d6rg\u00fct\u00fc&#8217;ne g\u00f6re ge\u00e7en y\u0131l yakla\u015f\u0131k 20 \u00fclkede en az 657 ki\u015fi idam edildi. Rapora g\u00f6re \u015feriat\u00e7\u0131 Suudi Arabistan rejimi ge\u00e7en y\u0131l 184 ki\u015fiyi idam etti. Bu, Uluslararas\u0131 Af \u00d6rg\u00fct\u00fc&#8217;n\u00fcn Suudi Arabistan i\u00e7in \u015fimdiye kadar belgeledi\u011fi bir y\u0131l i\u00e7indeki en y\u00fcksek say\u0131ya tekab\u00fcl ediyor. Irak\u2019ta idam edilenlerin say\u0131s\u0131 2018\u2019de en az 52 iken 2019\u2019da en az y\u00fcze \u00e7\u0131karak neredeyse iki kat\u0131na \u00e7\u0131kt\u0131. Edinilen bilgiye g\u00f6re, \u0130ran\u2019da 2019\u2019da en az 251 ki\u015fi idam edilirken, ge\u00e7en y\u0131l en az 253 ki\u015fi idam edildi. \u0130dam edilenlerden d\u00f6rd\u00fc re\u015fit de\u011fildi. Resmi rakamlar\u0131 a\u00e7\u0131klamayan \u00c7in\u2019de de Uluslararas\u0131 Af \u00d6rg\u00fct\u00fc, \u00e7ok say\u0131da insan\u0131n idam edildi\u011fini tahmin ediyor.&nbsp;<\/p>\n\n\n\n<h3 class=\"wp-block-heading\"><strong>Almanya\u2019da toplanma \u00f6zg\u00fcrl\u00fc\u011f\u00fc giderek k\u0131s\u0131tlan\u0131yor<\/strong><\/h3>\n\n\n\n<p>Almanya, Uluslararas\u0131 Af \u00d6rg\u00fct\u00fc taraf\u0131ndan ilk kez \u201c\u00f6zg\u00fcrl\u00fcklerin giderek daha fazla k\u0131s\u0131tland\u0131\u011f\u0131 \u00fclke\u201d olarak listeye al\u0131nd\u0131. Almanya\u2019daki Uluslararas\u0131 Af \u00d6rg\u00fct\u00fc\u2019n\u00fcn ifade \u00f6zg\u00fcrl\u00fc\u011f\u00fc ve toplanma \u00f6zg\u00fcrl\u00fc\u011f\u00fc uzman\u0131 Paula Zimmermann durumu \u015f\u00f6yle anlat\u0131yor:&nbsp;<em>\u201cAlmanya\u2019da protestolar bazen devlet yetkilileri taraf\u0131ndan kamu g\u00fcvenli\u011fi ve d\u00fczenine y\u00f6nelik bir tehdit olarak alg\u0131lan\u0131yor ve bu nedenle k\u0131s\u0131tlan\u0131yor. Bu durum bizi b\u00fcy\u00fck endi\u015feye sevk ediyor. Protestolar, bir insan hakk\u0131 olarak sayg\u0131 g\u00f6stermek ve canl\u0131 bir sivil toplumun temeli olarak kabul etmek yerine su\u00e7 say\u0131l\u0131p \u015feytanla\u015ft\u0131r\u0131l\u0131yorlar. Federal ve eyalet h\u00fck\u00fcmetlerini Almanya\u2019da toplanma \u00f6zg\u00fcrl\u00fc\u011f\u00fcn\u00fc kapsaml\u0131 bir \u015fekilde korumaya \u00e7a\u011f\u0131r\u0131yoruz.\u201d<\/em><\/p>\n\n\n\n<p>\u00d6nleyici g\u00f6zalt\u0131lar ve toplant\u0131 yasaklar\u0131 da art\u0131yor. Almanya\u2019da \u00f6zellikle iklim aktivistleri giderek artan bask\u0131lara maruz kal\u0131yor. Ekim 2022\u2019den bu yana Bavyera polisi d\u00fczinelerce aktivisti 30 g\u00fcne kadar \u201ctedbir ama\u00e7l\u0131\u201d g\u00f6zalt\u0131na ald\u0131. &nbsp;Zimmermann uygulama hakk\u0131nda \u015funlar\u0131 s\u00f6yl\u00fcyor:&nbsp;<em>\u201c\u00d6nleyici g\u00f6zalt\u0131 ba\u015flang\u0131\u00e7ta ciddi \u015fiddet su\u00e7lar\u0131n\u0131 \u00f6nlemeyi ama\u00e7lam\u0131\u015f olsa da son y\u0131llarda \u00f6ncelikli olarak iklim aktivistlerine kar\u015f\u0131 cayd\u0131r\u0131c\u0131 olarak kullan\u0131ld\u0131. Bu, adil yarg\u0131lanma hakk\u0131n\u0131 ihlal ediyor ve bir insan haklar\u0131 ihlali te\u015fkil ediyor.\u201d<\/em><\/p>\n\n\n\n<p>\u0130ktisadi, sosyal ve siyasal sald\u0131r\u0131lar\u0131n katlanarak artaca\u011f\u0131, emek-sermaye \u00e7eli\u015fkisinin keskinle\u015fece\u011fi, \u015fimdiden isyan ve ayaklanmalar bi\u00e7iminde kendini g\u00f6steren s\u0131n\u0131f ve kitle hareketleri yayg\u0131nla\u015f\u0131p sertle\u015fece\u011fine g\u00f6re, devlet \u015fiddeti ve ter\u00f6r\u00fc de her alanda artarak devam edecektir. Bu ko\u015fullarda demokratik hak ve \u00f6zg\u00fcrl\u00fckleri koruyabilmenin tek yolu, sisteme muhalif olan t\u00fcm ilerici-devrimci toplumsal g\u00fc\u00e7lerin birle\u015fik, me\u015fru bir direni\u015f hatt\u0131 \u00f6rmeleridir.<\/p>\n","protected":false},"excerpt":{"rendered":"<p>Siyonist \u0130srail\u2019in bir g\u00fcnde 6&nbsp;Filistinliyi \u00f6ld\u00fcrd\u00fc\u011f\u00fc a\u00e7\u0131kland\u0131.&#46;&#46;&#46;<\/p>\n","protected":false},"author":1,"featured_media":1695,"comment_status":"closed","ping_status":"open","sticky":false,"template":"","format":"standard","meta":{"footnotes":""},"categories":[11],"tags":[],"manset":[],"class_list":["post-1696","post","type-post","status-publish","format-standard","has-post-thumbnail","hentry","category-dunya"],"amp_enabled":true,"_links":{"self":[{"href":"https:\/\/kolektifmucadele1.org\/index.php\/wp-json\/wp\/v2\/posts\/1696","targetHints":{"allow":["GET"]}}],"collection":[{"href":"https:\/\/kolektifmucadele1.org\/index.php\/wp-json\/wp\/v2\/posts"}],"about":[{"href":"https:\/\/kolektifmucadele1.org\/index.php\/wp-json\/wp\/v2\/types\/post"}],"author":[{"embeddable":true,"href":"https:\/\/kolektifmucadele1.org\/index.php\/wp-json\/wp\/v2\/users\/1"}],"replies":[{"embeddable":true,"href":"https:\/\/kolektifmucadele1.org\/index.php\/wp-json\/wp\/v2\/comments?post=1696"}],"version-history":[{"count":0,"href":"https:\/\/kolektifmucadele1.org\/index.php\/wp-json\/wp\/v2\/posts\/1696\/revisions"}],"wp:featuredmedia":[{"embeddable":true,"href":"https:\/\/kolektifmucadele1.org\/index.php\/wp-json\/"}],"wp:attachment":[{"href":"https:\/\/kolektifmucadele1.org\/index.php\/wp-json\/wp\/v2\/media?parent=1696"}],"wp:term":[{"taxonomy":"category","embeddable":true,"href":"https:\/\/kolektifmucadele1.org\/index.php\/wp-json\/wp\/v2\/categories?post=1696"},{"taxonomy":"post_tag","embeddable":true,"href":"https:\/\/kolektifmucadele1.org\/index.php\/wp-json\/wp\/v2\/tags?post=1696"},{"taxonomy":"manset","embeddable":true,"href":"https:\/\/kolektifmucadele1.org\/index.php\/wp-json\/wp\/v2\/manset?post=1696"}],"curies":[{"name":"wp","href":"https:\/\/api.w.org\/{rel}","templated":true}]}}