{"id":1722,"date":"2023-09-28T05:23:21","date_gmt":"2023-09-28T02:23:21","guid":{"rendered":"https:\/\/kolektifmucadele.org\/2023\/09\/28\/fransada-ogrenciler-meclis-onunde-cadir-kurdular\/"},"modified":"2023-09-28T05:23:21","modified_gmt":"2023-09-28T02:23:21","slug":"fransada-ogrenciler-meclis-onunde-cadir-kurdular","status":"publish","type":"post","link":"https:\/\/kolektifmucadele1.org\/index.php\/2023\/09\/28\/fransada-ogrenciler-meclis-onunde-cadir-kurdular\/","title":{"rendered":"FRANSA&#8217;DA \u00d6\u011eRENC\u0130LER , MECL\u0130S \u00d6N\u00dcNDE \u00c7ADIR KURDULAR"},"content":{"rendered":"\n<p>Fransa\u2019da \u00f6\u011frenciler, yetersiz bar\u0131nma ko\u015fullar\u0131 nedeniyle Ulusal Meclis Binas\u0131 \u00f6n\u00fcnde protesto ger\u00e7ekle\u015ftirdi. \u00d6\u011frenciler, b\u00fct\u00e7elerinin y\u00fczde 56\u2019s\u0131n\u0131 bar\u0131nma masraflar\u0131na ay\u0131rd\u0131\u011f\u0131n\u0131 kaydederek, eylemde \u201c150 bin \u00f6\u011frenci evi in\u015fa edelim\u201d yaz\u0131l\u0131 pankartlar ta\u015f\u0131d\u0131.<\/p>\n\n\n\n<p>26 Eyl\u00fcl\u2019de Bordoux ve Lille kentlerinde k\u00f6t\u00fc bar\u0131nma ko\u015fullar\u0131n\u0131 protesto eden \u00fcniversite \u00f6\u011frencileri, 27 Eyl\u00fcl\u2019de Fransa\u2019n\u0131n ba\u015fkenti Paris\u2019te topland\u0131. \u00d6\u011frenciler, Ulusal Meclis Binas\u0131\u2019n\u0131n \u00f6n\u00fcnde \u00e7ad\u0131r kurdu.<\/p>\n\n\n\n<p>\u00d6\u011frenciler, ayn\u0131 gerek\u00e7eyle belediye binalar\u0131 \u00f6n\u00fcnde ve e\u011fitim kurumlar\u0131n\u0131n bulundu\u011fu noktalarda da protesto ger\u00e7ekle\u015ftirdi.<\/p>\n\n\n\n<p>Sendika taraf\u0131ndan payla\u015f\u0131lan g\u00f6r\u00fcnt\u00fclerde, ellerinde \u201c\u00c7abuk 150 bin \u00f6\u011frenci evi in\u015fa edelim!\u201d ve \u201cSokaktaysam okuyamam!\u201d yaz\u0131l\u0131 pankartlar ta\u015f\u0131yan gen\u00e7lerin, sokakta \u00e7ad\u0131rlar\u0131n \u00f6n\u00fcnde oturdu\u011fu g\u00f6r\u00fcld\u00fc.<\/p>\n","protected":false},"excerpt":{"rendered":"<p>Fransa\u2019da \u00f6\u011frenciler, yetersiz bar\u0131nma ko\u015fullar\u0131 nedeniyle Ulusal&#46;&#46;&#46;<\/p>\n","protected":false},"author":1,"featured_media":1721,"comment_status":"closed","ping_status":"open","sticky":false,"template":"","format":"standard","meta":{"footnotes":""},"categories":[11],"tags":[],"manset":[],"class_list":["post-1722","post","type-post","status-publish","format-standard","has-post-thumbnail","hentry","category-dunya"],"amp_enabled":true,"_links":{"self":[{"href":"https:\/\/kolektifmucadele1.org\/index.php\/wp-json\/wp\/v2\/posts\/1722","targetHints":{"allow":["GET"]}}],"collection":[{"href":"https:\/\/kolektifmucadele1.org\/index.php\/wp-json\/wp\/v2\/posts"}],"about":[{"href":"https:\/\/kolektifmucadele1.org\/index.php\/wp-json\/wp\/v2\/types\/post"}],"author":[{"embeddable":true,"href":"https:\/\/kolektifmucadele1.org\/index.php\/wp-json\/wp\/v2\/users\/1"}],"replies":[{"embeddable":true,"href":"https:\/\/kolektifmucadele1.org\/index.php\/wp-json\/wp\/v2\/comments?post=1722"}],"version-history":[{"count":0,"href":"https:\/\/kolektifmucadele1.org\/index.php\/wp-json\/wp\/v2\/posts\/1722\/revisions"}],"wp:featuredmedia":[{"embeddable":true,"href":"https:\/\/kolektifmucadele1.org\/index.php\/wp-json\/"}],"wp:attachment":[{"href":"https:\/\/kolektifmucadele1.org\/index.php\/wp-json\/wp\/v2\/media?parent=1722"}],"wp:term":[{"taxonomy":"category","embeddable":true,"href":"https:\/\/kolektifmucadele1.org\/index.php\/wp-json\/wp\/v2\/categories?post=1722"},{"taxonomy":"post_tag","embeddable":true,"href":"https:\/\/kolektifmucadele1.org\/index.php\/wp-json\/wp\/v2\/tags?post=1722"},{"taxonomy":"manset","embeddable":true,"href":"https:\/\/kolektifmucadele1.org\/index.php\/wp-json\/wp\/v2\/manset?post=1722"}],"curies":[{"name":"wp","href":"https:\/\/api.w.org\/{rel}","templated":true}]}}