{"id":1778,"date":"2023-10-04T06:52:15","date_gmt":"2023-10-04T03:52:15","guid":{"rendered":"https:\/\/kolektifmucadele.org\/2023\/10\/04\/agrobay-iscileri-ankaradan-seslendi\/"},"modified":"2024-01-09T18:46:21","modified_gmt":"2024-01-09T15:46:21","slug":"agrobay-iscileri-ankaradan-seslendi","status":"publish","type":"post","link":"https:\/\/kolektifmucadele1.org\/index.php\/2023\/10\/04\/agrobay-iscileri-ankaradan-seslendi\/","title":{"rendered":"AGROBAY \u0130\u015e\u00c7\u0130LER\u0130 ANKARA&#8217;DAN SESLEND\u0130"},"content":{"rendered":"\n<p>Tar\u0131m \u0130\u015f\u00e7ileri Sendikas\u0131\u2019na (Tar\u0131m-Sen) \u00fcye olan Agrobay Serac\u0131l\u0131k\u2019ta \u00e7al\u0131\u015fan 39 ki\u015finin tazminats\u0131z bir \u015fekilde i\u015ften at\u0131lmalar\u0131 \u00fczerine ba\u015flatt\u0131klar\u0131 direni\u015f devam ediyor.<\/p>\n\n\n\n<p>Direni\u015flerinin 43. g\u00fcn\u00fcnde olan i\u015f\u00e7iler Ankara\u2019da Agrobay Serac\u0131l\u0131k\u2019\u0131n ba\u011fl\u0131 oldu\u011fu Bayburt Holding \u00f6n\u00fcnde eylem yapt\u0131. Eylemde konu\u015fan bir i\u015f\u00e7i \u015funlar\u0131 s\u00f6yledi:<\/p>\n\n\n\n<blockquote class=\"wp-block-quote is-layout-flow wp-block-quote-is-layout-flow\">\n<p><em>\u201cHep ezmi\u015f ya, bir \u015fey bilmedi\u011fimizi zannediyorlar. Diyorlar ki i\u015f\u00e7ilerin beynini sendika y\u0131kad\u0131. Sendika yasal de\u011fil mi? Siz onlar\u0131n kafas\u0131na uydunuz diyorlar. Hay\u0131r biz kendimiz karar verdik. Bizden \u00f6nce 6, 7 y\u0131l \u00e7al\u0131\u015fm\u0131\u015f arkada\u015flar\u0131m\u0131z var. Onlar hep \u00e7\u0131kt\u0131lar gittiler emeklerinin kar\u015f\u0131l\u0131\u011f\u0131n\u0131 alamad\u0131lar. Biz de 14 y\u0131l \u00e7al\u0131\u015ft\u0131k, sendikaya \u00fcye olursak hakk\u0131m\u0131z\u0131 al\u0131r\u0131z dedik. Hakk\u0131m\u0131z\u0131 hala alamad\u0131k buralarday\u0131z.\u201d<\/em><\/p>\n<\/blockquote>\n\n\n\n<p>Konu\u015fan bir i\u015f\u00e7i iki y\u0131rt\u0131k bel f\u0131t\u0131\u011f\u0131 oldu\u011funu belirtirken doktorun kendisine bu y\u0131rt\u0131klar\u0131n a\u011f\u0131r kald\u0131rmaktan meydana geldi\u011fini s\u00f6yledi\u011fini ifade etti. Serada \u00e7al\u0131\u015f\u0131rken s\u00fcrekli kendi \u00e7al\u0131\u015fma alan\u0131 d\u0131\u015f\u0131nda \u00e7al\u0131\u015ft\u0131r\u0131ld\u0131klar\u0131n\u0131 ifade eden i\u015f\u00e7i kendilerine kum, 75 metre demir ta\u015f\u0131tt\u0131r\u0131ld\u0131\u011f\u0131n\u0131 ifade etti ve \u015f\u00f6yle devam etti:<\/p>\n\n\n\n<blockquote class=\"wp-block-quote is-layout-flow wp-block-quote-is-layout-flow\">\n<p><em>\u201cArzu Han\u0131m i\u015f\u00e7iler ba\u015f\u0131m\u0131n tac\u0131 demesin, sen bizi A\u011fustos maa\u015f\u0131m\u0131z\u0131 yat\u0131rmadan \u00e7\u00f6p gibi i\u015ften att\u0131n. Burdan da Cumhurba\u015fkan\u0131\u2019na seslenmek istiyorum. Sendika haksa neden benim e-devletimde g\u00f6z\u00fck\u00fcyor? T\u00fcrkiye\u2019de i\u015f\u00e7ilerin y\u00fczde 14\u2019\u00fc sendikal\u0131. Neden? \u0130\u015fte bu patronlar y\u00fcz\u00fcnden. Ben 5 g\u00fcn sendikal\u0131yd\u0131m 6. g\u00fcn i\u015ften \u00e7\u0131kar\u0131ld\u0131m.\u201d<\/em><\/p>\n<\/blockquote>\n\n\n\n<p>18 y\u0131ll\u0131k \u00e7al\u0131\u015fmas\u0131n\u0131n 3 y\u0131l\u0131nda sigortas\u0131z \u00e7al\u0131\u015ft\u0131r\u0131ld\u0131\u011f\u0131n\u0131 s\u00f6yleyen bir i\u015f\u00e7i \u015funlar\u0131 s\u00f6yledi:<\/p>\n\n\n\n<blockquote class=\"wp-block-quote is-layout-flow wp-block-quote-is-layout-flow\">\n<p>\u201cArkada\u015flar\u0131m\u0131z sendikaya \u00fcye oldular, 5 ki\u015fiyi i\u015ften \u00e7\u0131kartt\u0131lar. Biz de onlara yard\u0131ma gittik. Ertesi g\u00fcn bizi de i\u015ften \u00e7\u0131kartt\u0131lar. Emekli olmama bir bu\u00e7uk y\u0131l kalm\u0131\u015ft\u0131. Arzu bize hakk\u0131m\u0131z\u0131 vermeden bu i\u015fi b\u0131rakmayaca\u011f\u0131z.\u201d<\/p>\n<\/blockquote>\n\n\n\n<p>Tar\u0131m-Sen Genel Ba\u015fkan\u0131 da yapt\u0131\u011f\u0131 konu\u015fmada geni\u015f bir boykot \u00e7al\u0131\u015fmas\u0131 \u00f6receklerini belirtti.<\/p>\n\n\n\n<p>Eylemden sonra Meclis\u2019e giden i\u015f\u00e7iler vekillerle g\u00f6r\u00fc\u015ferek taleplerini iletti.<\/p>\n","protected":false},"excerpt":{"rendered":"<p>Tar\u0131m \u0130\u015f\u00e7ileri Sendikas\u0131\u2019na (Tar\u0131m-Sen) \u00fcye olan Agrobay&#46;&#46;&#46;<\/p>\n","protected":false},"author":1,"featured_media":2301,"comment_status":"closed","ping_status":"open","sticky":false,"template":"","format":"standard","meta":{"footnotes":""},"categories":[6],"tags":[],"manset":[],"class_list":["post-1778","post","type-post","status-publish","format-standard","has-post-thumbnail","hentry","category-emek"],"amp_enabled":true,"_links":{"self":[{"href":"https:\/\/kolektifmucadele1.org\/index.php\/wp-json\/wp\/v2\/posts\/1778","targetHints":{"allow":["GET"]}}],"collection":[{"href":"https:\/\/kolektifmucadele1.org\/index.php\/wp-json\/wp\/v2\/posts"}],"about":[{"href":"https:\/\/kolektifmucadele1.org\/index.php\/wp-json\/wp\/v2\/types\/post"}],"author":[{"embeddable":true,"href":"https:\/\/kolektifmucadele1.org\/index.php\/wp-json\/wp\/v2\/users\/1"}],"replies":[{"embeddable":true,"href":"https:\/\/kolektifmucadele1.org\/index.php\/wp-json\/wp\/v2\/comments?post=1778"}],"version-history":[{"count":1,"href":"https:\/\/kolektifmucadele1.org\/index.php\/wp-json\/wp\/v2\/posts\/1778\/revisions"}],"predecessor-version":[{"id":2302,"href":"https:\/\/kolektifmucadele1.org\/index.php\/wp-json\/wp\/v2\/posts\/1778\/revisions\/2302"}],"wp:featuredmedia":[{"embeddable":true,"href":"https:\/\/kolektifmucadele1.org\/index.php\/wp-json\/wp\/v2\/media\/2301"}],"wp:attachment":[{"href":"https:\/\/kolektifmucadele1.org\/index.php\/wp-json\/wp\/v2\/media?parent=1778"}],"wp:term":[{"taxonomy":"category","embeddable":true,"href":"https:\/\/kolektifmucadele1.org\/index.php\/wp-json\/wp\/v2\/categories?post=1778"},{"taxonomy":"post_tag","embeddable":true,"href":"https:\/\/kolektifmucadele1.org\/index.php\/wp-json\/wp\/v2\/tags?post=1778"},{"taxonomy":"manset","embeddable":true,"href":"https:\/\/kolektifmucadele1.org\/index.php\/wp-json\/wp\/v2\/manset?post=1778"}],"curies":[{"name":"wp","href":"https:\/\/api.w.org\/{rel}","templated":true}]}}