{"id":1830,"date":"2023-10-13T01:22:00","date_gmt":"2023-10-12T22:22:00","guid":{"rendered":"https:\/\/kolektifmucadele.org\/2023\/10\/13\/rojavaya-saldiri-protesto-edildi\/"},"modified":"2023-10-13T01:22:00","modified_gmt":"2023-10-12T22:22:00","slug":"rojavaya-saldiri-protesto-edildi","status":"publish","type":"post","link":"https:\/\/kolektifmucadele1.org\/index.php\/2023\/10\/13\/rojavaya-saldiri-protesto-edildi\/","title":{"rendered":"ROJAVA&#8217;YA SALDIRI , PROTESTO ED\u0130LD\u0130"},"content":{"rendered":"\n<p>Ankara\u2019da 1 Ekim\u2019de ger\u00e7ekle\u015fen sald\u0131r\u0131n\u0131n ard\u0131ndan T\u00fcrkiye Rojava\u2019ya y\u00f6nelik sald\u0131r\u0131ya ba\u015flad\u0131. Sald\u0131r\u0131lar s\u00fcrerken, T\u00fcrkiye\u2019de bir \u00e7ok kentte eylem yap\u0131ld\u0131 ve sald\u0131r\u0131lar\u0131n son bulmas\u0131 istendi.<\/p>\n\n\n\n<p>Mezopotamya Ajans\u0131\u2019nda yer alan habere g\u00f6re Diyarbak\u0131r\u2019\u0131n Kayap\u0131nar il\u00e7esinde bulunan Rojava Park\u0131\u2019nda yap\u0131lan protesto eylemi polis ablukas\u0131 ve engelleme giri\u015fimleri alt\u0131nda ger\u00e7ekle\u015fti.<\/p>\n\n\n\n<p>Dersim\u2019de Seyid R\u0131za Meydan\u0131&#8217;na eylem yapmak isteyen Emek ve Demokrasi Platformu \u00fcyelerine polis sald\u0131rd\u0131 ve g\u00f6zalt\u0131 ter\u00f6r\u00fc estirdi.<\/p>\n\n\n\n<p>Urfa\u2019da yap\u0131lmak istenen eyleme polisler, &#8220;Valilik yasa\u011f\u0131&#8221; gerek\u00e7esiyle engel oldu. Parti binas\u0131 \u00f6n\u00fcnde sald\u0131r\u0131ya ra\u011fmen a\u00e7\u0131klama yap\u0131ld\u0131.<\/p>\n\n\n\n<p><strong>Van<\/strong>,&nbsp;<strong>Mardin<\/strong>,&nbsp;<strong>Mersin<\/strong>,&nbsp;<strong>Batman<\/strong>&nbsp;ve bir\u00e7ok ilde yap\u0131lan eylemler de polis sald\u0131r\u0131s\u0131yla, engellenmeye \u00e7al\u0131\u015f\u0131ld\u0131.<\/p>\n","protected":false},"excerpt":{"rendered":"<p>Ankara\u2019da 1 Ekim\u2019de ger\u00e7ekle\u015fen sald\u0131r\u0131n\u0131n ard\u0131ndan T\u00fcrkiye&#46;&#46;&#46;<\/p>\n","protected":false},"author":1,"featured_media":1829,"comment_status":"closed","ping_status":"open","sticky":false,"template":"","format":"standard","meta":{"footnotes":""},"categories":[5],"tags":[],"manset":[],"class_list":["post-1830","post","type-post","status-publish","format-standard","has-post-thumbnail","hentry","category-etkinlikler"],"amp_enabled":true,"_links":{"self":[{"href":"https:\/\/kolektifmucadele1.org\/index.php\/wp-json\/wp\/v2\/posts\/1830","targetHints":{"allow":["GET"]}}],"collection":[{"href":"https:\/\/kolektifmucadele1.org\/index.php\/wp-json\/wp\/v2\/posts"}],"about":[{"href":"https:\/\/kolektifmucadele1.org\/index.php\/wp-json\/wp\/v2\/types\/post"}],"author":[{"embeddable":true,"href":"https:\/\/kolektifmucadele1.org\/index.php\/wp-json\/wp\/v2\/users\/1"}],"replies":[{"embeddable":true,"href":"https:\/\/kolektifmucadele1.org\/index.php\/wp-json\/wp\/v2\/comments?post=1830"}],"version-history":[{"count":0,"href":"https:\/\/kolektifmucadele1.org\/index.php\/wp-json\/wp\/v2\/posts\/1830\/revisions"}],"wp:featuredmedia":[{"embeddable":true,"href":"https:\/\/kolektifmucadele1.org\/index.php\/wp-json\/"}],"wp:attachment":[{"href":"https:\/\/kolektifmucadele1.org\/index.php\/wp-json\/wp\/v2\/media?parent=1830"}],"wp:term":[{"taxonomy":"category","embeddable":true,"href":"https:\/\/kolektifmucadele1.org\/index.php\/wp-json\/wp\/v2\/categories?post=1830"},{"taxonomy":"post_tag","embeddable":true,"href":"https:\/\/kolektifmucadele1.org\/index.php\/wp-json\/wp\/v2\/tags?post=1830"},{"taxonomy":"manset","embeddable":true,"href":"https:\/\/kolektifmucadele1.org\/index.php\/wp-json\/wp\/v2\/manset?post=1830"}],"curies":[{"name":"wp","href":"https:\/\/api.w.org\/{rel}","templated":true}]}}