{"id":1834,"date":"2023-10-13T01:25:31","date_gmt":"2023-10-12T22:25:31","guid":{"rendered":"https:\/\/kolektifmucadele.org\/2023\/10\/13\/isci-emekci-mitinginde-bulusalim\/"},"modified":"2023-10-13T01:25:31","modified_gmt":"2023-10-12T22:25:31","slug":"isci-emekci-mitinginde-bulusalim","status":"publish","type":"post","link":"https:\/\/kolektifmucadele1.org\/index.php\/2023\/10\/13\/isci-emekci-mitinginde-bulusalim\/","title":{"rendered":"\u0130\u015e\u00c7\u0130 EMEK\u00c7\u0130 M\u0130T\u0130NG\u0130NDE BULU\u015eALIM"},"content":{"rendered":"\n<p>\u0130\u015f\u00e7i Emek\u00e7i Mitingi\u2019nin ilki 2021\u2019de pandemi bahanesiyle bir\u00e7ok hak gasp\u0131n\u0131n ya\u015fand\u0131\u011f\u0131 zamanda yap\u0131ld\u0131\u011f\u0131 belirtildi. Yine bu d\u00f6nem de i\u015f\u00e7i ve emek\u00e7ilerin bir\u00e7ok hak gasp\u0131yla kar\u015f\u0131 kar\u015f\u0131ya oldu\u011fu vurgulanarak miting tarihinde asgari \u00fccret g\u00f6r\u00fc\u015fmelerinin ba\u015flayaca\u011f\u0131 ve metal fabrikalar\u0131ndaki T\u0130S s\u00fcre\u00e7lerinin sonu\u00e7lanaca\u011f\u0131 belirtildi. Son olarak \u201cMitingimiz bu iki s\u00fcrece dair s\u00f6z\u00fcn\u00fc s\u00f6yleyece\u011fi ve i\u015f\u00e7i-emek\u00e7ileri harekete ge\u00e7irece\u011fi bir kanal yaratmas\u0131 bak\u0131m\u0131ndan da \u00f6nem ta\u015f\u0131yacakt\u0131r\u201d denildi.<\/p>\n\n\n\n<p>Ortak bas\u0131n a\u00e7\u0131klamas\u0131nda devam eden direni\u015fler ve dayan\u0131\u015fma hat\u0131rlat\u0131ld\u0131 ve \u015funlar denildi:<\/p>\n\n\n\n<blockquote class=\"wp-block-quote is-layout-flow wp-block-quote-is-layout-flow\">\n<p><em>\u201cBu 19 Kas\u0131m\u2019da gelece\u011fin i\u00e7in bir \u015fey yap! S\u0131n\u0131f karde\u015flerinle bulu\u015f!<\/em><\/p>\n\n\n\n<p><em>\u0130\u015f\u00e7i Emek\u00e7i Mitingi\u2019nde gelece\u011fin i\u00e7in hayk\u0131r!<\/em><\/p>\n\n\n\n<p><em>Ad\u0131mlar\u0131m\u0131z\u0131 soka\u011fa atal\u0131m, ellerimizi \u015faltere uzatal\u0131m. Bize reva g\u00f6r\u00fclen bu hayata kar\u015f\u0131, hayat\u0131 durdural\u0131m! Topyek\u00fbn sald\u0131r\u0131lara kar\u015f\u0131 topyek\u00fbn direni\u015fi \u00f6rg\u00fctleyelim!<\/em><\/p>\n\n\n\n<p><em>Sorunlar\u0131m\u0131z, dertlerimiz ortak, \u00e7\u00f6z\u00fcm\u00fc de ancak&nbsp;bir araya gelmekten, \u00f6rg\u00fctlenmekten ge\u00e7mekte.<\/em><\/p>\n\n\n\n<p><em>Haklar\u0131m\u0131z\u0131 ve ya\u015famlar\u0131m\u0131z\u0131 kazanmam\u0131z\u0131n yolu direni\u015fleri b\u00fcy\u00fct\u00fcp, yan yana getirmekten ge\u00e7iyor.<br \/>M\u00fccadeleyi b\u00fcy\u00fctelim, \u0130\u015f\u00e7i Emek\u00e7i Mitingi\u2019nde bulu\u015fal\u0131m! M\u00fccadeleyle kazanabiliriz!<\/em><\/p>\n<\/blockquote>\n\n\n\n<blockquote class=\"wp-block-quote is-layout-flow wp-block-quote-is-layout-flow\">\n<p><em>1-E\u011fitim, Sa\u011fl\u0131k, Bar\u0131nma, Ula\u015f\u0131m, \u0130leti\u015fim, Elektrik, Su, Do\u011falgaz, en temel insan haklar\u0131d\u0131r insan\u00ee ihtiya\u00e7 kadar\u0131 \u00fccretsiz olmal\u0131d\u0131r!<\/em><\/p>\n\n\n\n<p><em>2- Sendikal \u00f6rg\u00fctlenmenin \u00f6n\u00fcndeki engeller kald\u0131r\u0131ls\u0131n!<\/em><\/p>\n\n\n\n<p><em>3- Emekli \u00fccretleri yoksulluk seviyesinin \u00fcst\u00fcne \u00e7\u0131kar\u0131ls\u0131n!<\/em><\/p>\n\n\n\n<p><em>4- Herkese insanca ya\u015famaya yara\u015f\u0131r bar\u0131nma hakk\u0131!<\/em><\/p>\n\n\n\n<p><em>5- \u0130nsanca ya\u015fanabilir bir \u00fccret!<\/em><\/p>\n\n\n\n<p><em>6- Herkese insanca ya\u015famaya yara\u015f\u0131r bar\u0131nma hakk\u0131!<\/em><\/p>\n\n\n\n<p><em>7- \u0130\u015f\u00e7i ve emek\u00e7ilerden al\u0131nan dolayl\u0131, dolays\u0131z t\u00fcm vergiler kald\u0131r\u0131ls\u0131n<\/em><\/p>\n\n\n\n<p><em>8- Ta\u015feron \u00e7al\u0131\u015fma ve i\u015ften atma yasaklans\u0131n, herkese i\u015f ve gelir g\u00fcvencesi!<\/em><\/p>\n\n\n\n<p><em>9- G\u00f6\u00e7men i\u015f\u00e7ilere y\u00f6nelik ayr\u0131mc\u0131l\u0131\u011fa ve sald\u0131r\u0131lara son!<\/em><\/p>\n\n\n\n<p><em>10- Kad\u0131n, g\u00f6\u00e7men, ta\u015feron i\u015f\u00e7i \u00fccretlerinde e\u015fit i\u015fe e\u015fit \u00fccret!<\/em><\/p>\n\n\n\n<p><em>11- \u0130\u015fyerinde bask\u0131, mobbing, tacize son!<\/em><\/p>\n\n\n\n<p><em>12- KHK\u2019lar iptal edilsin!\u201d<\/em><\/p>\n<\/blockquote>\n<\/p>","protected":false},"excerpt":{"rendered":"<p>\u0130\u015f\u00e7i Emek\u00e7i Mitingi\u2019nin ilki 2021\u2019de pandemi bahanesiyle&#46;&#46;&#46;<\/p>\n","protected":false},"author":1,"featured_media":1833,"comment_status":"closed","ping_status":"open","sticky":false,"template":"","format":"standard","meta":{"footnotes":""},"categories":[5],"tags":[],"manset":[],"class_list":["post-1834","post","type-post","status-publish","format-standard","has-post-thumbnail","hentry","category-etkinlikler"],"amp_enabled":true,"_links":{"self":[{"href":"https:\/\/kolektifmucadele1.org\/index.php\/wp-json\/wp\/v2\/posts\/1834","targetHints":{"allow":["GET"]}}],"collection":[{"href":"https:\/\/kolektifmucadele1.org\/index.php\/wp-json\/wp\/v2\/posts"}],"about":[{"href":"https:\/\/kolektifmucadele1.org\/index.php\/wp-json\/wp\/v2\/types\/post"}],"author":[{"embeddable":true,"href":"https:\/\/kolektifmucadele1.org\/index.php\/wp-json\/wp\/v2\/users\/1"}],"replies":[{"embeddable":true,"href":"https:\/\/kolektifmucadele1.org\/index.php\/wp-json\/wp\/v2\/comments?post=1834"}],"version-history":[{"count":0,"href":"https:\/\/kolektifmucadele1.org\/index.php\/wp-json\/wp\/v2\/posts\/1834\/revisions"}],"wp:featuredmedia":[{"embeddable":true,"href":"https:\/\/kolektifmucadele1.org\/index.php\/wp-json\/"}],"wp:attachment":[{"href":"https:\/\/kolektifmucadele1.org\/index.php\/wp-json\/wp\/v2\/media?parent=1834"}],"wp:term":[{"taxonomy":"category","embeddable":true,"href":"https:\/\/kolektifmucadele1.org\/index.php\/wp-json\/wp\/v2\/categories?post=1834"},{"taxonomy":"post_tag","embeddable":true,"href":"https:\/\/kolektifmucadele1.org\/index.php\/wp-json\/wp\/v2\/tags?post=1834"},{"taxonomy":"manset","embeddable":true,"href":"https:\/\/kolektifmucadele1.org\/index.php\/wp-json\/wp\/v2\/manset?post=1834"}],"curies":[{"name":"wp","href":"https:\/\/api.w.org\/{rel}","templated":true}]}}