{"id":1862,"date":"2023-10-15T22:49:31","date_gmt":"2023-10-15T19:49:31","guid":{"rendered":"https:\/\/kolektifmucadele.org\/2023\/10\/15\/vanda-kadinlara-sorusturma\/"},"modified":"2023-10-15T22:49:31","modified_gmt":"2023-10-15T19:49:31","slug":"vanda-kadinlara-sorusturma","status":"publish","type":"post","link":"https:\/\/kolektifmucadele1.org\/index.php\/2023\/10\/15\/vanda-kadinlara-sorusturma\/","title":{"rendered":"VAN&#8217;DA KADINLARA SORU\u015eTURMA"},"content":{"rendered":"\n<p>Van\u2019da uzman \u00e7avu\u015f tacizini protesto eden 8 kad\u0131n hakk\u0131nda \u2018Halk\u0131 kin ve d\u00fc\u015fmanl\u0131\u011fa sevk etmek\u2019 iddias\u0131yla soru\u015fturma a\u00e7\u0131ld\u0131.<\/p>\n\n\n\n<p>STAR Kad\u0131n Derne\u011fi y\u00f6neticileri hakk\u0131nda soru\u015fturma a\u00e7\u0131ld\u0131. Bas\u0131n a\u00e7\u0131klamas\u0131nda a\u00e7\u0131lan, \u201c\u00dcniformal\u0131lar\u0131n taciz ve tecav\u00fcz\u00fcne kar\u015f\u0131 kad\u0131nlar\u0131n \u00f6rg\u00fctl\u00fc m\u00fccadelesi kazanacak \u201d pankart\u0131 nedeniyle 8 kad\u0131n, \u201cHalk\u0131 kin ve d\u00fc\u015fmanl\u0131\u011fa sevk etmek\u201d iddias\u0131yla su\u00e7lan\u0131yor.<\/p>\n\n\n\n<p>STAR Kad\u0131n Derne\u011fi y\u00f6neticilerinden Sevgi \u00d6zdin\u00e7, Serap G\u00fcven\u00e7, Rojbin Bor, derne\u011fin avukatlar\u0131ndan Zeynep Demir, Halklar\u0131n Demokratik Partisi (HDP) Wan \u0130l E\u015fba\u015fkan\u0131 Handan Karakoyun ve TJA aktivisti Aynur Tarhan\u2019\u0131n aralar\u0131nda bulundu\u011fu 8 kad\u0131n\u0131n, \u0130l Emniyet M\u00fcd\u00fcrl\u00fc\u011f\u00fc\u2019ne giderek ifade vermesi bekleniyor.<\/p>\n","protected":false},"excerpt":{"rendered":"<p>Van\u2019da uzman \u00e7avu\u015f tacizini protesto eden 8&#46;&#46;&#46;<\/p>\n","protected":false},"author":1,"featured_media":1861,"comment_status":"closed","ping_status":"open","sticky":false,"template":"","format":"standard","meta":{"footnotes":""},"categories":[10],"tags":[],"manset":[],"class_list":["post-1862","post","type-post","status-publish","format-standard","has-post-thumbnail","hentry","category-kadin"],"amp_enabled":true,"_links":{"self":[{"href":"https:\/\/kolektifmucadele1.org\/index.php\/wp-json\/wp\/v2\/posts\/1862","targetHints":{"allow":["GET"]}}],"collection":[{"href":"https:\/\/kolektifmucadele1.org\/index.php\/wp-json\/wp\/v2\/posts"}],"about":[{"href":"https:\/\/kolektifmucadele1.org\/index.php\/wp-json\/wp\/v2\/types\/post"}],"author":[{"embeddable":true,"href":"https:\/\/kolektifmucadele1.org\/index.php\/wp-json\/wp\/v2\/users\/1"}],"replies":[{"embeddable":true,"href":"https:\/\/kolektifmucadele1.org\/index.php\/wp-json\/wp\/v2\/comments?post=1862"}],"version-history":[{"count":0,"href":"https:\/\/kolektifmucadele1.org\/index.php\/wp-json\/wp\/v2\/posts\/1862\/revisions"}],"wp:featuredmedia":[{"embeddable":true,"href":"https:\/\/kolektifmucadele1.org\/index.php\/wp-json\/"}],"wp:attachment":[{"href":"https:\/\/kolektifmucadele1.org\/index.php\/wp-json\/wp\/v2\/media?parent=1862"}],"wp:term":[{"taxonomy":"category","embeddable":true,"href":"https:\/\/kolektifmucadele1.org\/index.php\/wp-json\/wp\/v2\/categories?post=1862"},{"taxonomy":"post_tag","embeddable":true,"href":"https:\/\/kolektifmucadele1.org\/index.php\/wp-json\/wp\/v2\/tags?post=1862"},{"taxonomy":"manset","embeddable":true,"href":"https:\/\/kolektifmucadele1.org\/index.php\/wp-json\/wp\/v2\/manset?post=1862"}],"curies":[{"name":"wp","href":"https:\/\/api.w.org\/{rel}","templated":true}]}}