{"id":1867,"date":"2023-10-20T01:11:01","date_gmt":"2023-10-19T22:11:01","guid":{"rendered":"https:\/\/kolektifmucadele.org\/2023\/10\/20\/filistin-halkiyla-dayanisma-eylemleri-suruyor\/"},"modified":"2023-10-20T01:11:01","modified_gmt":"2023-10-19T22:11:01","slug":"filistin-halkiyla-dayanisma-eylemleri-suruyor","status":"publish","type":"post","link":"https:\/\/kolektifmucadele1.org\/index.php\/2023\/10\/20\/filistin-halkiyla-dayanisma-eylemleri-suruyor\/","title":{"rendered":"F\u0130L\u0130ST\u0130N HALKIYLA DAYANI\u015eMA EYLEMLER\u0130 S\u00dcR\u00dcYOR"},"content":{"rendered":"\n<p>Bir\u00e7ok kentte direnen Filistin halk\u0131yla dayan\u0131\u015fma eylemleri yap\u0131ld\u0131.<\/p>\n\n\n\n<p><strong>Artvin<\/strong>\u2019in Hopa il\u00e7esinde Filistin halk\u0131yla dayan\u0131\u015fma y\u00fcr\u00fcy\u00fc\u015f\u00fc yap\u0131ld\u0131. Eylemde \u201cDirenen Filistin halk\u0131n\u0131n yan\u0131nday\u0131z!\u201d yaz\u0131l\u0131 pankart ta\u015f\u0131nd\u0131. Y\u00fcr\u00fcy\u00fc\u015f boyunca \u201c\u0130\u015fgalci \u0130srail Filistin\u2019den defol!\u201d, \u201cKahrolsun Amerika emperyalizmi!\u201d, \u201cEmperyalistler yenilecek, direnen halklar kazanacak!\u201d sloganlar\u0131 at\u0131ld\u0131. Eylem yar\u0131n tekrar 12.30\u2019de bulu\u015fmak \u00fczere sonland\u0131r\u0131ld\u0131.<\/p>\n\n\n\n<p><strong>Mersin<\/strong>\u2019de ise Emek ve Demokrasi G\u00fc\u00e7leri Filistin eylemi yapt\u0131. Eylemde \u201c\u0130srail\u2019in Filistin halk\u0131na yapt\u0131\u011f\u0131 soyk\u0131r\u0131m ve katliam\u0131 k\u0131n\u0131yoruz!\u201d, \u201cSava\u015fa kar\u015f\u0131 bar\u0131\u015f\u0131, \u00f6l\u00fcme kar\u015f\u0131 ya\u015fam\u0131 savunuyoruz. Filistin halk\u0131na yap\u0131lan soyk\u0131r\u0131m ve katliam\u0131 k\u0131n\u0131yoruz!\u201d, \u201cSava\u015fa hay\u0131r bar\u0131\u015f hemen \u015fimdi!\u201d yaz\u0131l\u0131 pankartlar ta\u015f\u0131nd\u0131. Yap\u0131lan a\u00e7\u0131klamada hastane katliam\u0131 hat\u0131rlat\u0131larak&nbsp;<em>\u201cFilistin\u2019in timsah g\u00f6zya\u015flar\u0131na de\u011fil sava\u015f\u0131n durdurulmas\u0131na ihtiyac\u0131 var\u201d&nbsp;<\/em>vurgusu yap\u0131ld\u0131.<\/p>\n\n\n\n<p><strong>Urfa<\/strong>&nbsp;Emek ve Demokrasi Platformu bile\u015fenleri Ahmet Bah\u00e7\u0131van \u0130\u015f Merkezi \u00f6n\u00fcnde eylem yapt\u0131. K\u00fcrt\u00e7e, Arap\u00e7a ve T\u00fcrk\u00e7e yaz\u0131l\u0131 \u201cRiha bar\u0131\u015f istiyor!\u201d pankart\u0131n\u0131n a\u00e7\u0131ld\u0131\u011f\u0131 a\u00e7\u0131klamada konu\u015fma yapan Platformun D\u00f6nem S\u00f6zc\u00fcs\u00fc Kemal Y\u00fcksekkaya,&nbsp;<em>\u201cCo\u011frafyam\u0131zda ve d\u00fcnyam\u0131zda bar\u0131\u015f istiyoruz\u201d<\/em>&nbsp;dedi.&nbsp;<\/p>\n\n\n\n<p>Kafkasya, Ortado\u011fu ve K\u00fcrdistan co\u011frafyalar\u0131nda ya\u015fanan sava\u015f halini kayg\u0131yla izlendiklerini belirten Y\u00fcksekkaya \u015funlar\u0131 ifade etti:<\/p>\n\n\n\n<blockquote class=\"wp-block-quote is-layout-flow wp-block-quote-is-layout-flow\">\n<p><em>\u201c6 Ekim g\u00fcn\u00fc Kuzey ve Do\u011fu Suriye\u2019ye y\u00f6nelik bir hava sald\u0131r\u0131s\u0131 ba\u015flat\u0131ld\u0131\u011f\u0131 Milli Savunma Bakanl\u0131\u011f\u0131 taraf\u0131ndan duyuruldu. Hava sald\u0131r\u0131lar\u0131nda sivil can kay\u0131plar\u0131n\u0131n ve yaralanmalar\u0131n ya\u015fand\u0131\u011f\u0131, sivil ya\u015fam alanlar\u0131n\u0131n vuruldu\u011fu haberleri bas\u0131na yans\u0131m\u0131\u015ft\u0131r.\u201d&nbsp;<\/em><\/p>\n<\/blockquote>\n\n\n\n<p>\u0130srail&#8217;in Filistin\u2019e d\u00f6n\u00fck sald\u0131r\u0131lar\u0131n\u0131n soyk\u0131r\u0131m noktas\u0131na geldi\u011fini vurgulayan Y\u00fcksekkaya&nbsp;<em>\u201cBu nedenle &#8216;sava\u015f bir halk sa\u011fl\u0131\u011f\u0131 sorunudur&#8217; diyoruz\u201d&nbsp;<\/em>dedi.<\/p>\n\n\n\n<p>\u0130nsan Haklar\u0131 Derne\u011fi (\u0130HD)\u00a0<strong>\u0130skenderun<\/strong>\u00a0\u015eubesi \u00fcyeleri ise Sa\u011fl\u0131kl\u0131 Ya\u015fam Park\u0131&#8217;nda a\u00e7\u0131klama yapt\u0131. \u0130HD \u015eube E\u015fba\u015fkan\u0131 Co\u015fkun Sel\u00e7uk, Ortado\u011fu ve d\u00fcnyan\u0131n \u00e7e\u015fitli b\u00f6lgelerinde ya\u015fanan \u00e7at\u0131\u015fma ile sava\u015f\u0131n insanl\u0131\u011f\u0131 bir felakete do\u011fru s\u00fcr\u00fckledi\u011fini dile getirdi.\u00a0<\/p>\n\n\n\n<p><\/p>\n","protected":false},"excerpt":{"rendered":"<p>Bir\u00e7ok kentte direnen Filistin halk\u0131yla dayan\u0131\u015fma eylemleri&#46;&#46;&#46;<\/p>\n","protected":false},"author":1,"featured_media":1866,"comment_status":"closed","ping_status":"open","sticky":false,"template":"","format":"standard","meta":{"footnotes":""},"categories":[5],"tags":[],"manset":[],"class_list":["post-1867","post","type-post","status-publish","format-standard","has-post-thumbnail","hentry","category-etkinlikler"],"amp_enabled":true,"_links":{"self":[{"href":"https:\/\/kolektifmucadele1.org\/index.php\/wp-json\/wp\/v2\/posts\/1867","targetHints":{"allow":["GET"]}}],"collection":[{"href":"https:\/\/kolektifmucadele1.org\/index.php\/wp-json\/wp\/v2\/posts"}],"about":[{"href":"https:\/\/kolektifmucadele1.org\/index.php\/wp-json\/wp\/v2\/types\/post"}],"author":[{"embeddable":true,"href":"https:\/\/kolektifmucadele1.org\/index.php\/wp-json\/wp\/v2\/users\/1"}],"replies":[{"embeddable":true,"href":"https:\/\/kolektifmucadele1.org\/index.php\/wp-json\/wp\/v2\/comments?post=1867"}],"version-history":[{"count":0,"href":"https:\/\/kolektifmucadele1.org\/index.php\/wp-json\/wp\/v2\/posts\/1867\/revisions"}],"wp:featuredmedia":[{"embeddable":true,"href":"https:\/\/kolektifmucadele1.org\/index.php\/wp-json\/"}],"wp:attachment":[{"href":"https:\/\/kolektifmucadele1.org\/index.php\/wp-json\/wp\/v2\/media?parent=1867"}],"wp:term":[{"taxonomy":"category","embeddable":true,"href":"https:\/\/kolektifmucadele1.org\/index.php\/wp-json\/wp\/v2\/categories?post=1867"},{"taxonomy":"post_tag","embeddable":true,"href":"https:\/\/kolektifmucadele1.org\/index.php\/wp-json\/wp\/v2\/tags?post=1867"},{"taxonomy":"manset","embeddable":true,"href":"https:\/\/kolektifmucadele1.org\/index.php\/wp-json\/wp\/v2\/manset?post=1867"}],"curies":[{"name":"wp","href":"https:\/\/api.w.org\/{rel}","templated":true}]}}