{"id":1911,"date":"2023-10-27T15:46:06","date_gmt":"2023-10-27T12:46:06","guid":{"rendered":"https:\/\/kolektifmucadele.org\/2023\/10\/27\/bir-kadin-daha-katledildi\/"},"modified":"2023-10-27T15:46:06","modified_gmt":"2023-10-27T12:46:06","slug":"bir-kadin-daha-katledildi","status":"publish","type":"post","link":"https:\/\/kolektifmucadele1.org\/index.php\/2023\/10\/27\/bir-kadin-daha-katledildi\/","title":{"rendered":"B\u0130R KADIN DAHA KATLED\u0130LD\u0130"},"content":{"rendered":"\n<p>Adana&#8217;da emekli astsubay Ya\u015far Erg\u00fcl, e\u015fi Seda Erg\u00fcl&#8217;\u00fc 3 \u00e7ocu\u011funun yan\u0131nda tabanca ile vurarak \u00f6ld\u00fcrd\u00fc.<\/p>\n\n\n\n<p>DHA&#8217;n\u0131n aktard\u0131\u011f\u0131 habere g\u00f6re, olay saat 12.30 s\u0131ralar\u0131nda Seyhan il\u00e7esi P\u0131nar Mahallesi \u00d6z Mehtap Apartman\u0131\u2019nda meydana geldi.<\/p>\n\n\n\n<p>Ya\u015far Erg\u00fcl, 3 \u00e7ocu\u011funun yan\u0131nda Seda Erg\u00fcl&#8217;e tabancayla ate\u015f a\u00e7t\u0131.\u00a0Silah seslerini duyan kom\u015fular\u0131n\u0131n ihbar\u0131yla adrese polis ve sa\u011fl\u0131k ekibi sevk edildi. Gelen sa\u011fl\u0131k ekibi Seda Erg\u00fcl\u2019\u00fcn hayat\u0131n\u0131 kaybetti\u011fini belirledi.<\/p>\n\n\n\n<p>Ka\u00e7an Ya\u015far Erg\u00fcl ise polis ekiplerince eve yak\u0131n bir sokakta y\u00fcr\u00fcrken yakaland\u0131. \u00c7iftin \u00e7ocuklar\u0131 \u00c7ocuk \u015eube M\u00fcd\u00fcrl\u00fc\u011f\u00fc\u2019ne g\u00f6t\u00fcr\u00fcl\u00fcrken, savc\u0131n\u0131n ifadelerini alaca\u011f\u0131 \u00f6\u011frenildi.<\/p>\n","protected":false},"excerpt":{"rendered":"<p>Adana&#8217;da emekli astsubay Ya\u015far Erg\u00fcl, e\u015fi Seda&#46;&#46;&#46;<\/p>\n","protected":false},"author":1,"featured_media":1910,"comment_status":"closed","ping_status":"open","sticky":false,"template":"","format":"standard","meta":{"footnotes":""},"categories":[10],"tags":[],"manset":[],"class_list":["post-1911","post","type-post","status-publish","format-standard","has-post-thumbnail","hentry","category-kadin"],"amp_enabled":true,"_links":{"self":[{"href":"https:\/\/kolektifmucadele1.org\/index.php\/wp-json\/wp\/v2\/posts\/1911","targetHints":{"allow":["GET"]}}],"collection":[{"href":"https:\/\/kolektifmucadele1.org\/index.php\/wp-json\/wp\/v2\/posts"}],"about":[{"href":"https:\/\/kolektifmucadele1.org\/index.php\/wp-json\/wp\/v2\/types\/post"}],"author":[{"embeddable":true,"href":"https:\/\/kolektifmucadele1.org\/index.php\/wp-json\/wp\/v2\/users\/1"}],"replies":[{"embeddable":true,"href":"https:\/\/kolektifmucadele1.org\/index.php\/wp-json\/wp\/v2\/comments?post=1911"}],"version-history":[{"count":0,"href":"https:\/\/kolektifmucadele1.org\/index.php\/wp-json\/wp\/v2\/posts\/1911\/revisions"}],"wp:featuredmedia":[{"embeddable":true,"href":"https:\/\/kolektifmucadele1.org\/index.php\/wp-json\/"}],"wp:attachment":[{"href":"https:\/\/kolektifmucadele1.org\/index.php\/wp-json\/wp\/v2\/media?parent=1911"}],"wp:term":[{"taxonomy":"category","embeddable":true,"href":"https:\/\/kolektifmucadele1.org\/index.php\/wp-json\/wp\/v2\/categories?post=1911"},{"taxonomy":"post_tag","embeddable":true,"href":"https:\/\/kolektifmucadele1.org\/index.php\/wp-json\/wp\/v2\/tags?post=1911"},{"taxonomy":"manset","embeddable":true,"href":"https:\/\/kolektifmucadele1.org\/index.php\/wp-json\/wp\/v2\/manset?post=1911"}],"curies":[{"name":"wp","href":"https:\/\/api.w.org\/{rel}","templated":true}]}}