{"id":1926,"date":"2023-11-01T10:11:44","date_gmt":"2023-11-01T07:11:44","guid":{"rendered":"https:\/\/kolektifmucadele.org\/2023\/11\/01\/rojavadan-gazzeye-zafer-halklarin-olacak\/"},"modified":"2024-01-08T22:59:33","modified_gmt":"2024-01-08T19:59:33","slug":"rojavadan-gazzeye-zafer-halklarin-olacak","status":"publish","type":"post","link":"https:\/\/kolektifmucadele1.org\/index.php\/2023\/11\/01\/rojavadan-gazzeye-zafer-halklarin-olacak\/","title":{"rendered":"ROJAVA&#8217;DAN , GAZZE&#8217;YE ; ZAFER HALKLARIN OLACAKTIR"},"content":{"rendered":"\n<p>Rojava\u2019dan Gazze\u2019ye zafer halklar\u0131n olacakt\u0131r<\/p>\n\n\n\n<p>1 Kas\u0131m D\u00fcnya Koban\u00ea G\u00fcn\u00fcn\u00fc selaml\u0131yoruz\u2026<br>\u015eanl\u0131 Koban\u00ea direni\u015finin y\u0131ld\u00f6n\u00fcm\u00fcnde onu hazmedemeyen fa\u015fist s\u00f6m\u00fcrgeci TC Ankara eylemini bahane ederek y\u00fcr\u00fctt\u00fc\u011f\u00fc sava\u015f ve i\u015fgal politikalar\u0131n\u0131 soyk\u0131r\u0131ma d\u00f6n\u00fc\u015ft\u00fcrd\u00fc. \u0130srail\u2019in Filistin halk\u0131na kar\u015f\u0131 y\u00fcr\u00fctt\u00fc\u011f\u00fc katliam, soyk\u0131r\u0131m\u0131 utanmazca \u2018k\u0131nayan\u2019 fa\u015fist s\u00f6m\u00fcrgeciler herg\u00fcn Rojava\u2019ya tonlarca bomba ya\u011fd\u0131r\u0131yor. Halk\u0131n ya\u015fam alanlar\u0131n\u0131 yerle bir ediyor, ayr\u0131m yapmada t\u00fcm halk\u0131 yok etme pe\u015finde. As\u0131l olarak daha \u00f6nce \u00e7etelerini Koban\u00ea\u2019ye sald\u0131rtan, \u201ed\u00fc\u015ft\u00fc d\u00fc\u015fecek \u201cdiyen fa\u015fist devletin ba\u015f\u0131 \u00e7eteleri eliyle i\u015fgal edemedi, b\u00fcy\u00fck bir yenilgiye u\u011frad\u0131. Ya\u015fanan insan \u00fcstu can bedeli direni\u015f kar\u015f\u0131s\u0131nda b\u00fcy\u00fck bir yenilgiye u\u011frayan \u00e7eteleleriyle birlikte asil yenilen fa\u015fist s\u00f6m\u00fcrgecilerdi ve bu onlar\u0131 daha da korkuttu. \u00c7eteleri a\u011f\u0131r yenilgi almas\u0131 kar\u015f\u0131s\u0131nda bu kez kendisi a\u00e7\u0131kta devreye girerek Rojava\u2019y\u0131 i\u015fgale ba\u015flad\u0131 ve bu i\u015fgali, tam bir talana bir soyk\u0131r\u0131ma d\u00f6n\u00fc\u015ft\u00fc.<\/p>\n\n\n\n<p>\u0130\u015fte bug\u00fcn onurlu Koban\u00ea direni\u015fi ve zaferinin y\u0131ld\u00f6n\u00fcm\u00fc olan 1 Kas\u0131m D\u00fcnya Koban\u00ea G\u00fcn\u00fc\u2019n\u00fc y\u0131ld\u00f6n\u00fcm\u00fcnde, o tarihte \u00e7a\u011f kapat\u0131p, \u00e7a\u011f a\u00e7an direni\u015f ruhuyla g\u00f6rev fa\u015fizme kar\u015f\u0131 bu devrimci kalk\u0131\u015fmay\u0131 daha da b\u00fcy\u00fctmektir. Koban\u00ea\u2019de y\u00fckselen devrim ate\u015fi ve enternasyonal dayan\u0131\u015fma ruhunu daha da b\u00fcy\u00fctme zaman\u0131.<\/p>\n\n\n\n<p>Filistin\u2019de siyonist \u0130srail, K\u00fcrdistan ve Rojava\u2019da s\u00f6m\u00fcrgeci fa\u015fist TC halklar\u0131m\u0131z\u0131 katlediyor, soyk\u0131r\u0131mda ge\u00e7iriyor. Bu katliam ve soyk\u0131r\u0131m kar\u015f\u0131s\u0131nda d\u00fcnya egemen s\u0131n\u0131flar\u0131 her zamanki gibi katiler cephesini onlar\u0131 destekliyor, g\u00fc\u00e7 veriyor. Ama her zaman oldu\u011fu gibi d\u00fcnya haklar\u0131, ezilenler ise i\u015fte bu soyk\u0131r\u0131m, katliam kar\u015f\u0131s\u0131nda Filistin \u2013 K\u00fcrt halk\u0131yla birlikte. Emperyalist haydutlar ve onlar\u0131n i\u015fbirlik\u00e7isi, u\u015faklar\u0131 kar\u015f\u0131s\u0131nda anti-emperyalist, anti s\u00f6m\u00fcrgeci ve anti fa\u015fist cepheyi d\u00fcnya \u00e7ap\u0131nda b\u00fcy\u00fctmeye, dayan\u0131\u015fma ve m\u00fccadeleyi y\u00fckseltmek ka\u00e7\u0131n\u0131lmaz bir g\u00f6rev ve sorumluktur.<\/p>\n\n\n\n<p>Fa\u015fist i\u015fgalci ve s\u00f6m\u00fcrgecilere kar\u015f\u0131 aya\u011fa kalkma, sokakta, meydanda, okulda, fabrikada, hayat\u0131n her alan\u0131nda m\u00fccadeleyi y\u00fckseltmek devrimci-demokratik t\u00fcm kesimlerin, at\u0131lan her sloganda, ta\u015fta, molotofa vb emek\u00e7i halklar\u0131n devrimci \u00f6fkesinde cephele\u015fmesi zaman\u0131\u2026<\/p>\n\n\n\n<p>\u015eimdi Gazze\u2019den Koban\u00eaye direni\u015f ruhunu sahiplenerek, fa\u015fizme ve emperyalizme kar\u015f\u0131 Rojava Devrimini yok etme \u00e7abalar\u0131 ve Koban\u00ea\u2019nin yeniden i\u015fgal \u00e7abalar\u0131na kar\u015f\u0131, Gazze ve Rojava \u2019daki katliam ve soyk\u0131r\u0131ma kar\u015f\u0131 \u00f6fkemizi ku\u015fanma zaman\u0131d\u0131r\u2026<br>Rojava\u2019dan Gazze\u2019ye zafer halklar\u0131n olacakt\u0131r\u2026<br>Ya\u015fas\u0131n Koban\u00ea Direni\u015fimiz!<br>Bij\u00ee Berxwedana Koban\u00ea!<br>Ya\u015fas\u0131n halklar\u0131n \u00f6zg\u00fcrl\u00fck m\u00fccadelesi<\/p>\n","protected":false},"excerpt":{"rendered":"<p>Rojava\u2019dan Gazze\u2019ye zafer halklar\u0131n olacakt\u0131r 1 Kas\u0131m&#46;&#46;&#46;<\/p>\n","protected":false},"author":1,"featured_media":2138,"comment_status":"closed","ping_status":"open","sticky":false,"template":"","format":"standard","meta":{"footnotes":""},"categories":[2],"tags":[],"manset":[],"class_list":["post-1926","post","type-post","status-publish","format-standard","has-post-thumbnail","hentry","category-basin-aciklamalari"],"amp_enabled":true,"_links":{"self":[{"href":"https:\/\/kolektifmucadele1.org\/index.php\/wp-json\/wp\/v2\/posts\/1926","targetHints":{"allow":["GET"]}}],"collection":[{"href":"https:\/\/kolektifmucadele1.org\/index.php\/wp-json\/wp\/v2\/posts"}],"about":[{"href":"https:\/\/kolektifmucadele1.org\/index.php\/wp-json\/wp\/v2\/types\/post"}],"author":[{"embeddable":true,"href":"https:\/\/kolektifmucadele1.org\/index.php\/wp-json\/wp\/v2\/users\/1"}],"replies":[{"embeddable":true,"href":"https:\/\/kolektifmucadele1.org\/index.php\/wp-json\/wp\/v2\/comments?post=1926"}],"version-history":[{"count":1,"href":"https:\/\/kolektifmucadele1.org\/index.php\/wp-json\/wp\/v2\/posts\/1926\/revisions"}],"predecessor-version":[{"id":2139,"href":"https:\/\/kolektifmucadele1.org\/index.php\/wp-json\/wp\/v2\/posts\/1926\/revisions\/2139"}],"wp:featuredmedia":[{"embeddable":true,"href":"https:\/\/kolektifmucadele1.org\/index.php\/wp-json\/wp\/v2\/media\/2138"}],"wp:attachment":[{"href":"https:\/\/kolektifmucadele1.org\/index.php\/wp-json\/wp\/v2\/media?parent=1926"}],"wp:term":[{"taxonomy":"category","embeddable":true,"href":"https:\/\/kolektifmucadele1.org\/index.php\/wp-json\/wp\/v2\/categories?post=1926"},{"taxonomy":"post_tag","embeddable":true,"href":"https:\/\/kolektifmucadele1.org\/index.php\/wp-json\/wp\/v2\/tags?post=1926"},{"taxonomy":"manset","embeddable":true,"href":"https:\/\/kolektifmucadele1.org\/index.php\/wp-json\/wp\/v2\/manset?post=1926"}],"curies":[{"name":"wp","href":"https:\/\/api.w.org\/{rel}","templated":true}]}}