{"id":1969,"date":"2023-11-25T02:15:28","date_gmt":"2023-11-24T23:15:28","guid":{"rendered":"https:\/\/kolektifmucadele.org\/2023\/11\/25\/songul-ilker-gozaltina-alindi\/"},"modified":"2024-01-08T23:35:40","modified_gmt":"2024-01-08T20:35:40","slug":"songul-ilker-gozaltina-alindi","status":"publish","type":"post","link":"https:\/\/kolektifmucadele1.org\/index.php\/2023\/11\/25\/songul-ilker-gozaltina-alindi\/","title":{"rendered":"SONG\u00dcL \u0130LKER G\u00d6ZALTINA ALINDI"},"content":{"rendered":"\n<p>Hasta tutsak Ekim Polat\u2019\u0131n annesi Song\u00fcl \u0130lker i\u015fyerinden g\u00f6zalt\u0131na al\u0131nd\u0131.<\/p>\n\n\n\n<p>Tekirda\u011f Hapishanesi\u2019nde tutuklu bulunan Ekim Polat\u2019\u0131n insani ko\u015fullarda tedavi hakk\u0131n\u0131n sa\u011flanmas\u0131 i\u00e7in oturma eylemini s\u00fcrd\u00fcren anne Song\u00fcl \u0130lker g\u00f6zalt\u0131na al\u0131nd\u0131.<\/p>\n\n\n\n<p>Oturma eyleminin 432\u2019inci g\u00fcn\u00fcnde olan \u0130lker, sosyal medya hesab\u0131nda i\u015fyerinden g\u00f6zalt\u0131na al\u0131nd\u0131\u011f\u0131n\u0131 duyurdu.<\/p>\n","protected":false},"excerpt":{"rendered":"<p>Hasta tutsak Ekim Polat\u2019\u0131n annesi Song\u00fcl \u0130lker&#46;&#46;&#46;<\/p>\n","protected":false},"author":1,"featured_media":2173,"comment_status":"closed","ping_status":"open","sticky":false,"template":"","format":"standard","meta":{"footnotes":""},"categories":[10],"tags":[],"manset":[],"class_list":["post-1969","post","type-post","status-publish","format-standard","has-post-thumbnail","hentry","category-kadin"],"amp_enabled":true,"_links":{"self":[{"href":"https:\/\/kolektifmucadele1.org\/index.php\/wp-json\/wp\/v2\/posts\/1969","targetHints":{"allow":["GET"]}}],"collection":[{"href":"https:\/\/kolektifmucadele1.org\/index.php\/wp-json\/wp\/v2\/posts"}],"about":[{"href":"https:\/\/kolektifmucadele1.org\/index.php\/wp-json\/wp\/v2\/types\/post"}],"author":[{"embeddable":true,"href":"https:\/\/kolektifmucadele1.org\/index.php\/wp-json\/wp\/v2\/users\/1"}],"replies":[{"embeddable":true,"href":"https:\/\/kolektifmucadele1.org\/index.php\/wp-json\/wp\/v2\/comments?post=1969"}],"version-history":[{"count":1,"href":"https:\/\/kolektifmucadele1.org\/index.php\/wp-json\/wp\/v2\/posts\/1969\/revisions"}],"predecessor-version":[{"id":2174,"href":"https:\/\/kolektifmucadele1.org\/index.php\/wp-json\/wp\/v2\/posts\/1969\/revisions\/2174"}],"wp:featuredmedia":[{"embeddable":true,"href":"https:\/\/kolektifmucadele1.org\/index.php\/wp-json\/wp\/v2\/media\/2173"}],"wp:attachment":[{"href":"https:\/\/kolektifmucadele1.org\/index.php\/wp-json\/wp\/v2\/media?parent=1969"}],"wp:term":[{"taxonomy":"category","embeddable":true,"href":"https:\/\/kolektifmucadele1.org\/index.php\/wp-json\/wp\/v2\/categories?post=1969"},{"taxonomy":"post_tag","embeddable":true,"href":"https:\/\/kolektifmucadele1.org\/index.php\/wp-json\/wp\/v2\/tags?post=1969"},{"taxonomy":"manset","embeddable":true,"href":"https:\/\/kolektifmucadele1.org\/index.php\/wp-json\/wp\/v2\/manset?post=1969"}],"curies":[{"name":"wp","href":"https:\/\/api.w.org\/{rel}","templated":true}]}}