{"id":2003,"date":"2023-11-28T10:57:39","date_gmt":"2023-11-28T07:57:39","guid":{"rendered":"https:\/\/kolektifmucadele.org\/2023\/11\/28\/dunyada-25-kasim-eylemleri-2\/"},"modified":"2024-01-08T23:34:39","modified_gmt":"2024-01-08T20:34:39","slug":"dunyada-25-kasim-eylemleri-2","status":"publish","type":"post","link":"https:\/\/kolektifmucadele1.org\/index.php\/2023\/11\/28\/dunyada-25-kasim-eylemleri-2\/","title":{"rendered":"D\u00dcNYA&#8217;DA 25 KASIM EYLEMLER\u0130- 2"},"content":{"rendered":"\n<p><strong>\u0130talya<\/strong>\u2019da 25 Kas\u0131m Kad\u0131na Y\u00f6nelik \u015eiddete Kar\u015f\u0131 Uluslararas\u0131 M\u00fccadele ve Dayan\u0131\u015fma G\u00fcn\u00fc\u2019nde Ba\u015fkent Roma ba\u015fta olmak \u00fczere Milano, Torino, Perugia ve Napoli gibi di\u011fer kentlerde &nbsp;onbinlerce ki\u015finin kat\u0131ld\u0131\u011f\u0131 kitlesel y\u00fcr\u00fcy\u00fc\u015fler yap\u0131ld\u0131.&nbsp;<\/p>\n\n\n\n<p>Roma\u2019da kitlesel bir eylem ger\u00e7ekle\u015fti. \u201cNon Una di Meno&#8221;nun (Bir Kad\u0131n Daha Eksilmesin!) \u00e7a\u011fr\u0131s\u0131 \u00fczerine d\u00fczenlenen y\u00fcr\u00fcy\u00fc\u015fe 50 bin ki\u015fi kat\u0131ld\u0131. Y\u00fcr\u00fcy\u00fc\u015f, Circo Massimo alan\u0131nda Giulia Cecchettin ve \u00f6ld\u00fcr\u00fclen t\u00fcm kad\u0131nlar an\u0131s\u0131na bir dakikal\u0131k sayg\u0131 duru\u015fuyla ba\u015flad\u0131. Y\u00fcr\u00fcy\u00fc\u015fte, \u00e7ok say\u0131da Filistin bayra\u011f\u0131 da ta\u015f\u0131nd\u0131. Bir grup kad\u0131n, Kolezyum&#8217;un duvarlar\u0131n\u0131n dibine kadar giderek burada me\u015faleler yak\u0131p, d\u00f6vizler a\u00e7t\u0131 ve kad\u0131nlara y\u00f6nelik \u015fiddeti protesto etti.<\/p>\n\n\n\n<p><strong>G\u00fcney Amerika<\/strong>&#8216;da 25 Kas\u0131m\u2019da eylem ve y\u00fcr\u00fcy\u00fc\u015fler ger\u00e7ekle\u015ftirildi.<\/p>\n\n\n\n<p><strong>Guatemala<\/strong>&#8216;da 25 Kas\u0131m eylemlerinde bu y\u0131l \u015fu ana kadar \u00f6ld\u00fcr\u00fclen 438 kad\u0131n i\u00e7in 438 mum yak\u0131ld\u0131.&nbsp;<\/p>\n\n\n\n<p><strong>\u015eili<\/strong>&#8216;nin ba\u015fkenti Santiago de Chile&#8217;de g\u00f6stericiler \u00f6ld\u00fcr\u00fclenlerin posterlerini ta\u015f\u0131d\u0131.<\/p>\n\n\n\n<p>Kad\u0131na y\u00f6nelik \u015fiddetin yayg\u0131n oldu\u011fu di\u011fer Latin Amerika \u00fclkelerinde (Peru, Meksika, Ekvador) da b\u00fcy\u00fck kitlesel g\u00f6steriler d\u00fczenlendi.&nbsp;<\/p>\n\n\n\n<p><strong>Peru<\/strong>&#8216;da kad\u0131nlar y\u00fcr\u00fcy\u00fc\u015f s\u0131ras\u0131nda cinsiyete dayal\u0131 \u015fiddet ma\u011fdurlar\u0131n\u0131n isimlerinin yaz\u0131l\u0131 oldu\u011fu sahte bir tabut ta\u015f\u0131d\u0131.&nbsp;<\/p>\n\n\n\n<p><strong>Meksika<\/strong>\u2019da kad\u0131n \u00f6rg\u00fctlerinin yan\u0131 s\u0131ra kaybedilen \u00e7ocuklar\u0131n\u0131 arayan aileler de 25 Kas\u0131m\u2019da g\u00f6sterilere kat\u0131ld\u0131.<\/p>\n\n\n\n<p><strong>Arjantin<\/strong>&#8216;in ba\u015fkentinde binlerce kad\u0131n m\u00fccadelelerle kazand\u0131klar\u0131 haklar\u0131n\u0131 savunmak amac\u0131yla, 25 Kas\u0131m\u2019da&nbsp;\u00fclke \u00e7ap\u0131nda sokaklarda ve meydanlarda topland\u0131, g\u00f6steriler d\u00fczenledi. &nbsp;\u201cNi un paso atr\u00e1s\u201d (Bir ad\u0131m geri de\u011fil) ve \u201cNi un derecho menos\u201d (Bir&nbsp;do\u011fru eksik de\u011fil) \u015fiarlar\u0131 alt\u0131nda ger\u00e7ekle\u015fen&nbsp;protestolar&nbsp;\u00f6zellikle yeni se\u00e7ilen Javier Milei&#8217;ye y\u00f6nelikti.&nbsp;Fa\u015fist&nbsp;Milei, cumhurba\u015fkanl\u0131\u011f\u0131 ikinci tur se\u00e7imlerini \u015fa\u015f\u0131rt\u0131c\u0131 bir \u015fekilde kazand\u0131. Sert kemer s\u0131kma politikalar\u0131na ek olarak bakanl\u0131k say\u0131s\u0131nda da azaltmaya gidece\u011fini duyuran Milei&nbsp;Kad\u0131n, Cinsiyet ve \u00c7e\u015fitlilik Bakanl\u0131\u011f\u0131 da kald\u0131r\u0131lacak. Milei ayr\u0131ca k\u00fcrtaj haklar\u0131na kar\u015f\u0131 \u00e7\u0131k\u0131yor&nbsp;ve mevcut k\u00fcrtaj yasas\u0131yla ilgili referandum yap\u0131laca\u011f\u0131n\u0131 duyurdu.<\/p>\n\n\n\n<p>Bu,&nbsp;10 Aral\u0131k&#8217;ta g\u00f6reve ba\u015flayacak olan cumhurba\u015fkan\u0131na kar\u015f\u0131 \u00fclke \u00e7ap\u0131ndaki ilk&nbsp;g\u00f6sterilerdi.<\/p>\n\n\n\n<p><strong>Nikaragua<\/strong>&nbsp;H\u00fck\u00fcmeti, ba\u015fta \u0130srail ku\u015fatmas\u0131 alt\u0131ndaki Filistinli kad\u0131nlar olmak \u00fczere t\u00fcm cesur, dik ve militan kad\u0131nlara bir mesaj g\u00f6nderdi. Nikaragua ba\u015fkan yard\u0131mc\u0131s\u0131 Rosario Murillo, yapt\u0131\u011f\u0131 a\u00e7\u0131klamada, Birle\u015fmi\u015f Milletler&#8217;in Gazze&#8217;de her saat ba\u015f\u0131 iki annenin \u00f6ld\u00fcr\u00fcld\u00fc\u011f\u00fcn\u00fc bildirmesinin ard\u0131ndan &#8220;yeni bir tarih yaz\u0131lmas\u0131&#8221; \u00e7a\u011fr\u0131s\u0131nda bulunarak Filistin halk\u0131n\u0131n kad\u0131nlar\u0131na destek g\u00f6nderdi:&nbsp;&#8220;En derin karde\u015flik ve dayan\u0131\u015fma duygular\u0131m\u0131z, her \u015feyden \u00f6nce, emperyal, s\u00f6m\u00fcrgeci, yeni-s\u00f6m\u00fcrgeci ve fa\u015fist g\u00fc\u00e7ler taraf\u0131ndan dayat\u0131lan ac\u0131mas\u0131z sald\u0131rganl\u0131\u011fa ve anlat\u0131lamaz soyk\u0131r\u0131ma maruz kalmaya devam eden bu kahraman ve b\u00fcy\u00fck Filistin \u00fclkesinin kad\u0131nlar\u0131na y\u00f6neliktir.&#8221; dedi.<\/p>\n\n\n\n<p><\/p>\n","protected":false},"excerpt":{"rendered":"<p>\u0130talya\u2019da 25 Kas\u0131m Kad\u0131na Y\u00f6nelik \u015eiddete Kar\u015f\u0131&#46;&#46;&#46;<\/p>\n","protected":false},"author":1,"featured_media":2170,"comment_status":"closed","ping_status":"open","sticky":false,"template":"","format":"standard","meta":{"footnotes":""},"categories":[11,10],"tags":[],"manset":[],"class_list":["post-2003","post","type-post","status-publish","format-standard","has-post-thumbnail","hentry","category-dunya","category-kadin"],"amp_enabled":true,"_links":{"self":[{"href":"https:\/\/kolektifmucadele1.org\/index.php\/wp-json\/wp\/v2\/posts\/2003","targetHints":{"allow":["GET"]}}],"collection":[{"href":"https:\/\/kolektifmucadele1.org\/index.php\/wp-json\/wp\/v2\/posts"}],"about":[{"href":"https:\/\/kolektifmucadele1.org\/index.php\/wp-json\/wp\/v2\/types\/post"}],"author":[{"embeddable":true,"href":"https:\/\/kolektifmucadele1.org\/index.php\/wp-json\/wp\/v2\/users\/1"}],"replies":[{"embeddable":true,"href":"https:\/\/kolektifmucadele1.org\/index.php\/wp-json\/wp\/v2\/comments?post=2003"}],"version-history":[{"count":1,"href":"https:\/\/kolektifmucadele1.org\/index.php\/wp-json\/wp\/v2\/posts\/2003\/revisions"}],"predecessor-version":[{"id":2171,"href":"https:\/\/kolektifmucadele1.org\/index.php\/wp-json\/wp\/v2\/posts\/2003\/revisions\/2171"}],"wp:featuredmedia":[{"embeddable":true,"href":"https:\/\/kolektifmucadele1.org\/index.php\/wp-json\/wp\/v2\/media\/2170"}],"wp:attachment":[{"href":"https:\/\/kolektifmucadele1.org\/index.php\/wp-json\/wp\/v2\/media?parent=2003"}],"wp:term":[{"taxonomy":"category","embeddable":true,"href":"https:\/\/kolektifmucadele1.org\/index.php\/wp-json\/wp\/v2\/categories?post=2003"},{"taxonomy":"post_tag","embeddable":true,"href":"https:\/\/kolektifmucadele1.org\/index.php\/wp-json\/wp\/v2\/tags?post=2003"},{"taxonomy":"manset","embeddable":true,"href":"https:\/\/kolektifmucadele1.org\/index.php\/wp-json\/wp\/v2\/manset?post=2003"}],"curies":[{"name":"wp","href":"https:\/\/api.w.org\/{rel}","templated":true}]}}