{"id":2026,"date":"2023-12-18T16:38:54","date_gmt":"2023-12-18T13:38:54","guid":{"rendered":"https:\/\/kolektifmucadele.org\/?p=2026"},"modified":"2024-01-09T05:14:04","modified_gmt":"2024-01-09T02:14:04","slug":"maras-19-aralik-zindan-roboski-katliamlar-ulkesi-turkiye","status":"publish","type":"post","link":"https:\/\/kolektifmucadele1.org\/index.php\/2023\/12\/18\/maras-19-aralik-zindan-roboski-katliamlar-ulkesi-turkiye\/","title":{"rendered":"Mara\u015f, 19 Aral\u0131k Zindan, Roboski Katliamlar \u00fclkesi T\u00fcrkiye"},"content":{"rendered":"\n<p>T\u00fcrkiye Cumhuriyeti tarihi halklar a\u00e7\u0131s\u0131nda kan, g\u00f6z ya\u015f\u0131 katliamlar tarihidir. Tek\u00e7ilik \u00fczerine var edilen cumhuriyet kurulu\u015funda g\u00fcn\u00fcm\u00fcze varl\u0131\u011f\u0131n\u0131, bask\u0131 zul\u00fcm, yok etme \u00fczerine in\u015fa etmi\u015f ve s\u00fcrd\u00fcrmektedir. Ermeni, Pontus, Ezidi, S\u00fcryani, K\u00fcrt, Alevi, solcu, sosyalist k\u0131sacas\u0131 kendisinde olmayan, kendisi olmak isteyen herkesi yok etme \u00fczerine kurulu fa\u015fist bir sistem.&nbsp;<\/p>\n\n\n\n<p>Bir yanda insanl\u0131k ve \u00fclkelerin tarihleri topluma ve onun geli\u015fimine sundu\u011fu de\u011ferler ve yapt\u0131\u011f\u0131 katk\u0131lar\u0131 ile doludur. Bir yanda ise insan ve \u00fclkeler vard\u0131r ki, tarihleri katliam ve kan yaz\u0131l\u0131d\u0131r. Fa\u015fist T\u00fcrkiye Cumhuriyeti tarihide i\u015fte b\u00f6ylesi bir tarihtir. Farkl\u0131 diler, k\u00fclt\u00fcrler, ya\u015famlar i\u015f\u00e7i-emek\u00e7i-kad\u0131n-gen\u00e7li\u011fin aray\u0131\u015f\u0131, devrimcilerin varl\u0131\u011f\u0131 onun i\u00e7in su\u00e7 kabul edildi\u011fi her farkl\u0131\u011f\u0131n ve muhalifin ter\u00f6rist say\u0131ld\u0131\u011f\u0131 bir \u00fclke. \u0130\u015fte \u00f6zg\u00fcrl\u00fc\u011f\u00fcn, e\u015fitli\u011fin, adaletin olmad\u0131\u011f\u0131, hi\u00e7bir farkl\u0131l\u0131\u011f\u0131n kabul edilmedi\u011fi, tek\u00e7ilik \u00fczerine in\u015fa edilmi\u015f bir \u00fclkede ya\u015f\u0131yoruz.<\/p>\n\n\n\n<p>Bu katliam ve soyk\u0131r\u0131mlar\u0131n devam\u0131 ve \u00f6nemli bir par\u00e7as\u0131d\u0131r Aral\u0131k katliamlar\u0131.&nbsp;&nbsp;<\/p>\n\n\n\n<p>Bir anlam\u0131yla ya\u015fanan tarihsel s\u00fcre\u00e7lerde birer d\u00f6n\u00fcm noktas\u0131n\u0131 ifade etmektedir; Mara\u015f, 19 Aral\u0131k zindan ve&nbsp;Roboski&nbsp;katliamlar\u0131. Her d\u00f6nem oldu\u011fu gibi \u00e7\u0131kmaza girdi\u011fi noktada fa\u015fizmin toplumu ve onun \u00f6nc\u00fclerini teslim alma yok etmek i\u00e7in ba\u015fvurdu\u011fu y\u00f6ntemdir; katliam\u2026<\/p>\n\n\n\n<p>\u00dclke genelinde giderek y\u00fckselen toplumsal muhalefet ve devrimci y\u00fckseli\u015f kar\u015f\u0131s\u0131nda tela\u015fa kap\u0131lan fa\u015fist devlet sivil ve resmi fa\u015fist g\u00fc\u00e7lerinin devreye sokarak 24 Aral\u0131k 1978\u2019de Mara\u015f\u2019ta kitlesel katliam d\u00fczenledi.&nbsp;&nbsp;Mara\u015f\u2019\u0131n se\u00e7ilmesi ku\u015fkusuz ki tesad\u00fcf\u00fc de\u011fildi. Mara\u015f K\u00fcrt Alevi toplumunun, devrimci m\u00fccadeleye destek veren, fa\u015fizme ve adaletsizli\u011fe kar\u015f\u0131 devrimcilerin yan\u0131nda yer alan toplumu katliamla sindirilmek istenmi\u015ftir. Hedef devrimci, demokratik m\u00fccadelenin \u00f6n\u00fcn\u00fc almak, geli\u015fmesini engellemekti. Mara\u015f Katliam\u0131 ile Alevi kesime ve t\u00fcm toplumunun direni\u015f\u00e7i karakterinin devrimci hareketle bulu\u015fmas\u0131 engellenmek istenmi\u015f, g\u00f6zda\u011f\u0131 verilmek istenmi\u015ftir.<\/p>\n\n\n\n<p>T\u00fcrkiye ve K\u00fcrdistan tarihinin tan\u0131k oldu\u011fu en kanl\u0131 zindan katliamlar\u0131ndan biri olan 19&nbsp;Aral\u0131k 2000\u2019de ger\u00e7ekle\u015ftirilen zindan katliam\u0131d\u0131r. Devrimci tutsaklar\u0131n her d\u00f6nem zindanlarda teslim alma ve sindirme, siyasal kimliklerinde ar\u0131nd\u0131rmak fa\u015fizmin temel politikas\u0131 olmu\u015ftur. 12 Eyl\u00fcl askeri fa\u015fist cuntas\u0131 t\u00fcm toplumu sindirirken zindanlarda ki devrimci tutsaklar\u0131 teslim alamad\u0131\u011f\u0131 gibi zindanlarda ki direni\u015f d\u0131\u015far\u0131ya, topluma g\u00fc\u00e7 ve moral ta\u015f\u0131m\u0131\u015ft\u0131r. Bunun i\u00e7indir ki fa\u015fizm \u00e7ok iyi bilmektedir ki zindanlarda devrimci tutsaklar\u0131n sesini bo\u011fmad\u0131k\u00e7a d\u0131\u015far\u0131da toplumun sesini bo\u011famaz. F tipi h\u00fccre sald\u0131r\u0131s\u0131yla ba\u015flatt\u0131\u011f\u0131 ve 19 Aral\u0131k 2000 y\u0131l\u0131nda adeta alay edercesine \u201chayata d\u00f6n\u00fc\u015f\u201d ad\u0131 alt\u0131nda devrimci tutsaklara y\u00f6nelik katliam ba\u015flatt\u0131 onlarca devrimciyi, yakarak katletti, yaralad\u0131 sakat b\u0131rakt\u0131, F tiplerine kapatt\u0131. Korkulu r\u00fcyas\u0131 olan tutsak devrimcilerde kurtulmaya \u00e7al\u0131\u015ft\u0131. Ama nafile t\u00fcm \u00e7abalar\u0131, katliamlar\u0131na ra\u011fmen devrimci tutsaklar\u0131n onurlu, ba\u015fe\u011fmez direni\u015fi s\u00fcr\u00fcyor\u2026<\/p>\n\n\n\n<p>Bug\u00fcn 19 Aral\u0131k katliam\u0131n\u0131 lanetledi\u011fimiz bu g\u00fcnlerde fa\u015fist devletin zindanlarda devrimci tutsaklara kar\u015f\u0131 yeni katliam planlad\u0131\u011f\u0131, bask\u0131 ve ter\u00f6r\u00fc art\u0131rd\u0131\u011f\u0131, infaz tehditleri, s\u00fcrg\u00fcnlerle, yasaklarla, i\u015fkencelerle onlar\u0131 teslim almaya \u00e7al\u0131\u015ft\u0131\u011f\u0131, bask\u0131lar\u0131n ya\u015fand\u0131\u011f\u0131 ve direni\u015flerinde s\u00fcrd\u00fc\u011f\u00fc bir d\u00f6nemde 19 Aral\u0131k\u2019ta \u00f6l\u00fcms\u00fczle\u015fenlerimizi an\u0131yoruz. Devrimci tutsaklarla dayan\u0131\u015fmay\u0131 y\u00fckseltmek onlar\u0131n sesi, nefesi olmak devrimci g\u00f6rev ve sorumlu\u011fumuz oldugunu bir an bile ak\u0131lda \u00e7\u0131karmamal\u0131y\u0131z\u2026<\/p>\n\n\n\n<p>Her d\u00f6nem K\u00fcrt halk\u0131na kar\u015f\u0131 katliam, soyk\u0131r\u0131m ve asimilasyondan ba\u015fka bir politikas\u0131 olmayan fa\u015fist s\u00f6m\u00fcrgeci devlet onun \u00f6zg\u00fcrl\u00fck tutkusu kar\u015f\u0131s\u0131nda her \u00e7aresiz d\u00fc\u015ft\u00fc\u011f\u00fcnde 28 Aral\u0131k 2011 tarihinde&nbsp;Roboski`de&nbsp;oldu\u011fu gibi katliama ba\u015fvurmu\u015ftur.&nbsp;Roboski`de&nbsp;\u00e7o\u011fu \u00e7ocuk 34 insan\u0131m\u0131z katledilmi\u015ftir.&nbsp;&nbsp;Kirli sava\u015f\u0131n kirli askerleri ve y\u00f6neticileri bu kez de&nbsp;Roboski\u2019de&nbsp;u\u00e7aklar\u0131yla kustular kinlerini, Karanl\u0131\u011f\u0131n cellatlar\u0131, insanlar, K\u00fcrt halk\u0131 korksun, da\u011fa ve da\u011fdakilere destek olmas\u0131n, sava\u015fan kendi insanlar\u0131na el uzatamas\u0131n istiyorlard\u0131.<\/p>\n\n\n\n<p>Devlet onlara korkun, sinin, boyun e\u011fin derken, korkmayana, sinmeyene devletin getirdi\u011fi \u201ccezayd\u0131\u201d&nbsp;Roboski\u2019ye. \u00c7\u00fcnk\u00fc K\u00fcrdistan\u2019da politika, ter\u00f6r ve katliamlarla y\u00fcr\u00fct\u00fcl\u00fcyordu.<\/p>\n\n\n\n<p>Roboski&nbsp;katliam\u0131 ile K\u00fcrt halk\u0131n\u0131n yurtsever-demokratik m\u00fccadeleye kat\u0131l\u0131m\u0131, K\u00fcrt \u00f6zg\u00fcrl\u00fck hareketi \u00f6nc\u00fcl\u00fc\u011f\u00fcnde&nbsp;serhildan&nbsp;hareketinin \u00f6n\u00fc al\u0131nmak istenmi\u015f, bir kez daha bask\u0131 ve katliamla K\u00fcrt halk\u0131 \u00f6zg\u00fcrl\u00fck m\u00fccadeleden uzakla\u015ft\u0131r\u0131lmak istenmi\u015ftir.&nbsp;Roboski&nbsp;katliam\u0131 ile K\u00fcrt soyk\u0131r\u0131m\u0131 g\u00fcncellenmi\u015ftir. Ko\u00e7giri,&nbsp;Zilan, Dersim, Halep\u00e7e vb yap\u0131ld\u0131\u011f\u0131 gibi fiziki soyk\u0131r\u0131mla K\u00fcrt halk\u0131 susturulmak, teslim al\u0131nmak istenmi\u015ftir. Bug\u00fcnde Rojava\u2019dan,&nbsp;\u015eengal\u2019dan&nbsp;Ba\u015fur\u2019dan&nbsp;i\u015fbirlik\u00e7ileri KDP ve \u00e7eteleriyle K\u00fcrt halk\u0131n\u0131n kazan\u0131mlar\u0131 ve \u00f6zg\u00fcrl\u00fck tutkusunu bo\u011fmaya \u00e7al\u0131\u015f\u0131yor. Ama o K\u00fcrt halk\u0131n\u0131n \u00f6zg\u00fcrl\u00fck tutkusunu bo\u011fmaya \u00e7al\u0131\u015ft\u0131k\u00e7a kendi fa\u015fist, s\u00f6m\u00fcrgeci sistemi \u00e7\u00f6k\u00fcyor, \u00e7\u00fcr\u00fcyor\u2026<\/p>\n\n\n\n<p>\u0130\u015fte b\u00f6ylesi bir \u00fclkede ya\u015f\u0131yor ve m\u00fccadele ediyoruz. Bu \u00fclke tarihinin, sayfalar\u0131na bu kanl\u0131 katliamlar\u0131 i\u015fledi\u011fi kadar, bunun kar\u015f\u0131s\u0131nda can bedeli, destans\u0131 devrimci kahramanl\u0131\u011f\u0131 ve iradenin destans\u0131 direni\u015fi de tarihin en g\u00fczel sayfalar\u0131nda yer ald\u0131\u2026 Direni\u015f tohumlar\u0131n\u0131 halk\u0131n kurtulu\u015f topra\u011f\u0131na emanet edenlerimiz olduk\u00e7a bu kavga bayra\u011f\u0131n\u0131n yere d\u00fc\u015fmeyece\u011fine olan ba\u011fl\u0131l\u0131\u011f\u0131m\u0131z tamd\u0131r. Emperyalist, fa\u015fist ve her t\u00fcrden gerici ak\u0131mlar bilsinler ki ne kadar katliam yaparlarsa yaps\u0131nlar, gelece\u011fin ayd\u0131nl\u0131k g\u00fcnlerinin yarat\u0131lmas\u0131na hi\u00e7bir g\u00fc\u00e7 engel olamayacakt\u0131r.<\/p>\n\n\n\n<p>19 Aral\u0131k zindan, Mara\u015f ve&nbsp;Roboski; katliam\u0131n\u0131 unutmad\u0131k, unutmayaca\u011f\u0131z!<\/p>\n\n\n\n<p>Aral\u0131k 2023<\/p>\n","protected":false},"excerpt":{"rendered":"<p>T\u00fcrkiye Cumhuriyeti tarihi halklar a\u00e7\u0131s\u0131nda kan, g\u00f6z&#46;&#46;&#46;<\/p>\n","protected":false},"author":1,"featured_media":2178,"comment_status":"closed","ping_status":"open","sticky":false,"template":"","format":"standard","meta":{"footnotes":""},"categories":[7],"tags":[],"manset":[],"class_list":["post-2026","post","type-post","status-publish","format-standard","has-post-thumbnail","hentry","category-makaleler"],"amp_enabled":true,"_links":{"self":[{"href":"https:\/\/kolektifmucadele1.org\/index.php\/wp-json\/wp\/v2\/posts\/2026","targetHints":{"allow":["GET"]}}],"collection":[{"href":"https:\/\/kolektifmucadele1.org\/index.php\/wp-json\/wp\/v2\/posts"}],"about":[{"href":"https:\/\/kolektifmucadele1.org\/index.php\/wp-json\/wp\/v2\/types\/post"}],"author":[{"embeddable":true,"href":"https:\/\/kolektifmucadele1.org\/index.php\/wp-json\/wp\/v2\/users\/1"}],"replies":[{"embeddable":true,"href":"https:\/\/kolektifmucadele1.org\/index.php\/wp-json\/wp\/v2\/comments?post=2026"}],"version-history":[{"count":1,"href":"https:\/\/kolektifmucadele1.org\/index.php\/wp-json\/wp\/v2\/posts\/2026\/revisions"}],"predecessor-version":[{"id":2179,"href":"https:\/\/kolektifmucadele1.org\/index.php\/wp-json\/wp\/v2\/posts\/2026\/revisions\/2179"}],"wp:featuredmedia":[{"embeddable":true,"href":"https:\/\/kolektifmucadele1.org\/index.php\/wp-json\/wp\/v2\/media\/2178"}],"wp:attachment":[{"href":"https:\/\/kolektifmucadele1.org\/index.php\/wp-json\/wp\/v2\/media?parent=2026"}],"wp:term":[{"taxonomy":"category","embeddable":true,"href":"https:\/\/kolektifmucadele1.org\/index.php\/wp-json\/wp\/v2\/categories?post=2026"},{"taxonomy":"post_tag","embeddable":true,"href":"https:\/\/kolektifmucadele1.org\/index.php\/wp-json\/wp\/v2\/tags?post=2026"},{"taxonomy":"manset","embeddable":true,"href":"https:\/\/kolektifmucadele1.org\/index.php\/wp-json\/wp\/v2\/manset?post=2026"}],"curies":[{"name":"wp","href":"https:\/\/api.w.org\/{rel}","templated":true}]}}