{"id":2397,"date":"2024-01-14T14:35:27","date_gmt":"2024-01-14T11:35:27","guid":{"rendered":"https:\/\/kolektifmucadele1.org\/?p=2397"},"modified":"2024-01-14T14:35:29","modified_gmt":"2024-01-14T11:35:29","slug":"berlin-29-rosa-luxemburg-konferansi-gerceklestirildi","status":"publish","type":"post","link":"https:\/\/kolektifmucadele1.org\/index.php\/2024\/01\/14\/berlin-29-rosa-luxemburg-konferansi-gerceklestirildi\/","title":{"rendered":"Berlin 29. Rosa Luxemburg Konferans\u0131 ger\u00e7ekle\u015ftirildi"},"content":{"rendered":"\n<p>29. Rosa Luxemburg Konferans\u0131,&nbsp; 3 bin 500\u2019den fazla ki\u015finin kat\u0131l\u0131m\u0131yla Almanya\u2019n\u0131n ba\u015fkenti Berlin\u2019de ger\u00e7ekle\u015ftirildi. Junge Welt gazetesi \u00f6nc\u00fcl\u00fc\u011f\u00fcnde d\u00fczenlenen konferansta Avrupa\u2019da ve Almanya\u2019da a\u015f\u0131r\u0131 sa\u011f\u0131n y\u00fckseli\u015fi, Ortado\u011fu ve d\u00fcnyadaki sava\u015flar, gen\u00e7li\u011fin militarizasyonu ve alternatif bir sistem olarak sosyalizm ba\u015fl\u0131klar\u0131nda oturumlar d\u00fczenlendi.<\/p>\n\n\n\n<p>SIDMUSTAFA: BATI SAHRA KEND\u0130 KADER\u0130N\u0130 TAY\u0130N ETMEL\u0130<\/p>\n\n\n\n<p>Bat\u0131 Sahra Kurtulu\u015f Cephesi&#8217;nin Almanya Temsilcili\u011fi&#8217;nden Saleh Sidmustafa yapt\u0131\u011f\u0131 konu\u015fmada, Bat\u0131 Sahra&#8217;n\u0131n \u0130spanya&#8217;ya verildi\u011fi 1884 Berlin Afrika Konferans\u0131&#8217;ndan 2020 y\u0131l\u0131na kadar \u00e7at\u0131\u015fman\u0131n tarihini \u00f6zetledi. Sidmustafa, Bat\u0131 Sahra \u00fczerindeki anla\u015fmazl\u0131\u011f\u0131n hala \u00e7\u00f6z\u00fclememi\u015f olmas\u0131n\u0131n nedeninin Fas taraf\u0131ndan on y\u0131llard\u0131r i\u015fgal edilen b\u00f6lgenin zengin kaynaklar\u0131, Fransa gibi Bat\u0131l\u0131 devletlerin su\u00e7 ortakl\u0131\u011f\u0131 ve Bat\u0131l\u0131 sermaye \u00e7\u0131karlar\u0131n\u0131n sald\u0131rganl\u0131\u011f\u0131 ve a\u00e7g\u00f6zl\u00fcl\u00fc\u011f\u00fc oldu\u011funa dikkat \u00e7ekti. Ba\u015fta Siemens olmak \u00fczere bir\u00e7ok Alman \u015firketinin de Bat\u0131 Sahra&#8217;n\u0131n Fas i\u015fgali alt\u0131ndaki k\u0131sm\u0131nda faaliyet g\u00f6sterdi\u011fine i\u015faret eden Sidmustafa, alternatif enerji kaynaklar\u0131 geli\u015ftirme bahanesiyle Fas\u2019\u0131n Bat\u0131 Sahra i\u015fgalinin peki\u015ftirildi\u011fini ve &#8220;ye\u015fille y\u0131kand\u0131\u011f\u0131n\u0131&#8221; vurgulad\u0131.<\/p>\n\n\n\n<p>M\u00dcZ\u0130SYEN OSORIO: ALLENDE VE JARA\u2019YI UNUTMUYORUZ<\/p>\n\n\n\n<p>Konferansa kat\u0131lan \u015eilili besteci ve m\u00fczisyen Daniel Osorio, Allende\u2019ye y\u00f6nelik darbe ve \u015eili&#8217;deki diktat\u00f6rl\u00fc\u011fe kar\u015f\u0131 direni\u015fi (1973-1990) anmak i\u00e7in m\u00fczikal ve g\u00f6rsel bir katk\u0131da bulundu. Osorio, &#8220;Allende&#8217;ye, V\u00edctor Jara&#8217;ya bir sayg\u0131 duru\u015fu&#8221; diyerek, program\u0131n \u015eili&#8217;nin darbe \u00f6ncesi, darbe s\u0131ras\u0131 ve darbe sonras\u0131 tarihine adanm\u0131\u015f oldu\u011funu ifade etti.<\/p>\n\n\n\n<p>Salonda bulunanlar, \u015eili direni\u015finin en \u00fcnl\u00fc \u015fark\u0131s\u0131 \u00e7al\u0131nd\u0131\u011f\u0131nda aya\u011fa kalkarak: &#8220;\u00a1 El pueblo unido jam\u00e1s ser\u00e1 vencido!&#8221; slogan\u0131n\u0131 att\u0131.<\/p>\n\n\n\n<p>HASLBECK: NATO KAR\u015eITLI\u011eI SOKAKLARA TA\u015eINMALI<\/p>\n\n\n\n<p>Konferansta konu\u015fan Franz Haslbeck, sava\u015flar\u0131n yo\u011funla\u015ft\u0131\u011f\u0131 zamanlarda &#8220;bar\u0131\u015f hareketinin g\u00fc\u00e7l\u00fc olmas\u0131 daha da \u00f6nemli&#8221; dedi. Alman h\u00fck\u00fcmetinin tutum ve politikalar\u0131n\u0131n kamuoyunu manip\u00fcle etti\u011fini belirten Haslbeck, NATO kar\u015f\u0131tl\u0131\u011f\u0131n\u0131n sokaklara ta\u015f\u0131nmas\u0131 gerekti\u011fini, 17 \u015eubat&#8217;ta M\u00fcnih &#8220;G\u00fcvenlik Konferans\u0131&#8221;na kar\u015f\u0131 yap\u0131lacak eylemin bir f\u0131rsat olaca\u011f\u0131n\u0131, bu eylemin silahlanma program\u0131na ve bask\u0131 giri\u015fimlerine kar\u015f\u0131 olmas\u0131 gerekti\u011fini s\u00f6yledi. Haslbeck, &#8220;\u0130htiyac\u0131m\u0131z olan \u015fey, \u00e7at\u0131\u015fma yerine Avrupa \u00e7ap\u0131nda i\u015fbirli\u011fidir&#8221; dedi.&nbsp;<\/p>\n\n\n\n<p>Bar\u0131\u015f hareketinin enternasyonal bir olay oldu\u011funu belirten Sol Parti\u2019den Tobias Pfl\u00fcger ise, bar\u0131\u015f hareketinin r\u00f6nesans\u0131 i\u00e7in \u00e7a\u011fr\u0131da bulunarak, \u201cSonunda mant\u0131kl\u0131 bir \u015fekilde silahs\u0131zlanmal\u0131y\u0131z. G\u00fcn\u00fcn emri bu&#8221; dedi.<\/p>\n\n\n\n<p>LIEBNECHT\u2019\u0130N TORUNLARI ONUR KONU\u011eU<\/p>\n\n\n\n<p>Rosa Luxemburg Konferans\u0131&#8217;n\u0131n onur konuklar\u0131 aras\u0131nda 1919&#8217;da Alman Freikorps taraf\u0131ndan \u00f6ld\u00fcr\u00fclen Karl Liebknecht&#8217;in torunlar\u0131 Maja Karlena ve Marianne Liebknecht de yer ald\u0131. Stantlar\u0131 dola\u015fan ve kat\u0131l\u0131mc\u0131larla sohbet eden ikiliye yo\u011fun ilgi g\u00f6sterildi.<\/p>\n\n\n\n<p>GEN\u00c7LER VE M\u0130L\u0130TAR\u0130ZM TARTI\u015eILDI<\/p>\n\n\n\n<p>Konferansta \u201cGen\u00e7lik\u201d ba\u015fl\u0131\u011f\u0131 alt\u0131nda militarizmle aktif m\u00fccadelede s\u0131n\u0131f bilincinin kazand\u0131r\u0131lmas\u0131 tart\u0131\u015f\u0131ld\u0131. Gen\u00e7lik panelinde Freya Pillardy (SDAJ), Do\u011fu\u015f Birdal (DIDF Youth), Ariane Alba Marquez (SDS) ve Jan Hagelstein (IG Metall) ve Berlin Eyalet \u00d6\u011frenci Komitesi&#8217;nden Aimo G\u00f6rne &#8220;Gen\u00e7li\u011fin militarizasyonu ve buna cevab\u0131m\u0131z&#8221; konusunu tart\u0131\u015ft\u0131.<\/p>\n\n\n\n<p>Panel konu\u015fmac\u0131lar\u0131, egemen s\u0131n\u0131f\u0131n gen\u00e7leri emperyalist ama\u00e7lar\u0131 do\u011frultusunda gen\u00e7leri kullanma giri\u015fimlerine odakland\u0131. Bar\u0131\u015f hareketinin ve \u015firketlerin durumu da tart\u0131\u015f\u0131ld\u0131.<\/p>\n\n\n\n<p>CORBYN: F\u0130L\u0130ST\u0130N \u0130\u00c7\u0130N ADALETE \u0130HT\u0130YACIMIZ VAR<\/p>\n\n\n\n<p>\u0130srail&#8217;e kar\u015f\u0131 a\u00e7\u0131lan soyk\u0131r\u0131m davas\u0131n\u0131 takip etmek \u00fczere Lahey&#8217;de bulunan \u0130ngiliz \u0130\u015f\u00e7i Partisi&#8217;nin eski lideri Jeremy Corbyn, online selamlama mesaj\u0131 g\u00f6nderdi. Corbyn mesaj\u0131nda, 13 Ocak&#8217;\u0131n ezilen Filistinlilerle uluslararas\u0131 dayan\u0131\u015fma g\u00fcn\u00fc ilan edildi\u011fini ve Gazze sava\u015f\u0131na kar\u015f\u0131 d\u00fcnyan\u0131n d\u00f6rt bir yan\u0131nda g\u00f6steriler d\u00fczenlendi\u011fini hat\u0131rlatt\u0131. Bat\u0131l\u0131 h\u00fck\u00fcmetlerin \u0130srail\u2019i desteklemesini korkun\u00e7 bulan Corbyn, &#8220;Sadece sava\u015f\u0131n sona ermesine ihtiyac\u0131m\u0131z yok, i\u015fgalin sona ermesine ihtiyac\u0131m\u0131z var. Filistin i\u00e7in adalete ihtiyac\u0131m\u0131z var&#8221; dedi.<\/p>\n\n\n\n<p>ST\u00dcVEN: A\u015eIRI SA\u011eA SINIRLARINI B\u0130LD\u0130RMEL\u0130Y\u0130Z<\/p>\n\n\n\n<p>Rosa Luxemburg Konferans\u0131\u2019n\u0131n son oturumunda sa\u011fdan gelen ve giderek b\u00fcy\u00fcyen tehlikeye kar\u015f\u0131 siyasi m\u00fccadele tart\u0131\u015f\u0131ld\u0131. &#8220;Sa\u011f\u0131 kim durduracak?&#8221; sorusunu Gazeteci Alev Bahad\u0131r (DIDF), Zaklin Nastic (milletvekili, BSW), Shabnam Shariatpanahi (DKP), Luca St\u00fcven (Perspektive Kommunismus) ve Gerd Wiegel (DGB Federal Y\u00f6netim Kurulu &#8220;Demokrasi, G\u00f6\u00e7 ve Irk\u00e7\u0131l\u0131k Kar\u015f\u0131t\u0131 Politika&#8221; b\u00f6l\u00fcm\u00fc ba\u015fkan\u0131), jW Genel Yay\u0131n Y\u00f6netmeni Stefan Huth moderat\u00f6rl\u00fc\u011f\u00fcnde tart\u0131\u015ft\u0131.<\/p>\n\n\n\n<p>Alev Bahad\u0131r, AfD&#8217;nin y\u00fckseli\u015finin g\u00f6kten zembille inmedi\u011fini s\u00f6yleyerek, on y\u0131llard\u0131r uygulanan neoliberal politikalar\u0131n buna zemin haz\u0131rlad\u0131\u011f\u0131n\u0131, 2024\u2019\u00fcn bir kez daha b\u00fcy\u00fck kesintilerin yap\u0131laca\u011f\u0131 bir y\u0131l olaca\u011f\u0131n\u0131 s\u00f6yledi.<\/p>\n\n\n\n<p>Alev Bahad\u0131r, \u201cKriz d\u00f6nemlerinde iki se\u00e7enek vard\u0131r: Ya sol g\u00fc\u00e7ler nedenleri tespit edip \u00e7\u0131k\u0131\u015f yollar\u0131 sunmay\u0131 ba\u015far\u0131r ya da sa\u011fc\u0131 g\u00fc\u00e7ler bu durumu kendi politikalar\u0131 i\u00e7in kullan\u0131r. Sol g\u00fc\u00e7ler kendi \u00f6nceliklerini daha g\u00fc\u00e7l\u00fc bir \u015fekilde belirlemelidir\u201d diye konu\u015ftu.<\/p>\n\n\n\n<p>Luca St\u00fcven ise kapitalizmin krizde oldu\u011funu ifade ederek \u201cAma bizler de sadece alternatif olu\u015fturmakla s\u0131n\u0131rl\u0131 kalmamal\u0131y\u0131z; sa\u011fc\u0131larla \u00e7at\u0131\u015fmay\u0131 da g\u00f6ze almal\u0131y\u0131z. A\u015f\u0131r\u0131 sa\u011fa b\u0131rakt\u0131\u011f\u0131m\u0131z her alan, onlar taraf\u0131ndan dolduruluyor. Onlara s\u0131n\u0131rlar\u0131n\u0131 bildirmeliyiz\u201d dedi.<\/p>\n\n\n\n<p>Konferans &#8220;Enternasyonal&#8221; mar\u015f\u0131 ile son buldu.<\/p>\n","protected":false},"excerpt":{"rendered":"<p>29. Rosa Luxemburg Konferans\u0131,&nbsp; 3 bin 500\u2019den&#46;&#46;&#46;<\/p>\n","protected":false},"author":3,"featured_media":2398,"comment_status":"open","ping_status":"open","sticky":false,"template":"","format":"standard","meta":{"footnotes":""},"categories":[11,29],"tags":[],"manset":[],"class_list":["post-2397","post","type-post","status-publish","format-standard","has-post-thumbnail","hentry","category-dunya","category-manset"],"amp_enabled":true,"_links":{"self":[{"href":"https:\/\/kolektifmucadele1.org\/index.php\/wp-json\/wp\/v2\/posts\/2397","targetHints":{"allow":["GET"]}}],"collection":[{"href":"https:\/\/kolektifmucadele1.org\/index.php\/wp-json\/wp\/v2\/posts"}],"about":[{"href":"https:\/\/kolektifmucadele1.org\/index.php\/wp-json\/wp\/v2\/types\/post"}],"author":[{"embeddable":true,"href":"https:\/\/kolektifmucadele1.org\/index.php\/wp-json\/wp\/v2\/users\/3"}],"replies":[{"embeddable":true,"href":"https:\/\/kolektifmucadele1.org\/index.php\/wp-json\/wp\/v2\/comments?post=2397"}],"version-history":[{"count":1,"href":"https:\/\/kolektifmucadele1.org\/index.php\/wp-json\/wp\/v2\/posts\/2397\/revisions"}],"predecessor-version":[{"id":2399,"href":"https:\/\/kolektifmucadele1.org\/index.php\/wp-json\/wp\/v2\/posts\/2397\/revisions\/2399"}],"wp:featuredmedia":[{"embeddable":true,"href":"https:\/\/kolektifmucadele1.org\/index.php\/wp-json\/wp\/v2\/media\/2398"}],"wp:attachment":[{"href":"https:\/\/kolektifmucadele1.org\/index.php\/wp-json\/wp\/v2\/media?parent=2397"}],"wp:term":[{"taxonomy":"category","embeddable":true,"href":"https:\/\/kolektifmucadele1.org\/index.php\/wp-json\/wp\/v2\/categories?post=2397"},{"taxonomy":"post_tag","embeddable":true,"href":"https:\/\/kolektifmucadele1.org\/index.php\/wp-json\/wp\/v2\/tags?post=2397"},{"taxonomy":"manset","embeddable":true,"href":"https:\/\/kolektifmucadele1.org\/index.php\/wp-json\/wp\/v2\/manset?post=2397"}],"curies":[{"name":"wp","href":"https:\/\/api.w.org\/{rel}","templated":true}]}}