{"id":2400,"date":"2024-01-14T22:28:42","date_gmt":"2024-01-14T19:28:42","guid":{"rendered":"https:\/\/kolektifmucadele1.org\/?p=2400"},"modified":"2024-01-14T22:30:08","modified_gmt":"2024-01-14T19:30:08","slug":"rosa-luxemburg-ve-karl-libknecht-mucadelemizde-yasiyor","status":"publish","type":"post","link":"https:\/\/kolektifmucadele1.org\/index.php\/2024\/01\/14\/rosa-luxemburg-ve-karl-libknecht-mucadelemizde-yasiyor\/","title":{"rendered":"Rosa Luxemburg ve Karl Libknecht M\u00fccadelemizde Ya\u015f\u0131yor"},"content":{"rendered":"\n<p>Emperyalist haydutlar\u0131n t\u00fcm sald\u0131r\u0131lar\u0131na ve tasfiyeci anlay\u0131\u015flar\u0131n, d\u00f6neklerin felaket tellall\u0131\u011f\u0131 yap\u0131p her \u015fey bitti yalan ve demagojilerine ra\u011fmen, Rosa Luxemburg ve Karl Liebknecht&#8217;in sosyalizmi m\u00fccadelesinde ya\u015f\u0131yor\u2026<\/p>\n\n\n\n<p>Alman devriminin \u00f6nderi Rosa Luxemburg ve Karl Libknecht 15 Ocak 1919 tarihinde katledildiler.<\/p>\n\n\n\n<p>Alman devrimi y\u00fckseli\u015f g\u00f6sterdi\u011fi s\u00fcre\u00e7te katledilen Rosa Luxemburg ile Karl Libknecht d\u00fcnya devriminin geli\u015fimi u\u011fruna b\u00fct\u00fcn olanaklar\u0131 harekete ge\u00e7irmi\u015flerdir. Alman sosyal demokrat partinin ihanet \u00fczerine Spartak\u00fcs-Bund\u2019u kurarak Alman devrimi i\u00e7in inan\u00e7l\u0131 ve kararl\u0131 bir m\u00fccadele \u00e7izgisi izleyen Rosa Luxemburg ile Karl Libknecht, 1918 ayaklanmalar\u0131n ba\u015flad\u0131\u011f\u0131nda Avrupa devrimin \u00f6n\u00fcnde yer alman\u0131n onuruyla ola\u011fan \u00fcst\u00fc bir \u00e7aba g\u00f6stermi\u015flerdir.<\/p>\n\n\n\n<p>Rosa Luxemburg ve Karl Libknecht d\u00fc\u015f\u00fcncelerini tavizsiz bi\u00e7imde savunan ve revizyonist-oport\u00fcnist anlay\u0131\u015flarla ideolojik m\u00fccadele s\u00fcrd\u00fcren Alman devriminin \u00f6nderleri aras\u0131nda yer ald\u0131lar. Devrimci m\u00fccadelenin b\u00fcy\u00fck bir geli\u015fim g\u00f6sterdi\u011fi s\u00fcre\u00e7te olu\u015fturulan Spartak\u00fcs\u2019lerin kurucular\u0131 aras\u0131nda yer alan L\u00fcksemburg ile Libknecht, Alman Emperyalizmin ba\u015f hedefleri aras\u0131nda yer alm\u0131\u015flard\u0131. 1 Emperyalist Payla\u015f\u0131m Sava\u015f\u0131ndan yenilgi alarak \u00e7\u0131kan Alman emperyalizmi, Almanya genelinde ayaklanmalar\u0131n geli\u015fmesi ve ba\u015far\u0131yla y\u00fckselmesi kar\u015f\u0131s\u0131nda Spartak\u00fcs\u2019lerin \u00f6nderlerinin katletme planlar\u0131 yapm\u0131\u015f ve uygulanm\u0131\u015ft\u0131r.<\/p>\n\n\n\n<p>Spartak\u00fcs\u2019ler 1 Emperyalist Payla\u015f\u0131m Sava\u015f\u0131 sonras\u0131nda de\u011fil, sava\u015f\u0131n ba\u015flang\u0131\u00e7 s\u00fcrecinde de Emperyalizmi tedirgin etmi\u015flerdir, \u00e7\u00fcnk\u00fc d\u00fcnya sava\u015f\u0131n\u0131n \u00e7\u0131kt\u0131\u011f\u0131 ko\u015fularda emperyalist burjuvaziyi desteklemek gerekti\u011fini savunan sosyal-\u015f\u00f6ven, sosyal-emperyalist kar\u015f\u0131 m\u00fccadelede Spartakus\u2019ler en do\u011fru tavr\u0131 g\u00f6sterenler aras\u0131nda yer alm\u0131\u015flard\u0131r. Ellerindeki pazarlar\u0131 geni\u015fletme, bask\u0131 ve s\u00f6m\u00fcr\u00fcy\u00fc yo\u011funla\u015ft\u0131rmak amac\u0131yla 1 Payla\u015f\u0131m sava\u015f\u0131n\u0131 \u00e7\u0131karan tekelci sermayeyi destekleme karar\u0131 alan s\u00f6zde sosyalistler, isimler ne olursa olsun esas\u0131nda Emperyalist burjuvazi ile ittifak kurarak ihanet tavr\u0131n se\u00e7mi\u015flerdir. Spartak\u00fcs\u2019lar ise, \u2018ana yurdu savunma\u2019 ad\u0131 alt\u0131nda tekelci sermayenin kesinlikle desteklenmeyece\u011fini vurgulanm\u0131\u015f, 1 Emperyalist Payla\u015f\u0131m Sava\u015f\u0131n\u0131n \u00e7\u0131kar\u0131lmas\u0131n\u0131 protesto ederek, bu sava\u015f\u0131n emperyalizme kar\u015f\u0131 s\u00fcrd\u00fcr\u00fclen devrimci bir i\u00e7 sava\u015fa d\u00f6n\u00fc\u015ft\u00fcr\u00fclmesi d\u00fc\u015f\u00fcncesini savunmu\u015flard\u0131r.<\/p>\n\n\n\n<p>Nitekim 1 Emperyalist Payla\u015f\u0131m Sava\u015f\u0131 sonras\u0131nda Spartak\u00fcs\u2019larin ve Bol\u015feviklerin tav\u0131rlar\u0131n do\u011frulu\u011fu pratikte g\u00f6r\u00fclm\u00fc\u015ft\u00fcr. 1 Emperyalist Payla\u015f\u0131m Sava\u015f\u0131n \u2019da bekledi\u011fini tam aksine yenilgiyle ve Pazar kayb\u0131 ile \u00e7\u0131kan Alman emperyalizminin Alman halk\u0131n\u0131 daha fazla sefalete s\u00fcr\u00fcklemesi sonucu ayaklanmalar\u0131 ba\u015flam\u0131\u015f Spartak\u00fcs\u2019lar Avrupa genelinde y\u00fckseli\u015f g\u00f6steren devrim kavgas\u0131nda yerlerini alm\u0131\u015flard\u0131r.<\/p>\n\n\n\n<p>O s\u00fcre\u00e7te sadece Avrupa\u2019da de\u011fil Asya \u00fclkelerde de devrimci bir ulusal kurtulu\u015f m\u00fccadelesi y\u00fckselme g\u00f6steriyordu. T\u00fcrkiye\u2019de de Osmanl\u0131n\u0131n 1 Emperyalist Payla\u015f\u0131m Sava\u015f\u0131nda Almanya ile birlikte ald\u0131\u011f\u0131 yenilgi ve \u00e7\u00f6k\u00fc\u015f s\u00fcreci h\u0131zla da\u011f\u0131lmas\u0131 emperyalist i\u015fgal kar\u015f\u0131 m\u00fccadele geli\u015fti. T\u00fcrkiye de emperyalizmin i\u015fgaline kar\u015f\u0131 geli\u015ftirilen ulusal kurtulu\u015f m\u00fccadelesi s\u00fcrecinde Marksizm\u2019in etkisi, moral katk\u0131s\u0131n\u0131n yans\u0131ra Sovyetler Birli\u011finin maddi deste\u011fini al\u0131rlar. Bu s\u00fcre\u00e7te, 1919 ve sonras\u0131nda \u00fclkemizde kom\u00fcnist hareketin \u00f6rg\u00fctlenmesi kar\u015f\u0131s\u0131nda T\u00fcrk devleti, T\u00fcrkiye Kom\u00fcnist y\u00f6neticisi 15 yolda\u015f\u0131 Karadeniz\u2019de bir tekneye bindirerek Karadeniz\u2019in karanl\u0131k sular\u0131nda katlettiler.<\/p>\n\n\n\n<p>\u00dclkemiz ve di\u011fer Asya \u00fclkelerinde geli\u015fme g\u00f6steren devrim m\u00fccadelesi Sovyetler Birli\u011fi\u2019nin kendisine \u00f6rnek alm\u0131\u015ft\u0131r. Avrupa \u00fclkelerinde ba\u015flayan ayaklanmalar ve barikat sava\u015flar\u0131 \u00fclkemiz kom\u00fcnistlerini moral a\u00e7\u0131dan da g\u00fc\u00e7lendirmi\u015ftir. Bu anlam\u0131 ile d\u00fcnya genelinde geli\u015fen m\u00fccadelede paylar\u0131 olan Rosa Luxemburg ve Karl Libknecht \u00fclkemizdeki kom\u00fcnist hareketin geli\u015fimine de katk\u0131lar\u0131 olmu\u015ftur.<\/p>\n\n\n\n<p>&nbsp;Rosa Luxemburg devrimci m\u00fccadelenin y\u00f6neticisi olmas\u0131n\u0131n \u00f6tesinde, emek\u00e7i kad\u0131nlar\u0131n devrimci m\u00fccadeledeki yerini g\u00f6stermesi anlam\u0131 ile de \u00f6rnek al\u0131nmal\u0131d\u0131r. Kad\u0131nlar\u0131n devrim m\u00fccadelesinin ve m\u00fccadelenin her d\u00fczeyde g\u00f6rev alabilece\u011fini somut da g\u00f6stermeleri yan\u0131 ile Rosa Luxemburg, Klara Zetkin, Vera Zasuli\u00e7, AleksandraKollontai, Nadejda Krupskaya emek\u00e7i kad\u0131n\u0131n devrimci m\u00fccadelede ki \u00e7ok \u00f6nemli g\u00f6rev ve sorumluklar\u0131 \u00fcstlenebileceklerini kendi ya\u015famlar\u0131 ile ispatlam\u0131\u015flard\u0131r. Bu noktada Rosa Luxemburg T\u00fcrkiye\u2019de devrimci m\u00fccadelenin her d\u00fczeyde yer alan kad\u0131n yolda\u015flar\u0131m\u0131z\u0131n \u00f6rnek ald\u0131\u011f\u0131 \u00f6nderler aras\u0131nda yer al\u0131r.<\/p>\n\n\n\n<p>Alman devriminin \u00f6nderleri aras\u0131nda yer alan Rosa Luxemburg ile Karl Libknecht Alman devleti ve onun ad\u0131na hareket eden Alman sosyal demokratlar\u0131nca al\u00e7ak\u00e7a katledilmelerini d\u00fcnya halklar\u0131 hi\u00e7bir zaman unutmad\u0131. Bundan sonra da unutulmayacaklar\u2026<\/p>\n\n\n\n<p>Ya\u015fas\u0131n proletarya enternasyonalizmi!<\/p>\n\n\n\n<p>Rosa Luxemburg ve Karl Libknecht sosyalizm m\u00fccadelesinde ya\u015f\u0131yorlar!<\/p>\n\n\n\n<p>Ya sosyalizm ya barbarl\u0131k!<\/p>\n\n\n\n<p>Vard\u0131k var\u0131z var olaca\u011f\u0131z!<\/p>\n\n\n\n<p>13 Ocak 2024<\/p>\n","protected":false},"excerpt":{"rendered":"<p>Emperyalist haydutlar\u0131n t\u00fcm sald\u0131r\u0131lar\u0131na ve tasfiyeci anlay\u0131\u015flar\u0131n,&#46;&#46;&#46;<\/p>\n","protected":false},"author":3,"featured_media":2401,"comment_status":"open","ping_status":"open","sticky":false,"template":"","format":"standard","meta":{"footnotes":""},"categories":[7,29],"tags":[],"manset":[],"class_list":["post-2400","post","type-post","status-publish","format-standard","has-post-thumbnail","hentry","category-makaleler","category-manset"],"amp_enabled":true,"_links":{"self":[{"href":"https:\/\/kolektifmucadele1.org\/index.php\/wp-json\/wp\/v2\/posts\/2400","targetHints":{"allow":["GET"]}}],"collection":[{"href":"https:\/\/kolektifmucadele1.org\/index.php\/wp-json\/wp\/v2\/posts"}],"about":[{"href":"https:\/\/kolektifmucadele1.org\/index.php\/wp-json\/wp\/v2\/types\/post"}],"author":[{"embeddable":true,"href":"https:\/\/kolektifmucadele1.org\/index.php\/wp-json\/wp\/v2\/users\/3"}],"replies":[{"embeddable":true,"href":"https:\/\/kolektifmucadele1.org\/index.php\/wp-json\/wp\/v2\/comments?post=2400"}],"version-history":[{"count":1,"href":"https:\/\/kolektifmucadele1.org\/index.php\/wp-json\/wp\/v2\/posts\/2400\/revisions"}],"predecessor-version":[{"id":2402,"href":"https:\/\/kolektifmucadele1.org\/index.php\/wp-json\/wp\/v2\/posts\/2400\/revisions\/2402"}],"wp:featuredmedia":[{"embeddable":true,"href":"https:\/\/kolektifmucadele1.org\/index.php\/wp-json\/wp\/v2\/media\/2401"}],"wp:attachment":[{"href":"https:\/\/kolektifmucadele1.org\/index.php\/wp-json\/wp\/v2\/media?parent=2400"}],"wp:term":[{"taxonomy":"category","embeddable":true,"href":"https:\/\/kolektifmucadele1.org\/index.php\/wp-json\/wp\/v2\/categories?post=2400"},{"taxonomy":"post_tag","embeddable":true,"href":"https:\/\/kolektifmucadele1.org\/index.php\/wp-json\/wp\/v2\/tags?post=2400"},{"taxonomy":"manset","embeddable":true,"href":"https:\/\/kolektifmucadele1.org\/index.php\/wp-json\/wp\/v2\/manset?post=2400"}],"curies":[{"name":"wp","href":"https:\/\/api.w.org\/{rel}","templated":true}]}}