{"id":2425,"date":"2024-01-19T22:19:13","date_gmt":"2024-01-19T19:19:13","guid":{"rendered":"https:\/\/kolektifmucadele1.org\/?p=2425"},"modified":"2024-01-19T22:20:28","modified_gmt":"2024-01-19T19:20:28","slug":"hrant-dink-katledilisinin-17nci-yilinda-anildi-vuruldugu-yerde-anildi","status":"publish","type":"post","link":"https:\/\/kolektifmucadele1.org\/index.php\/2024\/01\/19\/hrant-dink-katledilisinin-17nci-yilinda-anildi-vuruldugu-yerde-anildi\/","title":{"rendered":"Hrant Dink, katledili\u015finin 17&#8217;nci y\u0131l\u0131nda vuruldu\u011fu yerde an\u0131ld\u0131"},"content":{"rendered":"\n<p>Binlerce ki\u015finin kat\u0131ld\u0131\u011f\u0131 anma, her y\u0131l oldu\u011fu gibi bu y\u0131l da Dink&#8217;in katledildi\u011fi yer olan Agos gazetesinin eski ofisinin bulundu\u011fu \u0130stanbul \u015ei\u015fli&#8217;deki Sebat Apartman\u0131 \u00f6n\u00fcnde ger\u00e7ekle\u015ftirildi.<\/p>\n\n\n\n<p>Anma metni ise Gazeteci-Yazar Oya Baydar taraf\u0131ndan okundu. Oya Baydar, &#8220;Karde\u015fler dostlar, Hrant\u2019\u0131n sevgili arkada\u015flar\u0131 ve ailesi bug\u00fcn burada bulunamayan ama y\u00fcrekleri bizimle \u00e7arpan bar\u0131\u015f\u00e7\u0131, vicdanl\u0131 insanlar.&nbsp; 17 y\u0131l \u00f6nce burada, bu kap\u0131n\u0131n \u00f6n\u00fcnde sevgili Rakel Dink\u2019in unutulmaz deyi\u015fiyle, \u2018 bir bebekten bir katil yaratan karanl\u0131k, T\u00fcrkiye\u2019nin vicdan\u0131n\u0131 katletti. Evet, Hrant bu \u00fclkenin dertlerinin, ac\u0131lar\u0131n\u0131n hem ta\u015f\u0131y\u0131c\u0131s\u0131 hem de ezilen halklar\u0131n\u0131n derman\u0131 ve vicdan\u0131yd\u0131\u201d dedi.<\/p>\n\n\n\n<p>\u201cSizlere, hepimize kar\u015f\u0131 i\u015flenmi\u015f bu korkun\u00e7 cinayetten ve 17 y\u0131ld\u0131r bizlere izlettirilen yarg\u0131 komedisinden s\u00f6z etmeyece\u011fim\u201d diyen Oyda Baydar,&nbsp; \u015f\u00f6yle devam etti: \u201cBen Hrant\u2019\u0131 anlatmak ve anmak istiyorum. \u00d6zel insanlar vard\u0131r. Onlar topraklar\u0131n\u0131n ve halklar\u0131n\u0131n de\u011ferlerini kendilerinde toplarlar. Hrant b\u00f6yle bir insand\u0131. Burada onu anarken bir Hrant g\u00fczellemesi yapt\u0131\u011f\u0131m\u0131 sanmay\u0131n. Onu ilk tan\u0131d\u0131\u011f\u0131m 2002 y\u0131l\u0131yd\u0131. Bar\u0131\u015f Giri\u015fimi\u2019ni kurmak \u00fczere bir araya gelmi\u015ftik. \u00c7ift tarafl\u0131 ate\u015fe maruz kald\u0131\u011f\u0131 g\u00fcnlerde burada Taksim\u2019in ortas\u0131nda, \u2018Burada soyk\u0131r\u0131m vard\u0131r diye ba\u011f\u0131raca\u011f\u0131m. Paris\u2019e gidip orada meydanda bir ta\u015f\u0131n \u00fcst\u00fcne \u00e7\u0131k\u0131p \u2018soyk\u0131r\u0131m yoktur\u2019 derken halklar\u0131 birbirine d\u00fc\u015fman eden \u0131rk\u00e7\u0131, milliyet\u00e7i ba\u011fnazl\u0131\u011fa kar\u015f\u0131 bar\u0131\u015f\u0131n diliyle hayk\u0131r\u0131yordu.\u201d<\/p>\n\n\n\n<p>&#8220;Sana \u2018bu topraklarda g\u00f6z\u00fcm\u00fcz var\u2019 diye sald\u0131ranlara verdi\u011fin cevab\u0131 hat\u0131rl\u0131yorum. \u2018Bizim bu topraklarda g\u00f6z\u00fcm\u00fcz var \u00e7\u00fcnk\u00fc k\u00f6klerimiz burada. Ama merak etmeyin bu topraklar\u0131 al\u0131p gitmek i\u00e7in de\u011fil bu topraklar\u0131n dibine girmek i\u00e7in\u2019 demi\u015ftin. Sen bu topraklar\u0131n en has, en de\u011ferli y\u00fcz ak\u0131m\u0131zdan birisiydin. \u015eimdi k\u00f6klerinin derinlerde oldu\u011fu bu topraklarda yat\u0131yorsun.&nbsp; \u00dclkenin b\u00fct\u00fcn insanlar\u0131n\u0131n yeri topraklar\u0131m\u0131z\u0131n derinliklerinde birbirine kar\u0131\u015f\u0131yor. \u0130\u015fte bu y\u00fczden bizleri ay\u0131r\u0131p birbirine d\u00fc\u015fman etmeye \u00e7al\u0131\u015fanlara inat her y\u0131l bug\u00fcn burada bulu\u015fuyor, \u2018Fa\u015fizme inat, karde\u015fimsin Hrant\u2019 diye hayk\u0131r\u0131yoruz. Hepimiz Ermeni oluyoruz. Haf\u0131zay\u0131 diri tutmak, unutturmamak i\u00e7in ama as\u0131l bu topraklar \u00fczerinde e\u015fit ve \u00f6zg\u00fcr insanlar olarak beraber ya\u015fama arzusunu, senin vasiyetini kabul etti\u011fimiz i\u00e7in.<\/p>\n\n\n\n<p>Sen bizim vicdan\u0131m\u0131zd\u0131n Ahparig. Her\u015fey ve herkes \u00f6ld\u00fcr\u00fclebilir ama vicdan \u00f6ld\u00fcr\u00fclemez. \u0130\u015fte bu y\u00fczden her y\u0131l 19 Ocak\u2019ta hepimiz i\u00e7in yeniden do\u011fuyorsun. 19 Ocak bu \u00fclkenin vicdan ve karde\u015flik g\u00fcn\u00fcd\u00fcr. \u00d6yle kutlanmal\u0131d\u0131r. Selam seninle ayn\u0131 de\u011ferleri payla\u015fanlara. Selam bu de\u011ferleri cesaret ile gerekirse canlar\u0131 pahas\u0131na ant i\u00e7enlere. Selam bu de\u011ferleri savunduklar\u0131 i\u00e7in zindanlarda bedel \u00f6deyenlere.&nbsp; Selahattin Demirta\u015f\u2019\u0131n, Osman Kavala\u2019n\u0131n, G\u00fcltan K\u0131\u015fanak\u2019\u0131n simgeselle\u015fmi\u015f \u015fah\u0131slar\u0131nda onlar\u0131n t\u00fcm\u00fcn\u00fc senin ad\u0131nla selaml\u0131yorum. Biz buraday\u0131z Ahparig.&#8221;<\/p>\n\n\n\n<p>Anma, kitlenin hep bir a\u011f\u0131zdan s\u00f6yledi\u011fi, \u201cBiz bitti demeden bu dava bitmez\u201d ve \u201cYa\u015fas\u0131n halklar\u0131n karde\u015fli\u011fi\u201d sloganlar\u0131yla son buldu.<\/p>\n","protected":false},"excerpt":{"rendered":"<p>Binlerce ki\u015finin kat\u0131ld\u0131\u011f\u0131 anma, her y\u0131l oldu\u011fu&#46;&#46;&#46;<\/p>\n","protected":false},"author":3,"featured_media":2426,"comment_status":"open","ping_status":"open","sticky":false,"template":"","format":"standard","meta":{"footnotes":""},"categories":[5],"tags":[],"manset":[],"class_list":["post-2425","post","type-post","status-publish","format-standard","has-post-thumbnail","hentry","category-etkinlikler"],"amp_enabled":true,"_links":{"self":[{"href":"https:\/\/kolektifmucadele1.org\/index.php\/wp-json\/wp\/v2\/posts\/2425","targetHints":{"allow":["GET"]}}],"collection":[{"href":"https:\/\/kolektifmucadele1.org\/index.php\/wp-json\/wp\/v2\/posts"}],"about":[{"href":"https:\/\/kolektifmucadele1.org\/index.php\/wp-json\/wp\/v2\/types\/post"}],"author":[{"embeddable":true,"href":"https:\/\/kolektifmucadele1.org\/index.php\/wp-json\/wp\/v2\/users\/3"}],"replies":[{"embeddable":true,"href":"https:\/\/kolektifmucadele1.org\/index.php\/wp-json\/wp\/v2\/comments?post=2425"}],"version-history":[{"count":2,"href":"https:\/\/kolektifmucadele1.org\/index.php\/wp-json\/wp\/v2\/posts\/2425\/revisions"}],"predecessor-version":[{"id":2428,"href":"https:\/\/kolektifmucadele1.org\/index.php\/wp-json\/wp\/v2\/posts\/2425\/revisions\/2428"}],"wp:featuredmedia":[{"embeddable":true,"href":"https:\/\/kolektifmucadele1.org\/index.php\/wp-json\/wp\/v2\/media\/2426"}],"wp:attachment":[{"href":"https:\/\/kolektifmucadele1.org\/index.php\/wp-json\/wp\/v2\/media?parent=2425"}],"wp:term":[{"taxonomy":"category","embeddable":true,"href":"https:\/\/kolektifmucadele1.org\/index.php\/wp-json\/wp\/v2\/categories?post=2425"},{"taxonomy":"post_tag","embeddable":true,"href":"https:\/\/kolektifmucadele1.org\/index.php\/wp-json\/wp\/v2\/tags?post=2425"},{"taxonomy":"manset","embeddable":true,"href":"https:\/\/kolektifmucadele1.org\/index.php\/wp-json\/wp\/v2\/manset?post=2425"}],"curies":[{"name":"wp","href":"https:\/\/api.w.org\/{rel}","templated":true}]}}