{"id":2564,"date":"2024-02-04T22:49:09","date_gmt":"2024-02-04T19:49:09","guid":{"rendered":"https:\/\/kolektifmucadele1.org\/?p=2564"},"modified":"2024-02-04T22:49:11","modified_gmt":"2024-02-04T19:49:11","slug":"ankarada-6-subat-deprem-yildonumunde-aciklamalari-ne-unuturuz-ne-affederiz","status":"publish","type":"post","link":"https:\/\/kolektifmucadele1.org\/index.php\/2024\/02\/04\/ankarada-6-subat-deprem-yildonumunde-aciklamalari-ne-unuturuz-ne-affederiz\/","title":{"rendered":"Ankara&#8217;da 6 \u015eubat deprem y\u0131ld\u00f6n\u00fcm\u00fcnde a\u00e7\u0131klamalar\u0131: Ne unuturuz ne affederiz"},"content":{"rendered":"\n<p>Mara\u015f merkezli meydana gelen 6 \u015eubat Depremleri&#8217;nin birinci y\u0131l\u0131 ard\u0131ndan Ankara Mamak, Dikmen ve Bat\u0131kent&#8217;te bas\u0131n a\u00e7\u0131klamalar\u0131 ger\u00e7ekle\u015fti. Emek, demokrasi, afet ve dayan\u0131\u015fma platformlar\u0131n\u0131n \u00e7a\u011fr\u0131s\u0131yla bir araya gelen kitle a\u00e7\u0131klamalarda rant d\u00fczenini esas alan k\u00e2r odakl\u0131 sisteme son verilmesi \u00e7a\u011fr\u0131s\u0131 yap\u0131ld\u0131. Beklenen \u0130stanbul depremi hat\u0131rlat\u0131larak, &#8220;Halk\u0131n insanca ya\u015fam hakk\u0131 i\u00e7in konutlar in\u015fa edilmelidir\u201d denildi.<\/p>\n\n\n\n<p>Mamak Afet ve Dayan\u0131\u015fma Platformu&#8217;nun \u00e7a\u011fr\u0131s\u0131 ile \u00e7ok say\u0131da yurtta\u015f bir araya geldi. A\u00e7\u0131klamay\u0131 platform ad\u0131nda Engin K\u0131l\u0131\u00e7 okudu. 6 \u015eubat 2023 depremleri ile sadece 11 ilin y\u0131k\u0131lmad\u0131\u011f\u0131na dikkat \u00e7eken K\u0131l\u0131\u00e7, t\u00fcm \u00fclkenin a\u011f\u0131r bir y\u00fczle\u015fme ile kar\u015f\u0131 kar\u015f\u0131ya kald\u0131\u011f\u0131n\u0131 s\u00f6yledi. &#8220;Akl\u0131m\u0131za sadece y\u0131k\u0131k binalar\u0131n g\u00f6r\u00fcnt\u00fcs\u00fc kaz\u0131nmad\u0131. Enkaz alt\u0131nda yak\u0131nlar\u0131na, karde\u015flerine, babalar\u0131na, annelerine, insanlara seslenenlerin seslerini duya duya, elleriyle kaz\u0131yarak onlara ula\u015famamak denilen \u00e7aresizli\u011fi de g\u00f6rd\u00fck. Asla unutmayaca\u011f\u0131z.\u201d dedi.<\/p>\n","protected":false},"excerpt":{"rendered":"<p>Mara\u015f merkezli meydana gelen 6 \u015eubat Depremleri&#8217;nin&#46;&#46;&#46;<\/p>\n","protected":false},"author":3,"featured_media":2565,"comment_status":"open","ping_status":"open","sticky":false,"template":"","format":"standard","meta":{"footnotes":""},"categories":[5],"tags":[],"manset":[],"class_list":["post-2564","post","type-post","status-publish","format-standard","has-post-thumbnail","hentry","category-etkinlikler"],"amp_enabled":true,"_links":{"self":[{"href":"https:\/\/kolektifmucadele1.org\/index.php\/wp-json\/wp\/v2\/posts\/2564","targetHints":{"allow":["GET"]}}],"collection":[{"href":"https:\/\/kolektifmucadele1.org\/index.php\/wp-json\/wp\/v2\/posts"}],"about":[{"href":"https:\/\/kolektifmucadele1.org\/index.php\/wp-json\/wp\/v2\/types\/post"}],"author":[{"embeddable":true,"href":"https:\/\/kolektifmucadele1.org\/index.php\/wp-json\/wp\/v2\/users\/3"}],"replies":[{"embeddable":true,"href":"https:\/\/kolektifmucadele1.org\/index.php\/wp-json\/wp\/v2\/comments?post=2564"}],"version-history":[{"count":1,"href":"https:\/\/kolektifmucadele1.org\/index.php\/wp-json\/wp\/v2\/posts\/2564\/revisions"}],"predecessor-version":[{"id":2566,"href":"https:\/\/kolektifmucadele1.org\/index.php\/wp-json\/wp\/v2\/posts\/2564\/revisions\/2566"}],"wp:featuredmedia":[{"embeddable":true,"href":"https:\/\/kolektifmucadele1.org\/index.php\/wp-json\/wp\/v2\/media\/2565"}],"wp:attachment":[{"href":"https:\/\/kolektifmucadele1.org\/index.php\/wp-json\/wp\/v2\/media?parent=2564"}],"wp:term":[{"taxonomy":"category","embeddable":true,"href":"https:\/\/kolektifmucadele1.org\/index.php\/wp-json\/wp\/v2\/categories?post=2564"},{"taxonomy":"post_tag","embeddable":true,"href":"https:\/\/kolektifmucadele1.org\/index.php\/wp-json\/wp\/v2\/tags?post=2564"},{"taxonomy":"manset","embeddable":true,"href":"https:\/\/kolektifmucadele1.org\/index.php\/wp-json\/wp\/v2\/manset?post=2564"}],"curies":[{"name":"wp","href":"https:\/\/api.w.org\/{rel}","templated":true}]}}