{"id":2616,"date":"2024-02-11T21:42:58","date_gmt":"2024-02-11T18:42:58","guid":{"rendered":"https:\/\/kolektifmucadele1.org\/?p=2616"},"modified":"2024-02-11T21:42:59","modified_gmt":"2024-02-11T18:42:59","slug":"emekliler-akp-binasina-yurudu-sefaleti-kader-olarak-dayatiyorlar","status":"publish","type":"post","link":"https:\/\/kolektifmucadele1.org\/index.php\/2024\/02\/11\/emekliler-akp-binasina-yurudu-sefaleti-kader-olarak-dayatiyorlar\/","title":{"rendered":"Emekliler AKP binas\u0131na y\u00fcr\u00fcd\u00fc: Sefaleti kader olarak dayat\u0131yorlar"},"content":{"rendered":"\n<p>Eski\u015fehir Emek ve Demokrasi Platformu \u00fcyeleri, emekli maa\u015flar\u0131na zam yap\u0131lmas\u0131 talebiyle y\u00fcr\u00fcy\u00fc\u015f d\u00fczenledi. Adalar Porsuk Mevkii\u2019nden \u201cHaydi \u015fimdi \u00e7ay simit hesab\u0131 yapsana\u201d, \u201cEmekliler sand\u0131kta hesap soracak\u201d sloganlar\u0131 atarak AKP binas\u0131na y\u00fcr\u00fcmek isteyen emeklilerin y\u00fcr\u00fcy\u00fc\u015f\u00fc polis taraf\u0131ndan, \u201cSe\u00e7im s\u00fcrecinde hi\u00e7bir siyasi partinin \u00f6n\u00fcnde bas\u0131n a\u00e7\u0131klamas\u0131 yap\u0131lmas\u0131na izin vermiyoruz\u201d denilerek engellenmek istendi.<\/p>\n","protected":false},"excerpt":{"rendered":"<p>Eski\u015fehir Emek ve Demokrasi Platformu \u00fcyeleri, emekli&#46;&#46;&#46;<\/p>\n","protected":false},"author":3,"featured_media":2617,"comment_status":"open","ping_status":"open","sticky":false,"template":"","format":"standard","meta":{"footnotes":""},"categories":[6],"tags":[],"manset":[],"class_list":["post-2616","post","type-post","status-publish","format-standard","has-post-thumbnail","hentry","category-emek"],"amp_enabled":true,"_links":{"self":[{"href":"https:\/\/kolektifmucadele1.org\/index.php\/wp-json\/wp\/v2\/posts\/2616","targetHints":{"allow":["GET"]}}],"collection":[{"href":"https:\/\/kolektifmucadele1.org\/index.php\/wp-json\/wp\/v2\/posts"}],"about":[{"href":"https:\/\/kolektifmucadele1.org\/index.php\/wp-json\/wp\/v2\/types\/post"}],"author":[{"embeddable":true,"href":"https:\/\/kolektifmucadele1.org\/index.php\/wp-json\/wp\/v2\/users\/3"}],"replies":[{"embeddable":true,"href":"https:\/\/kolektifmucadele1.org\/index.php\/wp-json\/wp\/v2\/comments?post=2616"}],"version-history":[{"count":1,"href":"https:\/\/kolektifmucadele1.org\/index.php\/wp-json\/wp\/v2\/posts\/2616\/revisions"}],"predecessor-version":[{"id":2618,"href":"https:\/\/kolektifmucadele1.org\/index.php\/wp-json\/wp\/v2\/posts\/2616\/revisions\/2618"}],"wp:featuredmedia":[{"embeddable":true,"href":"https:\/\/kolektifmucadele1.org\/index.php\/wp-json\/wp\/v2\/media\/2617"}],"wp:attachment":[{"href":"https:\/\/kolektifmucadele1.org\/index.php\/wp-json\/wp\/v2\/media?parent=2616"}],"wp:term":[{"taxonomy":"category","embeddable":true,"href":"https:\/\/kolektifmucadele1.org\/index.php\/wp-json\/wp\/v2\/categories?post=2616"},{"taxonomy":"post_tag","embeddable":true,"href":"https:\/\/kolektifmucadele1.org\/index.php\/wp-json\/wp\/v2\/tags?post=2616"},{"taxonomy":"manset","embeddable":true,"href":"https:\/\/kolektifmucadele1.org\/index.php\/wp-json\/wp\/v2\/manset?post=2616"}],"curies":[{"name":"wp","href":"https:\/\/api.w.org\/{rel}","templated":true}]}}