{"id":2716,"date":"2024-02-19T07:00:42","date_gmt":"2024-02-19T04:00:42","guid":{"rendered":"https:\/\/kolektifmucadele1.org\/?p=2716"},"modified":"2024-02-19T07:01:04","modified_gmt":"2024-02-19T04:01:04","slug":"universitede-ihmale-karsi-eylem","status":"publish","type":"post","link":"https:\/\/kolektifmucadele1.org\/index.php\/2024\/02\/19\/universitede-ihmale-karsi-eylem\/","title":{"rendered":"\u00dcN\u0130VERS\u0130TEDE \u0130HMALE KAR\u015eI EYLEM"},"content":{"rendered":"\n<p>Ba\u015fak\u015fehir\u2019de bulunan \u0130bn Haldun \u00dcniversitesi\u2019nin \u00f6n\u00fcnde bulunan caddeden yolun kar\u015f\u0131s\u0131na ge\u00e7meye \u00e7al\u0131\u015fan hukuk b\u00f6l\u00fcm\u00fc \u00f6\u011frencisi Zeynep Cilan bir otomobilin \u00e7arpmas\u0131 sonucunda a\u011f\u0131r yaraland\u0131. Hastaneye kald\u0131r\u0131lan Cilan, yap\u0131lan t\u00fcm m\u00fcdahalelere kar\u015f\u0131n kurtar\u0131lamad\u0131.<\/p>\n\n\n\n<p><em>Cumhuriyet<\/em>\u2019te yer alan habere g\u00f6re \u201ckazan\u0131n\u201d ard\u0131ndan eylem yapan \u0130bn Haldun \u00dcniversitesi \u00f6\u011frencileri \u201cZeynep\u2019in katilleri hesap verecek\u201d sloganlar\u0131 att\u0131.<\/p>\n\n\n\n<p>Cilan\u2019\u0131n arkada\u015flar\u0131 kazan\u0131n ya\u015fand\u0131\u011f\u0131 b\u00f6lgede ayd\u0131nlatma ve di\u011fer trafik \u00f6nlemlerine ili\u015fkin eksiklikler bulundu\u011fu bilgisini aktararak bu sorunlarla ilgili daha \u00f6nce bir\u00e7ok yere ba\u015fvuru yapt\u0131klar\u0131n\u0131 ancak gerekli \u00f6nlemlerin al\u0131nmad\u0131\u011f\u0131n\u0131 ifade etti<\/p>\n","protected":false},"excerpt":{"rendered":"<p>Ba\u015fak\u015fehir\u2019de bulunan \u0130bn Haldun \u00dcniversitesi\u2019nin \u00f6n\u00fcnde bulunan&#46;&#46;&#46;<\/p>\n","protected":false},"author":4,"featured_media":2718,"comment_status":"open","ping_status":"open","sticky":false,"template":"","format":"standard","meta":{"footnotes":""},"categories":[10],"tags":[],"manset":[],"class_list":["post-2716","post","type-post","status-publish","format-standard","has-post-thumbnail","hentry","category-kadin"],"amp_enabled":true,"_links":{"self":[{"href":"https:\/\/kolektifmucadele1.org\/index.php\/wp-json\/wp\/v2\/posts\/2716","targetHints":{"allow":["GET"]}}],"collection":[{"href":"https:\/\/kolektifmucadele1.org\/index.php\/wp-json\/wp\/v2\/posts"}],"about":[{"href":"https:\/\/kolektifmucadele1.org\/index.php\/wp-json\/wp\/v2\/types\/post"}],"author":[{"embeddable":true,"href":"https:\/\/kolektifmucadele1.org\/index.php\/wp-json\/wp\/v2\/users\/4"}],"replies":[{"embeddable":true,"href":"https:\/\/kolektifmucadele1.org\/index.php\/wp-json\/wp\/v2\/comments?post=2716"}],"version-history":[{"count":1,"href":"https:\/\/kolektifmucadele1.org\/index.php\/wp-json\/wp\/v2\/posts\/2716\/revisions"}],"predecessor-version":[{"id":2717,"href":"https:\/\/kolektifmucadele1.org\/index.php\/wp-json\/wp\/v2\/posts\/2716\/revisions\/2717"}],"wp:featuredmedia":[{"embeddable":true,"href":"https:\/\/kolektifmucadele1.org\/index.php\/wp-json\/wp\/v2\/media\/2718"}],"wp:attachment":[{"href":"https:\/\/kolektifmucadele1.org\/index.php\/wp-json\/wp\/v2\/media?parent=2716"}],"wp:term":[{"taxonomy":"category","embeddable":true,"href":"https:\/\/kolektifmucadele1.org\/index.php\/wp-json\/wp\/v2\/categories?post=2716"},{"taxonomy":"post_tag","embeddable":true,"href":"https:\/\/kolektifmucadele1.org\/index.php\/wp-json\/wp\/v2\/tags?post=2716"},{"taxonomy":"manset","embeddable":true,"href":"https:\/\/kolektifmucadele1.org\/index.php\/wp-json\/wp\/v2\/manset?post=2716"}],"curies":[{"name":"wp","href":"https:\/\/api.w.org\/{rel}","templated":true}]}}