{"id":2793,"date":"2024-03-03T21:41:06","date_gmt":"2024-03-03T18:41:06","guid":{"rendered":"https:\/\/kolektifmucadele1.org\/?p=2793"},"modified":"2024-03-03T21:41:08","modified_gmt":"2024-03-03T18:41:08","slug":"istanbulda-kadinlar-8-mart-kadin-platformu-onculugunde-kadikoyde-bulustu","status":"publish","type":"post","link":"https:\/\/kolektifmucadele1.org\/index.php\/2024\/03\/03\/istanbulda-kadinlar-8-mart-kadin-platformu-onculugunde-kadikoyde-bulustu\/","title":{"rendered":"\u0130stanbul&#8217;da kad\u0131nlar 8 Mart Kad\u0131n Platformu \u00f6nc\u00fcl\u00fc\u011f\u00fcnde Kad\u0131k\u00f6y&#8217;de bulu\u015ftu."},"content":{"rendered":"\n<p>\u0130stanbul Kad\u0131k\u00f6y&#8217;de 8 Mart Kad\u0131n Platformu \u00f6nc\u00fcl\u00fc\u011f\u00fcnde \u201cYoksullu\u011fa, \u015fiddete, s\u00f6m\u00fcr\u00fcye, sava\u015fa kar\u015f\u0131 m\u00fccadelemiz var\u201d \u015fiar\u0131yla kad\u0131n bulu\u015fmas\u0131 ger\u00e7ekle\u015ftirildi. Kad\u0131nlar &#8220;Geceleri de sokaklar\u0131 da meydanlar\u0131 da terk etmiyoruz&#8221;, &#8220;Ya\u015fas\u0131n kad\u0131n dayan\u0131\u015fmas\u0131&#8221; &#8220;Kad\u0131nlar art\u0131k susmayacaklar&#8221; sloganlar\u0131yla bulu\u015ftu.<\/p>\n\n\n\n<p>\u201cYoksullu\u011fa, \u015fiddete, s\u00f6m\u00fcr\u00fcye, sava\u015fa kar\u015f\u0131 m\u00fccadelemiz var\u201d pankart\u0131 arkas\u0131nda bir araya gelen kad\u0131nlar &#8220;Haklar\u0131m\u0131z\u0131 ve hayatlar\u0131m\u0131z\u0131 ve bizler savunaca\u011f\u0131z, kad\u0131n dayan\u0131\u015fmas\u0131syla e\u015fit \u00f6zg\u00fcr bir ya\u015fam\u0131 birlikte kuraca\u011f\u0131z&#8221; dedi.<\/p>\n\n\n\n<p>Kad\u0131nlar &#8220;D\u00fcnyay\u0131 yerinden oynataca\u011f\u0131z&#8221;, &#8220;Kad\u0131nlar\u0131n isyan\u0131, dayan\u0131\u015fmas\u0131 biter mi&#8221; sloganlar\u0131 att\u0131.<\/p>\n\n\n\n<p>\u00d6ld\u00fcr\u00fclen kad\u0131nlar\u0131n isimleri okundu. Kad\u0131nlar isimlerin ard\u0131ndan &#8220;Burada&#8221; diye seslendi.<\/p>\n\n\n\n<p>\u0130stanbul 8 Mart Kad\u0131n Platformu ad\u0131na ortak a\u00e7\u0131klamay\u0131 \u015eenay Kumuz okudu. Kumuz, 8 Mart\u2019\u0131n ilan edilmesinin \u00fczerinden ge\u00e7en 107 y\u0131lda ra\u011fmen kad\u0131nlar\u0131n ya\u015fam ko\u015fullar\u0131n\u0131nn de\u011fi\u015fmedi\u011fine dikkat \u00e7ekerek, d\u00fcnyan\u0131n her yerinde kad\u0131nlar\u0131n bu gidi\u015fat\u0131 de\u011fi\u015ftirmek i\u00e7in m\u00fccadele etti\u011fini s\u00f6yledi. Bug\u00fcn, kad\u0131nlar\u0131n hayat\u0131n\u0131 hi\u00e7e sayarak politika \u00fcretildi\u011fini ifade eden Kumuz, \u201cKad\u0131nlar\u0131n, \u00e7ocuklar\u0131n ya\u015fama hakk\u0131n\u0131 dahi g\u00f6z ard\u0131 ederek aileyi kutsalla\u015ft\u0131r\u0131yorlar. En \u00e7ok da kad\u0131nlar, o ailelerin i\u00e7erisinde en yak\u0131nlar\u0131 taraf\u0131ndan \u00f6ld\u00fcr\u00fcl\u00fcyor. Gerici politikalar\u0131yla kazan\u0131lm\u0131\u015f t\u00fcm haklar\u0131m\u0131z\u0131 elimizden almak i\u00e7in t\u00fcm mekanizmalar\u0131n\u0131 devreye sokuyorlar. Bo\u015fanma hakk\u0131m\u0131za, nafaka hakk\u0131m\u0131za g\u00f6zlerini dikiyorlar. Bunlar\u0131, \u2018kad\u0131nlar i\u00e7in\u2019 yapt\u0131klar\u0131n\u0131 iddia ediyorlar. Ger\u00e7e\u011fi biliyoruz. Kad\u0131n d\u00fc\u015fman\u0131 politikalar\u0131yla hayatlar\u0131m\u0131z\u0131 karartmaya devam ediyorlar\u201d dedi.<\/p>\n\n\n\n<p>Cumartesi Annelerinden Besna Tosun: &#8220;8 Mart \u00f6ncesinde d\u00fcnyan\u0131n her yerinde kad\u0131n haklar\u0131 ve kad\u0131na y\u00f6nelik \u015fiddet konu\u015fulurken bizler de g\u00f6zalt\u0131nda kaybedilen kad\u0131nlar\u0131 tekrar hat\u0131rlatmak istedik; Makbule \u00d6kdem, Ayten \u00d6zt\u00fcrk, R\u0131dda Yavuz, Sedika Dal, Hamide \u015earl\u0131, Hatun I\u015f\u0131k, Yeter I\u015f\u0131k, Elif I\u015f\u0131k, G\u00fclizar Serin, L\u00fctfiye Ka\u00e7ar, G\u00fclnaz Tatu, Kadriye Tatu, Ay\u015fenur \u015eim\u015fek, Hatice \u015eim\u015fek, \u015e\u00fckran Da\u015f, Fahriye Mordeniz, Zozan Eren, Neslihan Uslu ve Konca Kuri\u015f g\u00fcvenlik g\u00fc\u00e7leri taraf\u0131ndan g\u00f6zalt\u0131na al\u0131narak kaybedildiler. Bunlar sadece \u0130nsan Haklar\u0131 Derne\u011fi\u2019nin ula\u015fabildi\u011fi isimler. Ka\u00e7 kad\u0131n\u0131n g\u00f6zalt\u0131nda kaybedildi\u011fi ise bilinmiyor. Kaybedilen kad\u0131nlar\u0131n ba\u015flar\u0131na neler geldi\u011fini bilmeye, hakikati \u00f6\u011frenmeye hepimizin hakk\u0131 var. Hangi tarihte ya\u015fanm\u0131\u015f olursa olsun g\u00f6zalt\u0131nda kaybedilen kad\u0131nlar ger\u00e7e\u011fi ile y\u00fczle\u015fmek, cezas\u0131zl\u0131\u011f\u0131 sonland\u0131rmak ve sorumlular\u0131n yarg\u0131 \u00f6n\u00fcnde hesap vermesini sa\u011flamak mevcut iktidar\u0131n g\u00f6revi oldu\u011fu hat\u0131rlat\u0131yoruz. Kad\u0131nlar\u0131 Kkatledenleri, kaybedenleri, cezas\u0131zl\u0131k politikalar\u0131yla \u00f6d\u00fcllendirenler, en temel haklar\u0131 i\u00e7in m\u00fccadele eden bizleri; a\u00e7\u0131lan soru\u015fturmalarla ve davalarla cezaland\u0131rmak istiyorlar. Sokaklar\u0131 meydanlar\u0131 hapsederek, bask\u0131yla, \u015fiddetle bizleri korkutmak ve susturmak istiyorlar. Susmayaca\u011f\u0131z. 29 y\u0131lla s\u0131nanm\u0131\u015f kararl\u0131l\u0131\u011f\u0131m\u0131zla s\u00f6yl\u00fcyoruz: Ka\u00e7 y\u0131l ge\u00e7erse ge\u00e7sin ve bedeli ne olursa olsun g\u00f6zalt\u0131nda kaybedilen sevdiklerimizi aramaktan ve onlar\u0131 kaybedenlerden hesap sormaktan vazge\u00e7meyece\u011fiz.\u201d<\/p>\n","protected":false},"excerpt":{"rendered":"<p>\u0130stanbul Kad\u0131k\u00f6y&#8217;de 8 Mart Kad\u0131n Platformu \u00f6nc\u00fcl\u00fc\u011f\u00fcnde&#46;&#46;&#46;<\/p>\n","protected":false},"author":3,"featured_media":2794,"comment_status":"open","ping_status":"open","sticky":false,"template":"","format":"standard","meta":{"footnotes":""},"categories":[5,10,29],"tags":[],"manset":[],"class_list":["post-2793","post","type-post","status-publish","format-standard","has-post-thumbnail","hentry","category-etkinlikler","category-kadin","category-manset"],"amp_enabled":true,"_links":{"self":[{"href":"https:\/\/kolektifmucadele1.org\/index.php\/wp-json\/wp\/v2\/posts\/2793","targetHints":{"allow":["GET"]}}],"collection":[{"href":"https:\/\/kolektifmucadele1.org\/index.php\/wp-json\/wp\/v2\/posts"}],"about":[{"href":"https:\/\/kolektifmucadele1.org\/index.php\/wp-json\/wp\/v2\/types\/post"}],"author":[{"embeddable":true,"href":"https:\/\/kolektifmucadele1.org\/index.php\/wp-json\/wp\/v2\/users\/3"}],"replies":[{"embeddable":true,"href":"https:\/\/kolektifmucadele1.org\/index.php\/wp-json\/wp\/v2\/comments?post=2793"}],"version-history":[{"count":1,"href":"https:\/\/kolektifmucadele1.org\/index.php\/wp-json\/wp\/v2\/posts\/2793\/revisions"}],"predecessor-version":[{"id":2795,"href":"https:\/\/kolektifmucadele1.org\/index.php\/wp-json\/wp\/v2\/posts\/2793\/revisions\/2795"}],"wp:featuredmedia":[{"embeddable":true,"href":"https:\/\/kolektifmucadele1.org\/index.php\/wp-json\/wp\/v2\/media\/2794"}],"wp:attachment":[{"href":"https:\/\/kolektifmucadele1.org\/index.php\/wp-json\/wp\/v2\/media?parent=2793"}],"wp:term":[{"taxonomy":"category","embeddable":true,"href":"https:\/\/kolektifmucadele1.org\/index.php\/wp-json\/wp\/v2\/categories?post=2793"},{"taxonomy":"post_tag","embeddable":true,"href":"https:\/\/kolektifmucadele1.org\/index.php\/wp-json\/wp\/v2\/tags?post=2793"},{"taxonomy":"manset","embeddable":true,"href":"https:\/\/kolektifmucadele1.org\/index.php\/wp-json\/wp\/v2\/manset?post=2793"}],"curies":[{"name":"wp","href":"https:\/\/api.w.org\/{rel}","templated":true}]}}