{"id":2894,"date":"2024-03-18T22:06:39","date_gmt":"2024-03-18T19:06:39","guid":{"rendered":"https:\/\/kolektifmucadele1.org\/?p=2894"},"modified":"2024-03-19T15:48:19","modified_gmt":"2024-03-19T12:48:19","slug":"newroz-isyan-atesidir","status":"publish","type":"post","link":"https:\/\/kolektifmucadele1.org\/index.php\/2024\/03\/18\/newroz-isyan-atesidir\/","title":{"rendered":"Newroz \u0130syan Ate\u015fidir"},"content":{"rendered":"\n<p>Newroz P\u00eeroz Be!<\/p>\n\n\n\n<p>Bir ba\u015fkald\u0131r\u0131 zulme, bask\u0131 ve s\u00f6m\u00fcr\u00fcye kar\u015f\u0131 m\u00fccadele bayra\u011f\u0131d\u0131r Newroz.&nbsp; Newroz K\u00fcrt, T\u00fcrk, Ermeni, \u00c7erkez, Ezidi, S\u00fcryani, Arap, Acem\u2026 Ortado\u011fu halklar\u0131n\u0131n s\u00f6nmeyen Umut \u0131\u015f\u0131\u011f\u0131d\u0131r.<\/p>\n\n\n\n<p>As\u0131rlard\u0131r her 21 Mart Ortado\u011fu halklar\u0131n\u0131n yakt\u0131\u011f\u0131 Newroz ate\u015fi her d\u00f6nem kanla s\u00f6nd\u00fcr\u00fclmeye \u00e7al\u0131\u015f\u0131lm\u0131\u015ft\u0131r. Ama hi\u00e7bir zaman egemen g\u00fc\u00e7ler halklar\u0131n y\u00fcre\u011finden koparamam\u0131\u015ft\u0131r Newrozu.<\/p>\n\n\n\n<p>Zalim Kral DEHAK\u2019a kar\u015f\u0131 Demirci KAWA\u2019n\u0131n tutu\u015fturdu\u011fu isyan, ba\u015fkald\u0131r\u0131 ve \u00f6zg\u00fcrl\u00fck me\u015falesi bug\u00fcn emperyalizme, fa\u015fizme, siyonizm\u2019e kar\u015f\u0131 m\u00fccadele eden devrimcilerin elinde g\u00fcrle\u015fmektedir.<\/p>\n\n\n\n<p>Dehaklar\u0131n oldu\u011fu her yerde Demirci KAWA\u2019lar da var oldu ve isyan ate\u015fleri yay\u0131ld\u0131. Halklar\u0131n umutlar\u0131n\u0131 ye\u015ferten bu ate\u015f, y\u00fczy\u0131llar boyu Dehaklar\u0131n korkulu r\u00fcyas\u0131 oldu ve kanla bast\u0131rmaya \u00e7al\u0131\u015ft\u0131lar Newroz ate\u015fini.<\/p>\n\n\n\n<p>Ba\u015fta K\u00fcrt halk\u0131 olmak \u00fczere t\u00fcm Ortado\u011fu \u00fclkelerinde oldu\u011fu gibi \u00fclkemizde de co\u015fkuyla kutlan\u0131yor Newroz. Tarih boyunca \u00fclkemizde egemen g\u00fc\u00e7ler halklar\u0131m\u0131z\u0131n y\u00fcreklerinde ya\u015fatt\u0131klar\u0131 ve as\u0131l \u00f6z\u00fcn\u00fc koruyan Newroz ate\u015fini bask\u0131larla, katliamlarla s\u00f6nd\u00fcrmeye \u00e7al\u0131\u015ft\u0131lar ama ba\u015faramad\u0131lar. K\u00fcrt halk\u0131n\u0131n ba\u011f\u0131ms\u0131zl\u0131k ve \u00f6zg\u00fcrl\u00fck d\u00fc\u015f\u00fcncesini yok edemediler. Newroz ate\u015fini y\u00fcreklerden s\u00f6kemediler. Egemen g\u00fc\u00e7lerin \u201cba\u015fard\u0131k\u201d dedikleri 12 Eyl\u00fcl fa\u015fist cuntas\u0131 boyunca daha g\u00fc\u00e7l\u00fc bir isyan ate\u015finin haz\u0131rlay\u0131c\u0131s\u0131 oldular.<\/p>\n\n\n\n<p>84\u2019 y\u0131l\u0131ndan itibaren K\u00fcrt Ulusal Kurtulu\u015f m\u00fccadelesinin ivme kazanmas\u0131, halklar\u0131n zulme kar\u015f\u0131 isyan\u0131n\u0131n simgesi onun Newroz&#8217;un s\u00f6nmeyece\u011finin somut ifadesi oldu.<\/p>\n\n\n\n<p>\u0130\u015fte isyan ba\u015fkald\u0131r\u0131, bask\u0131ya, s\u00f6m\u00fcr\u00fcye kar\u015f\u0131 durman\u0131n ad\u0131 olan Newroz \u00fclkemizde as\u0131l \u00f6z\u00fcn\u00fc bu y\u0131llarda kazanm\u0131\u015ft\u0131r. Egemenler 90&#8217;lara gelindi\u011finde Newrozu farkl\u0131 bir kimli\u011fe b\u00fcr\u00fcnd\u00fcrerek i\u00e7ini bo\u015faltmak ve \u00f6z\u00fcnden uzakla\u015ft\u0131rmak istediler. \u201cNewroz bahar bayram\u0131d\u0131r\u201d s\u00f6ylemiyle \u201cbin y\u0131llard\u0131r kutlanan bir T\u00fcrk bayram\u0131\u201d olarak lanse etmeye \u00e7al\u0131\u015ft\u0131lar. Ama\u00e7 Newroz&#8217;un emek\u00e7i halklar\u0131n nezdinde isyan\u0131n, m\u00fccadelenin bir esin kayna\u011f\u0131, bir m\u00fccadele g\u00fcn\u00fc olmaktan \u00e7\u0131kar\u0131lmas\u0131yd\u0131. Ancak yine ba\u015faramad\u0131lar. Kendilerinin koyduklar\u0131 s\u0131n\u0131rlar\u0131 d\u0131\u015f\u0131nda kutlanan Newroz\u2019u yine kana bulad\u0131lar.<\/p>\n\n\n\n<p>Bug\u00fcn K\u00fcrdistan \u00fczerinde y\u00fcr\u00fct\u00fclen soyk\u0131r\u0131m, asimilasyon, katliam ve yok etme sava\u015f\u0131n\u0131n t\u00fcm \u015fiddetine ra\u011fmen, K\u00fcrdistan&#8217;\u0131n da\u011flar\u0131nda, \u015fehirlerinde Newroz ate\u015fi daha g\u00fc\u00e7l\u00fc harmanlanmakta, yanmaktad\u0131r.<\/p>\n\n\n\n<p>Newroz kendi kimli\u011fine, k\u00fclt\u00fcr\u00fcne sahip \u00e7\u0131km\u0131\u015f bir halk\u0131n bask\u0131lara, asimilasyona, soyk\u0131r\u0131ma ve s\u00f6m\u00fcr\u00fcye kar\u015f\u0131 ba\u015fkald\u0131r\u0131s\u0131d\u0131r.<\/p>\n\n\n\n<p>Newroz emperyalizme, fa\u015fizmi oligar\u015fiye kar\u015f\u0131 m\u00fccadeledir.<\/p>\n\n\n\n<p>Newroz halklar\u0131n karde\u015fli\u011fidir.<\/p>\n\n\n\n<p>Newroz t\u00fcm emek\u00e7i halklara mal olmu\u015f, zulme kar\u015f\u0131 ba\u015fkald\u0131r\u0131 gelene\u011fidir.<\/p>\n\n\n\n<p>G\u00fcn\u00fcm\u00fcz\u00fcn modern Dehaklar\u0131 ve onlar\u0131n s\u00f6m\u00fcr\u00fc d\u00fczenlerinin ortadan kald\u0131r\u0131lmas\u0131n\u0131 hedefleyen emek\u00e7i haklar\u0131n\u0131n ortak m\u00fccadelesi ile Newroz daha da g\u00fc\u00e7lenmektedir.<\/p>\n\n\n\n<p>Ortado\u011fu halklar\u0131n\u0131n ve \u00f6zelde K\u00fcrt halk\u0131n\u0131n isyan bayram\u0131 olan Newroz\u2019u m\u00fccadelemizle daha bir harlamal\u0131y\u0131z.<\/p>\n\n\n\n<p>Newroz ate\u015fini s\u00f6nd\u00fcrmeyi hedefleyenler, bu ate\u015fin i\u00e7inde bo\u011fulacaklard\u0131r!<\/p>\n\n\n\n<p>Newroz\u2019un isyan ate\u015fini k\u00f6r\u00fckle!<\/p>\n\n\n\n<p>Newroz ate\u015fiyle m\u00fccadeleye, direni\u015fe, \u00f6zg\u00fcrl\u00fc\u011fe!<\/p>\n\n\n\n<p>Bij\u00ee Newroz!<\/p>\n\n\n\n<p>Ya\u015fas\u0131n Halklar\u0131n Karde\u015fli\u011fi!<\/p>\n","protected":false},"excerpt":{"rendered":"<p>Newroz P\u00eeroz Be! Bir ba\u015fkald\u0131r\u0131 zulme, bask\u0131&#46;&#46;&#46;<\/p>\n","protected":false},"author":3,"featured_media":2895,"comment_status":"open","ping_status":"open","sticky":false,"template":"","format":"standard","meta":{"footnotes":""},"categories":[2,29],"tags":[],"manset":[],"class_list":["post-2894","post","type-post","status-publish","format-standard","has-post-thumbnail","hentry","category-basin-aciklamalari","category-manset"],"amp_enabled":true,"_links":{"self":[{"href":"https:\/\/kolektifmucadele1.org\/index.php\/wp-json\/wp\/v2\/posts\/2894","targetHints":{"allow":["GET"]}}],"collection":[{"href":"https:\/\/kolektifmucadele1.org\/index.php\/wp-json\/wp\/v2\/posts"}],"about":[{"href":"https:\/\/kolektifmucadele1.org\/index.php\/wp-json\/wp\/v2\/types\/post"}],"author":[{"embeddable":true,"href":"https:\/\/kolektifmucadele1.org\/index.php\/wp-json\/wp\/v2\/users\/3"}],"replies":[{"embeddable":true,"href":"https:\/\/kolektifmucadele1.org\/index.php\/wp-json\/wp\/v2\/comments?post=2894"}],"version-history":[{"count":2,"href":"https:\/\/kolektifmucadele1.org\/index.php\/wp-json\/wp\/v2\/posts\/2894\/revisions"}],"predecessor-version":[{"id":2900,"href":"https:\/\/kolektifmucadele1.org\/index.php\/wp-json\/wp\/v2\/posts\/2894\/revisions\/2900"}],"wp:featuredmedia":[{"embeddable":true,"href":"https:\/\/kolektifmucadele1.org\/index.php\/wp-json\/wp\/v2\/media\/2895"}],"wp:attachment":[{"href":"https:\/\/kolektifmucadele1.org\/index.php\/wp-json\/wp\/v2\/media?parent=2894"}],"wp:term":[{"taxonomy":"category","embeddable":true,"href":"https:\/\/kolektifmucadele1.org\/index.php\/wp-json\/wp\/v2\/categories?post=2894"},{"taxonomy":"post_tag","embeddable":true,"href":"https:\/\/kolektifmucadele1.org\/index.php\/wp-json\/wp\/v2\/tags?post=2894"},{"taxonomy":"manset","embeddable":true,"href":"https:\/\/kolektifmucadele1.org\/index.php\/wp-json\/wp\/v2\/manset?post=2894"}],"curies":[{"name":"wp","href":"https:\/\/api.w.org\/{rel}","templated":true}]}}