{"id":2918,"date":"2024-03-29T00:01:42","date_gmt":"2024-03-28T21:01:42","guid":{"rendered":"https:\/\/kolektifmucadele1.org\/?p=2918"},"modified":"2024-03-29T11:06:52","modified_gmt":"2024-03-29T08:06:52","slug":"sosyal-reformistlerin-secim-sefaleti","status":"publish","type":"post","link":"https:\/\/kolektifmucadele1.org\/index.php\/2024\/03\/29\/sosyal-reformistlerin-secim-sefaleti\/","title":{"rendered":"Sosyal reformistlerin se\u00e7im sefaleti"},"content":{"rendered":"\n<p>Sosyal reformist, uzla\u015fmac\u0131 partiler m\u00fccadelenin dinamikleri ve kendilerinin ideolojik g\u00fc\u00e7lerine inanmayanlar kitleleri aldatarak burjuva muhalefet ve sistemin a\u00e7aca\u011f\u0131 alanlarda var olma \u00e7abas\u0131ndalar\u2026<\/p>\n\n\n\n<p>May\u0131s 2023 se\u00e7imlerinden gerekli dersin \u00e7\u0131kar\u0131lmad\u0131\u011f\u0131 \u00e7ok a\u00e7\u0131k ortada. Fa\u015fist, gerici sistem partileriyle kol kola girilerek girilen bu se\u00e7imde halklarimiza bolca sahte vatler, pembe tablolar sunuldu. \u2018\u2019Fa\u015fizmi geriletece\u011fiz, fa\u015fizmi durdurduk yollayaca\u011f\u0131z, memlekete se\u00e7imle bahar gelecek\u2026 vb\u201d bolca vaatler sunuldu. Sonu\u00e7 herkes\u00e7e biliniyor. Burada uzunca bunu tekrar tekrar \u00fczerinde durmayaca\u011f\u0131z.<\/p>\n\n\n\n<p>May\u0131s 2023 se\u00e7im s\u00fcrecinde olu\u015fturulan, Emek ve \u00d6zg\u00fcrl\u00fck \u0130ttifak\u0131 ve bug\u00fcnde hale s\u0131k\u00e7a vurgulanan \u00fc\u00e7\u00fcnc\u00fc yolun halklar\u0131n fa\u015fizm kar\u015f\u0131s\u0131nda kendi rotas\u0131n\u0131 \u00e7izmesiydi. Her a\u00e7\u0131klamada vurgulanan; \u201cbizim ittifak\u0131m\u0131z se\u00e7imlere y\u00f6nelik de\u011fil\u201d vb ifadelerinin sadece bir propagandadan ibret oldu\u011funu o g\u00fcnde her f\u0131rsatta vurgulad\u0131k. Umudunu meclise burjuva siyaset alanlar\u0131na hapsedenlerin bir \u00fc\u00e7\u00fcnc\u00fc yol yaratmas\u0131 m\u00fcmk\u00fcn de\u011fildir.<\/p>\n\n\n\n<p>Nitekim m\u00fccadele \u00fczerine \u015fekillenmemi\u015f, m\u00fccadeleyi hedeflemeyen birlikteliklerin nas\u0131l ge\u00e7mi\u015fte bir gelece\u011fi olmad\u0131ysa bug\u00fcnde bundan sonrada yoktur. Ki daha se\u00e7im s\u00fcrecinde birlikteli\u011fin i\u00e7inde gerilmeler ba\u015flam\u0131\u015f \u00f6zelikle T\u0130P-EMEP nezlinde pazarl\u0131klar birlik ruhunda daha \u00e7ok grupsal \u00e7\u0131karlar\u0131 \u00f6ne \u00e7\u0131karm\u0131\u015f birlikteli\u011fin amac\u0131n\u0131 de\u015fifre etmi\u015ftir. Keza ayni ittifak i\u00e7inde yer alanlar utangaca da olsa \u201cK\u0131l\u0131\u00e7daro\u011fluna oy yok\u201d a\u00e7\u0131klamalar\u0131yla yetinerek bu s\u00fcre\u00e7te kendilerini muaf tutacaklar\u0131n\u0131 sand\u0131lar.<\/p>\n\n\n\n<p>\u00c7ok uzatmadan Emek ve \u00d6zg\u00fcrl\u00fck \u0130ttifak\u0131 se\u00e7ime y\u00f6nelik bir ittifak de\u011fil diyenler ard\u0131nda gelen yerel se\u00e7imlerle iyice par\u00e7alanm\u0131\u015f kendi grupsal \u00e7\u0131karlar\u0131n\u0131 her \u015feyin \u00f6n\u00fcne koymu\u015ftur. \u00d6yle ki birbirini ekarte ederek ayr\u0131 ittifaklarda tutunda ayni b\u00f6lgelerde birbirine kar\u015f\u0131 adaylar \u00e7\u0131karm\u0131\u015flard\u0131r.<\/p>\n\n\n\n<p>Bu bile\u015fende kendisini pop\u00fclizmin cazibesine kapt\u0131ran T\u0130P\u2019in d\u00fc\u015ft\u00fc\u011f\u00fc durum malum ortada. SMF ise geldi\u011fi gelene\u011fin t\u00fcm de\u011ferlerini bir yana yiterek Dersim\u2019den \u00e7\u0131karak, Dersim soyk\u0131r\u0131m\u0131n\u0131 savunan sosyal \u015foven TKP ile kendisini Kad\u0131k\u00f6y\u2019e atm\u0131\u015ft\u0131r.<\/p>\n\n\n\n<p>Dersim, Hatay, Hatay Samanda\u011f da ya\u015fanan birbirine \u00e7elme takmalar\u0131n ardinda \u015fimdilik son noktay\u0131 DEM Parti i\u00e7inde ittifak olan SYKP bekleyip se\u00e7ime d\u00f6rt g\u00fcn kala bile\u015feni oldu\u011fu partiye s\u0131rt\u0131n\u0131 d\u00f6nd\u00fc. Utanga\u00e7\u00e7a \u2018AKP-MHP fa\u015fizmi geriletme\u2019 ad\u0131na isim vermeden CHP\u2019ye oy \u00e7a\u011fr\u0131s\u0131 yapti. SYKP de DEM Parti E\u015f ba\u015fkan\u0131 olan Hatimo\u011fullar\u0131 \u0130stanbul\u2019da kendi aday\u0131na oy \u00e7a\u011fr\u0131s\u0131 yapamay\u0131p isim vermeden CHP\u2019ye oy \u00e7a\u011fr\u0131s\u0131 yapti.<\/p>\n\n\n\n<p>\u0130\u015fte ba\u015fl\u0131kta da ifade etti\u011fimiz gibi tamda sosyal reformist, uzla\u015fmac\u0131 partilerin sefaletinin tablosunu bizlere sunmaktad\u0131r.<\/p>\n\n\n\n<p>Fa\u015fizmi salt AKP-MHP\u2019den ibret g\u00f6ren sistem ger\u00e7ekli\u011finin \u00fczerinde atlayanlar halklar\u0131n umudu olmazlar. M\u00fccadelenin dinamiklerine, halklar\u0131n g\u00fcc\u00fcne de\u011fil burjuva siyaset ve onun \u00e7izdi\u011fi s\u0131n\u0131rlar i\u00e7inde kurtulu\u015f arayanlar ancak bu sistemin dolayl\u0131 destek\u00e7isi, ona g\u00fc\u00e7 verenleri olurlar.<\/p>\n\n\n\n<p>Fa\u015fist sistem ve onun bug\u00fcnk\u00fc iktidar\u0131 olan AKP-MHP \u015feflik rejimi t\u00fcm y\u00f6nelimini haklar\u0131m\u0131za refah de\u011fil tam tersi se\u00e7im sonras\u0131, daha \u00e7ok yokluk yoksullu\u011fu art\u0131raca\u011f\u0131, bask\u0131 \u015fiddet ve sava\u015fla iktidar\u0131n\u0131 s\u00fcrd\u00fcrece\u011fidir. Gerek uluslararas\u0131 y\u00fcr\u00fctt\u00fckleri g\u00f6r\u00fc\u015fmeler gerekse kendi haz\u0131rl\u0131klar\u0131 \u00e7ok net bizlerin \u00f6n\u00fcne bu tabloyu koymaktad\u0131r.<\/p>\n\n\n\n<p>8 Mart ardinda Newroz halklar\u0131n y\u00f6nelimini \u00e7ok net ortaya koydu. Alanlar\u0131 m\u00fccadele co\u015fkusuyla dolduranlar\u0131n bu y\u00f6nelimini burjuva siyaset alanlar\u0131na hapsetmek, buralarda dar k\u00fc\u00e7\u00fck grupsal \u00e7\u0131karlar i\u00e7in s\u00f6n\u00fcmlend\u0131rmek devrimin ve \u00f6zg\u00fcrl\u00fc\u011f\u00fcn \u00e7\u0131kar\u0131na olmad\u0131\u011f\u0131 kesin.<\/p>\n\n\n\n<p>Fa\u015fist sistemin halklarimiza dayatt\u0131\u011f\u0131 a\u00e7l\u0131k, yokluk, yoksulluk ve ba\u015fta K\u00fcrt halkina daha b\u00fcy\u00fck bir sava\u015f haz\u0131rl\u0131\u011f\u0131 yapt\u0131\u011f\u0131 g\u00fcn\u00fcm\u00fcz ko\u015fular\u0131nda umudu sand\u0131klara ya da fa\u015fist \u015fef Erdo\u011fan\u2019la yeni bir bar\u0131\u015f s\u00fcreci gibi bo\u015f umutlarda de\u011fil. Ger\u00e7ek birliktelikler ve kurtulu\u015f halklar\u0131m\u0131z\u0131n \u00f6zg\u00fcr, e\u015fit gelecegi olan sisteme kar\u015f\u0131 m\u00fccadelededir. Onlar\u0131n bu y\u00f6nelimlerini engelleyecek ve bozacak, fa\u015fizmi yenecek olan tek ger\u00e7eklik m\u00fccadelenin kendisidir.<\/p>\n","protected":false},"excerpt":{"rendered":"<p>Sosyal reformist, uzla\u015fmac\u0131 partiler m\u00fccadelenin dinamikleri ve&#46;&#46;&#46;<\/p>\n","protected":false},"author":3,"featured_media":2919,"comment_status":"open","ping_status":"open","sticky":false,"template":"","format":"standard","meta":{"footnotes":""},"categories":[7,29],"tags":[],"manset":[],"class_list":["post-2918","post","type-post","status-publish","format-standard","has-post-thumbnail","hentry","category-makaleler","category-manset"],"amp_enabled":true,"_links":{"self":[{"href":"https:\/\/kolektifmucadele1.org\/index.php\/wp-json\/wp\/v2\/posts\/2918","targetHints":{"allow":["GET"]}}],"collection":[{"href":"https:\/\/kolektifmucadele1.org\/index.php\/wp-json\/wp\/v2\/posts"}],"about":[{"href":"https:\/\/kolektifmucadele1.org\/index.php\/wp-json\/wp\/v2\/types\/post"}],"author":[{"embeddable":true,"href":"https:\/\/kolektifmucadele1.org\/index.php\/wp-json\/wp\/v2\/users\/3"}],"replies":[{"embeddable":true,"href":"https:\/\/kolektifmucadele1.org\/index.php\/wp-json\/wp\/v2\/comments?post=2918"}],"version-history":[{"count":2,"href":"https:\/\/kolektifmucadele1.org\/index.php\/wp-json\/wp\/v2\/posts\/2918\/revisions"}],"predecessor-version":[{"id":2924,"href":"https:\/\/kolektifmucadele1.org\/index.php\/wp-json\/wp\/v2\/posts\/2918\/revisions\/2924"}],"wp:featuredmedia":[{"embeddable":true,"href":"https:\/\/kolektifmucadele1.org\/index.php\/wp-json\/wp\/v2\/media\/2919"}],"wp:attachment":[{"href":"https:\/\/kolektifmucadele1.org\/index.php\/wp-json\/wp\/v2\/media?parent=2918"}],"wp:term":[{"taxonomy":"category","embeddable":true,"href":"https:\/\/kolektifmucadele1.org\/index.php\/wp-json\/wp\/v2\/categories?post=2918"},{"taxonomy":"post_tag","embeddable":true,"href":"https:\/\/kolektifmucadele1.org\/index.php\/wp-json\/wp\/v2\/tags?post=2918"},{"taxonomy":"manset","embeddable":true,"href":"https:\/\/kolektifmucadele1.org\/index.php\/wp-json\/wp\/v2\/manset?post=2918"}],"curies":[{"name":"wp","href":"https:\/\/api.w.org\/{rel}","templated":true}]}}