{"id":2921,"date":"2024-03-29T10:49:53","date_gmt":"2024-03-29T07:49:53","guid":{"rendered":"https:\/\/kolektifmucadele1.org\/?p=2921"},"modified":"2024-03-29T10:49:55","modified_gmt":"2024-03-29T07:49:55","slug":"kizildere-onlarin-yaktigi-ates-yolumuzu-aydinlatiyor","status":"publish","type":"post","link":"https:\/\/kolektifmucadele1.org\/index.php\/2024\/03\/29\/kizildere-onlarin-yaktigi-ates-yolumuzu-aydinlatiyor\/","title":{"rendered":"K\u0131z\u0131ldere On\u2019lar\u0131n yakt\u0131\u011f\u0131 ate\u015f yolumuzu ayd\u0131nlat\u0131yor"},"content":{"rendered":"\n<p>K\u0131z\u0131ldere ve On\u201dlar emperyalizme, Siyonizm\u2019e, fa\u015fizme kar\u015f\u0131 m\u00fccadele \u00e7a\u011fr\u0131s\u0131d\u0131r\u2026<\/p>\n\n\n\n<p>On`lar\u0131n yakt\u0131\u011f\u0131 ate\u015f yolumuzu ayd\u0131nlat\u0131yor. On`lar m\u00fccadelemizin, kavgam\u0131z\u0131n yol a\u00e7\u0131c\u0131lar\u0131, \u00f6nderlerimizdi. On`lar\u0131n bize g\u00f6sterdi\u011fi yolda, onlar\u0131 unutmadan, onlar\u0131 sahiplenerek yar\u0131na y\u00fcr\u00fcyoruz!<\/p>\n\n\n\n<p>K\u0131z\u0131ldere ve On`larin katledili\u015flerinin \u00fczerinden 52 y\u0131l ge\u00e7ti. Ama onlar\u0131n bizlere b\u0131rakt\u0131klar\u0131 miras d\u00fcnden bug\u00fcne, bug\u00fcnden yar\u0131na \u00f6nc\u00fcl\u00fck etmeye devam ediyor. On\u2019lar\u0131 anmak \u00fclkemizin gelece\u011fi, On\u2019lar\u0131 anmak devrim ve sosyalizm davas\u0131na daha s\u0131k\u0131 sar\u0131lmak onlar\u0131n idelini devrime ta\u015f\u0131makt\u0131r.<\/p>\n\n\n\n<p>On\u2019lar anmak onlar\u0131n \u00e7a\u011fr\u0131s\u0131, insanl\u0131\u011f\u0131n ger\u00e7ek kurtulu\u015funun biricik yolu olan sosyalizm idealinin ger\u00e7ekle\u015ftirilmesidir\u2026<\/p>\n\n\n\n<p>On\u2019lar\u0131 anmak ve sahiplenmek emperyalizme, Siyonizm\u2019e, fa\u015fizme kar\u015f\u0131 amans\u0131z kavgan\u0131n savunucusu olmakt\u0131r. On\u2019lar\u0131 anmak ve sahiplenme yerine, On\u2019lar\u0131n ideallerini fa\u015fist sistemin se\u00e7im \u015faklabanl\u0131klar\u0131na malzeme etmek, sand\u0131klara hapsetmek de\u011fildir. On\u2019lar\u0131n ideallerini sosyal reformistler ve s\u0131n\u0131f uzla\u015fmac\u0131lar\u0131 sand\u0131klara hapsedemezler.<\/p>\n\n\n\n<p>K\u0131z\u0131ldere\u2019de \u00f6l\u00fcms\u00fczle\u015fen; Mahir \u00c7ayan, H\u00fcdai Ar\u0131kan, Cihan Alptekin, Nihat Y\u0131lmaz, Ertan Saruhan, Ahmet Atasoy, Sinan Kaz\u0131m \u00d6z\u00fcdo\u011fru, Sabahattin Kurt, \u00d6mer Ayna ve Saffet Alp\u2026<\/p>\n\n\n\n<p>K\u0131z\u0131ldere\u2019de emperyalistler, Siyonistler ve onlar\u0131n yerli i\u015fbirlik\u00e7i fa\u015fist u\u015faklar\u0131 her \u015fey bitti diye ellerini ovu\u015fturuyordu. Amam yan\u0131lg\u0131lar\u0131 uzun s\u00fcrmedi. On\u2019lar daha topra\u011fa d\u00fc\u015fmeden arkalar\u0131ndan a\u011f\u0131tlar yak\u0131lmaya, do\u011fan \u00e7ocuklara isimleri verilmeye ba\u015fland\u0131.<\/p>\n\n\n\n<p>On\u2019lar\u0131 anmak, K\u0131z\u0131ldere\u2019nin \u00e7a\u011fr\u0131s\u0131n\u0131 do\u011fru okumak, \u00fclkenin, halklar\u0131m\u0131z\u0131n ve gelece\u011fine, i\u015f\u00e7i s\u0131n\u0131f\u0131n\u0131n kurtulu\u015fu olan ve onun y\u00fcce ideolojisi Marksizm-Leninizm\u2019i sahiplenmektir. On\u2019lar\u0131 anmak fa\u015fizminin ku\u015fatmas\u0131 kar\u015f\u0131s\u0131nda devrimci g\u00f6rev ve sorumlulu\u011fu \u00fcstlenmektir. On\u2019lar\u0131 anmak halklar\u0131m\u0131z\u0131n t\u00fcm gelece\u011fini teslim almaya \u00e7al\u0131\u015fan fa\u015fist tek adam sistemi kar\u015f\u0131s\u0131nda devrimci ideallerini \u00f6rnek alarak, umutsuz olmak de\u011fil, umudun adi olmakt\u0131r. On\u2019lar\u0131 anmak emperyalizme, Siyonizm\u2019e ve fa\u015fizme kar\u015f\u0131 m\u00fccadele \u00e7a\u011fr\u0131lar\u0131 ve haklar\u0131m\u0131z\u0131n kurtulu\u015fu olan Demokratik Halk Devrimi ve Sosyalizm \u00e7a\u011fr\u0131s\u0131n\u0131n g\u00fcnceli\u011fini sahiplenmektir.<\/p>\n\n\n\n<p>On\u2019lar\u0131 anmak, sol i\u00e7i rekabet\u00e7ili\u011fi, dar grupsal \u00e7\u0131karlar\u0131 her \u015feyin \u00f6n\u00fcne koyan de\u011fil, devrimci dayan\u0131\u015fma ve siper yolda\u015fl\u0131\u011f\u0131n\u0131n savunucusu, uygulay\u0131c\u0131s\u0131 olmakt\u0131r. On\u2019lar\u0131n ya\u015famlar\u0131 ve y\u00f6nelimleriyle bizlere bunu miras b\u0131rakt\u0131lar. On\u2019lar\u0131n farkl\u0131 ideoloji ve stratejiye sahip olsa da devrimcilerin birbirleri i\u00e7in kendisinin nasil siper edece\u011fini ve feda edilece\u011finin g\u00f6sterenleri oldular.<\/p>\n\n\n\n<p>On\u2019lar\u0131 anmak bir yanda saltanat i\u00e7inde, hak edilmemi\u015f kazan\u00e7lar\u0131yla ya\u015fayan bir avu\u00e7 tefeci, rant\u00e7\u0131, zorba az\u0131nl\u0131k kar\u015f\u0131s\u0131na dikilmek ve di\u011fer tarafta milyonlarca yoksulluk, sefalet i\u00e7inde ya\u015fayanlar\u0131n yan\u0131nda olmakt\u0131r. Geceleri a\u00e7 yatan, g\u00fcnd\u00fcz\u00fcne i\u015fsiz kalkan milyonlar\u0131n umudu olmak, ya\u015famlar\u0131n\u0131n savunucusu olmakt\u0131r\u2026<\/p>\n\n\n\n<p>Yar\u0131ndan umudu kalmam\u0131\u015f milyonlar\u0131n ya\u015fad\u0131\u011f\u0131 sefalet, her g\u00fcn ya\u015fat\u0131lan i\u015f cinayetleri, katledilen kad\u0131nlar, geleceksiz b\u0131rak\u0131lan gen\u00e7lik, katledilen do\u011fa, talan edilen bir \u00fclke ve geleceksizle\u015ftrilen bir halk\u2026 i\u015fte tam da bu ko\u015fularda, yeniden c\u00fcret etmektir On\u2019lar\u0131n izinden y\u00fcr\u00fcmek.<\/p>\n\n\n\n<p>On\u2019lar\u0131 anmak, yeniden ve bir kez daha halklar\u0131n umudu olmakt\u0131r, t\u0131pk\u0131 onlar gibi. \u00c7\u00fcnk\u00fc On\u2019lar\u0131n K\u0131z\u0131ldere\u2019de&nbsp;bitmeyen \u00e7a\u011fr\u0131s\u0131 bize bunu s\u00f6yl\u00fcyor.<\/p>\n\n\n\n<p>\u00dclkemiz, bug\u00fcn gerici-fa\u015fist bir karanl\u0131\u011fa teslim edilmi\u015fse, bunun yolu K\u0131z\u0131ldere\u2019de ve sonras\u0131nda ger\u00e7ekle\u015fen fa\u015fist katliamlarla, darbelerle a\u00e7\u0131ld\u0131. T\u00fcrkiye, sa\u011f siyaset eliyle emperyalizmin tahakk\u00fcm\u00fcne teslim edildi. ABD\u2019nin tezg\u00e2h\u0131nda yeti\u015ftirilen dinci sa\u011f siyasetler h\u00e2kim hale getirildi. Bug\u00fcn, halk\u0131n ba\u015f\u0131na bin bir \u00e7orap \u00f6ren bir gericilik \u00fclkeyi ku\u015fatm\u0131\u015fsa, bunun nedeni 12 Mart ve 12 Eyl\u00fcllerle umudun, devrimcilerin yok edilmek istenmesi, a\u011f\u0131r yenilgiler ya\u015fanmas\u0131n\u0131n sa\u011flanmas\u0131n\u0131n sonucudur.<\/p>\n\n\n\n<p>Bunun i\u00e7indir ki K\u0131z\u0131ldere, d\u00fcnde bug\u00fcn de bu s\u00f6m\u00fcr\u00fc d\u00fczeninin haramilerine kar\u015f\u0131 bir m\u00fccadele \u00e7a\u011fr\u0131s\u0131d\u0131r. K\u0131z\u0131ldere emperyalizm ve onun yerli i\u015fbirlik\u00e7i politikalara ve sald\u0131r\u0131lar\u0131na kar\u015f\u0131 ba\u011f\u0131ms\u0131zl\u0131k, e\u015fit-\u00f6zg\u00fcr ya\u015fam d\u00fc\u015f\u00fcncesidir.<\/p>\n\n\n\n<p>Bir avu\u00e7 zorban\u0131n iktidar\u0131na kar\u015f\u0131 halk\u0131n s\u00f6z ve karar sahibi olaca\u011f\u0131 devrimci bir iktidar d\u00fc\u015f\u00fcncesi vard\u0131. K\u0131z\u0131ldere\u2019den \u00fclkenin her k\u00f6\u015fesine k\u00f6k salan \u00f6zg\u00fcrl\u00fck d\u00fc\u015f\u00fc \u2026. Kesintisiz bir bi\u00e7imde s\u00fcren bu d\u00fc\u015f\u00fcnceler, bug\u00fcn de ba\u015farabilmenin, c\u00fcretli olman\u0131n yolunu g\u00f6stermeye devam ediyor.<\/p>\n\n\n\n<p>Bug\u00fcn ayn\u0131 zamanda t\u00fcm katliamlara, sald\u0131r\u0131lara ve her t\u00fcr yok etme projelerine kar\u015f\u0131 devrimci m\u00fccadelenin k\u00f6klerinin ne kadar g\u00fc\u00e7l\u00fc oldu\u011funun da bir kan\u0131t\u0131 olarak g\u00f6r\u00fclmelidir.<\/p>\n\n\n\n<p>K\u0131z\u0131ldere\u2019de yak\u0131lan me\u015fale sonucudur ki \u00fclkemizde, bu uzun d\u00f6nemde b\u00fct\u00fcn ilerici de\u011ferlerin, y\u00f6nelimleri yok etme, \u00e7\u00f6kertme sald\u0131r\u0131lar\u0131 kar\u015f\u0131s\u0131nda, t\u00fcm devrimci m\u00fccadele birikimlerinin inatla ya\u015fat\u0131lmas\u0131, sahiplenmesidir. Bu direni\u015f gelene\u011finin sonucu olarak gericili\u011fe-fa\u015fizme teslim olunmad\u0131.<\/p>\n\n\n\n<p>\u0130\u015fte bug\u00fcn bir kez daha On\u2019lar\u0131n \u00f6l\u00fcms\u00fczl\u00fc\u011f\u00fcn\u00fcn y\u0131l d\u00f6n\u00fcm\u00fcnde tarih ve ya\u015fam bizlere On\u2019lar\u0131n c\u00fcretini ku\u015fanmay\u0131 bir ad\u0131m ileriye ge\u00e7meye \u00e7a\u011f\u0131r\u0131yor. K\u0131z\u0131ldere\u2019nin devrimci ruhu ve y\u00f6nelimiyle, gericilik ve fa\u015fist ku\u015fatma kar\u015f\u0131s\u0131nda sistemle uzla\u015fan de\u011fil ona cephede sava\u015f a\u00e7an olmaya \u00e7a\u011f\u0131r\u0131yor. Sistemin i\u00e7indeki burjuva kliklere bel ba\u011flayan de\u011fil halk\u0131n \u00f6rg\u00fctl\u00fc g\u00fcc\u00fcne ve devrimci m\u00fccadeleye daha s\u0131k\u0131 sar\u0131lmaya \u00e7a\u011f\u0131r\u0131yor\u2026<\/p>\n\n\n\n<p>On\u2019larda ald\u0131\u011f\u0131m\u0131z g\u00fc\u00e7le, ge\u00e7mi\u015ften gelece\u011fe On\u2019lar\u0131 sahiplenerek, onlar\u0131n miras\u0131yla m\u00fccadeleyi b\u00fcy\u00fctmekteyiz.<\/p>\n\n\n\n<p>On\u2019lar\u0131 devrimci m\u00fccadele tarihimizin, en b\u00fcy\u00fck g\u00fc\u00e7 ve ilham kayna\u011f\u0131m\u0131z olmaya devam ediyor.<\/p>\n\n\n\n<p>On\u2019lar\u0131n bizlere b\u0131rakt\u0131klar\u0131 miras ve g\u00f6sterdikleri yol, bizlere y\u00fckledikleri devrimci sorumluluk s\u00fcrd\u00fcrd\u00fc\u011f\u00fcm\u00fcz m\u00fccadelenin her an\u0131nda, her direni\u015fte yeniden parlayan devrimci \u00f6nderlerimizdir. Mahirlerin, Ula\u015flar\u0131n, Cevahirlerin\u2026 On\u2019lar\u0131n an\u0131lar\u0131 \u00f6n\u00fcnde sevgiyle sayg\u0131yla e\u011filiyoruz.<\/p>\n\n\n\n<p>On\u2019lar K\u0131z\u0131ldere\u2019de \u00f6l\u00fcms\u00fczle\u015firken yakt\u0131klar\u0131 ate\u015fle \u00fclkenin d\u00f6rt bir yan\u0131nda karanl\u0131\u011fa kar\u015f\u0131 me\u015fale oldular, yar\u0131nlar\u0131n umudu oldular\u2026<\/p>\n\n\n\n<p>K\u0131z\u0131ldere Son De\u011fil Ba\u015flang\u0131\u00e7t\u0131r!<\/p>\n\n\n\n<p>Mahir, H\u00fcseyin, Ula\u015f Kurtulu\u015fa Kadar Sava\u015f!<\/p>\n\n\n\n<p>Tek Yol devrim!<\/p>\n\n\n\n<p>27 Mart 2024<\/p>\n","protected":false},"excerpt":{"rendered":"<p>K\u0131z\u0131ldere ve On\u201dlar emperyalizme, Siyonizm\u2019e, fa\u015fizme kar\u015f\u0131&#46;&#46;&#46;<\/p>\n","protected":false},"author":3,"featured_media":2922,"comment_status":"open","ping_status":"open","sticky":false,"template":"","format":"standard","meta":{"footnotes":""},"categories":[7,29],"tags":[],"manset":[],"class_list":["post-2921","post","type-post","status-publish","format-standard","has-post-thumbnail","hentry","category-makaleler","category-manset"],"amp_enabled":true,"_links":{"self":[{"href":"https:\/\/kolektifmucadele1.org\/index.php\/wp-json\/wp\/v2\/posts\/2921","targetHints":{"allow":["GET"]}}],"collection":[{"href":"https:\/\/kolektifmucadele1.org\/index.php\/wp-json\/wp\/v2\/posts"}],"about":[{"href":"https:\/\/kolektifmucadele1.org\/index.php\/wp-json\/wp\/v2\/types\/post"}],"author":[{"embeddable":true,"href":"https:\/\/kolektifmucadele1.org\/index.php\/wp-json\/wp\/v2\/users\/3"}],"replies":[{"embeddable":true,"href":"https:\/\/kolektifmucadele1.org\/index.php\/wp-json\/wp\/v2\/comments?post=2921"}],"version-history":[{"count":1,"href":"https:\/\/kolektifmucadele1.org\/index.php\/wp-json\/wp\/v2\/posts\/2921\/revisions"}],"predecessor-version":[{"id":2923,"href":"https:\/\/kolektifmucadele1.org\/index.php\/wp-json\/wp\/v2\/posts\/2921\/revisions\/2923"}],"wp:featuredmedia":[{"embeddable":true,"href":"https:\/\/kolektifmucadele1.org\/index.php\/wp-json\/wp\/v2\/media\/2922"}],"wp:attachment":[{"href":"https:\/\/kolektifmucadele1.org\/index.php\/wp-json\/wp\/v2\/media?parent=2921"}],"wp:term":[{"taxonomy":"category","embeddable":true,"href":"https:\/\/kolektifmucadele1.org\/index.php\/wp-json\/wp\/v2\/categories?post=2921"},{"taxonomy":"post_tag","embeddable":true,"href":"https:\/\/kolektifmucadele1.org\/index.php\/wp-json\/wp\/v2\/tags?post=2921"},{"taxonomy":"manset","embeddable":true,"href":"https:\/\/kolektifmucadele1.org\/index.php\/wp-json\/wp\/v2\/manset?post=2921"}],"curies":[{"name":"wp","href":"https:\/\/api.w.org\/{rel}","templated":true}]}}