{"id":2957,"date":"2024-04-02T23:16:03","date_gmt":"2024-04-02T20:16:03","guid":{"rendered":"https:\/\/kolektifmucadele1.org\/?p=2957"},"modified":"2024-04-03T12:15:09","modified_gmt":"2024-04-03T09:15:09","slug":"31-mart-yerel-secimleri","status":"publish","type":"post","link":"https:\/\/kolektifmucadele1.org\/index.php\/2024\/04\/02\/31-mart-yerel-secimleri\/","title":{"rendered":"31 Mart Yerel Se\u00e7imleri"},"content":{"rendered":"\n<p>31 Mart se\u00e7imlerinin kaybedeni AKP-MHP, kazanan\u0131 CHP ve DEM Parti oldu.<\/p>\n\n\n\n<p>AKP-MHP \u015feflik rejimi 2024 Yerel se\u00e7imlerde ge\u00e7mi\u015fte oldu\u011fu gibi art\u0131k klasikle\u015fen say\u0131s\u0131z usuls\u00fczl\u00fck, gasp, hileye ba\u015fvurdu. Se\u00e7im bitikten sonrada bunu g\u00f6steren onlarca g\u00f6r\u00fcnt\u00fc vb ortaya \u00e7\u0131kt\u0131. K\u00fcrdistan de ise bunu gizleme gere\u011fi bile duymad\u0131.&nbsp; Otob\u00fcslerle hayali se\u00e7men, asker ve polisleri se\u00e7im sand\u0131klar\u0131na ta\u015f\u0131d\u0131. Ancak t\u00fcm bunlara ra\u011fmen K\u00fcrt halk\u0131 iradesine sahip \u00e7\u0131kt\u0131. Kayyum atanan belediyelere yenilerini ekleyerek kazand\u0131. Bunu hazmedemeyen iktidar K\u00fcrt halk\u0131n\u0131n iradesini gasp etme pe\u015finde.<\/p>\n\n\n\n<p>Di\u011fer yanda \u00fclke genelinde 1 Mart yerel se\u00e7imlerinin kazan\u0131m\u0131 ku\u015fkusuz CHP oldu. Ancak bu elde edilen kazan\u0131ma CHP de inanmaktan zorluk \u00e7ekti, kazanman\u0131n \u015fa\u015fk\u0131nl\u0131\u011f\u0131 i\u00e7inde.<\/p>\n\n\n\n<p>Ya\u015fanan ekonomik kriz, halk\u0131n ya\u015fam g\u00fcc\u00fcn\u00fcn a\u00e7l\u0131k s\u0131n\u0131r\u0131n\u0131n alt\u0131na d\u00fc\u015fmesi, emeklilerin a\u00e7l\u0131kla y\u00fcz y\u00fcze kalmas\u0131, 22 y\u0131la a\u015fk\u0131nd\u0131r \u00fclkeyi y\u00f6neten AKP-MHP iktidar\u0131n\u0131n \u00e7etele\u015fen devlet yap\u0131s\u0131 iyice te\u015fhir oldu. Kentsel d\u00f6n\u00fc\u015f\u00fcm ad\u0131 alt\u0131nda s\u00fcrd\u00fcr\u00fclen talan rant ve halk evsiz b\u0131rak\u0131ld\u0131. Y\u0131larca eme\u011fi al\u0131n teriyle sahip olduklar\u0131 evlerinde oldular. Katledilen do\u011fa ve Erzincan\u2019da ortaya \u00e7\u0131kan do\u011fa cinayeti, do\u011fay\u0131 nas\u0131l rant\u00e7\u0131 \u00e7\u0131karlar\u0131na alet ettikleri daha \u00e7ok g\u00f6r\u00fcl\u00fcr oldu. Halka \u00fcsten bakan, onu a\u015fa\u011f\u0131layan yakla\u015f\u0131mlar\u0131, uygulad\u0131klar\u0131 ter\u00f6r, burjuva anlamda da olsa yok olan adalet duygusu, bask\u0131 artik t\u00fcm \u00e7\u0131plakl\u0131\u011f\u0131yla ortada. Ya\u015fanan Mara\u015f merkezli deprem s\u0131ras\u0131nda kitleler nezlinde ortaya \u00e7\u0131kan devletin ger\u00e7ek y\u00fcz\u00fc ve ardinda arada 1 y\u0131ldan fazla zaman ge\u00e7mesine ra\u011fmen halk\u0131n hale konteynerlerde ya\u015fam\u0131n\u0131 s\u00fcrd\u00fcrmeye \u00e7al\u0131\u015fmas\u0131. Ba\u015flat\u0131lan \u015feryat isteme kampanyalar\u0131, Milli e\u011fitim bakanl\u0131\u011f\u0131n\u0131n Diyanet ve Cemaatlerle yapt\u0131\u011f\u0131 \u201c\u00c7evreme Duyarl\u0131y\u0131m De\u011ferlerime Sahip \u00c7\u0131k\u0131yorum Projesi\u2019\u2019 ad\u0131 alt\u0131ndaki dinci dayatma\u2026<\/p>\n\n\n\n<p>Halk\u0131n ya\u015fad\u0131klar\u0131 kar\u015f\u0131s\u0131nda bug\u00fcne kadar y\u00fcr\u00fctt\u00fckleri \u0131rk\u00e7\u0131- dinci ve etnik k\u00f6kene dayal\u0131 politikalar, ter\u00f6r edebiyatlar\u0131 artik bir anlam ifade edemez hala geldi. (Bu politikalar\u0131n art\u0131k bir kar\u015f\u0131l\u0131\u011f\u0131 olmayaca\u011f\u0131 anla\u015f\u0131lmamal\u0131d\u0131r burada) Kendilerinin i\u00e7inde debelendikleri h\u0131rs\u0131zl\u0131k r\u00fc\u015fvet \u00e7ark\u0131na her se\u00e7imde halk\u0131da ortak etmeye \u00e7al\u0131\u015ft\u0131lar. \u0130nsanca bir ya\u015fam de\u011fil, muhta\u00e7 bir toplum yarat\u0131lar. Da\u011f\u0131t\u0131lan k\u00f6m\u00fcr, makarna, yard\u0131m kolileri bu se\u00e7imde de bolca da\u011f\u0131t\u0131ld\u0131 ama bir i\u015fe yaramad\u0131.<\/p>\n\n\n\n<p>K\u0131sacas\u0131 ya\u015fanan kriz ve her ge\u00e7en g\u00fcn d\u00fc\u015fen al\u0131m g\u00fcc\u00fc, halk\u0131n art\u0131k nefes alamaz hale gelmesi kar\u015f\u0131s\u0131nda \u00f6zelikle fa\u015fist \u015fef Erdo\u011fan\u2019a kar\u015f\u0131 y\u00fckselen tepki se\u00e7im \u00e7al\u0131\u015fmalar\u0131nda net olarak ortaya \u00e7\u0131kt\u0131. \u00d6yle ki bir\u00e7ok yerde se\u00e7im \u00e7al\u0131\u015fmas\u0131 y\u00fcr\u00fctenlere \u201cReysin ad\u0131n\u0131 dilend\u0131rmey\u0131n\u2026\u201d ya da adaylar\u0131n\u0131n (\u00f6zelikle \u0130zmir\u2019de) AKP amblemi ya da Erdo\u011fan\u2019\u0131n posterlerinin olmad\u0131\u011f\u0131 se\u00e7im \u00e7al\u0131\u015fmalar\u0131.<\/p>\n\n\n\n<p>T\u00fcm bu olu\u015fan tepkiler CHP de kongre sonras\u0131 de\u011fi\u015fen y\u00f6netim ve y\u00f6nelimiyle sa\u011fdan-sola kitlelerin \u00e7ekim merkezi oldu dersek yanl\u0131\u015f olmaz. Se\u00e7eneksizlik kitleleri CHP\u2019ye y\u00f6nlendirdi. Bu durum CHP\u2019nin kendisinin de beklemedi\u011fi bir y\u00f6nelim ve ba\u015far\u0131y\u0131 elde etmesine sebep oldu.<\/p>\n\n\n\n<p>Burada \u00f6ncelikle kendimize y\u00f6nelmek durumunday\u0131z. Ya\u015fanan bunca k\u00f6t\u00fcl\u00fck kar\u015f\u0131s\u0131nda T\u00fcrkiye devrimci hareketinin i\u00e7inde oldu\u011fu tasfiyecilik, devrimci dinamiklerde uzakla\u015fmas\u0131 sistem i\u00e7i aray\u0131\u015f ve sistemin se\u00e7im-parlamento hastal\u0131\u011f\u0131 solu bir alternatif olmaktan \u00e7\u0131karm\u0131\u015ft\u0131r. Bu kesim d\u0131\u015f\u0131nda kalan devrimci yap\u0131lar ise s\u00fcrecin \u00f6n\u00fcn\u00fc a\u00e7an alternatif olma \u00e7abalar\u0131nda yetersiz kalm\u0131\u015ft\u0131r.<\/p>\n\n\n\n<p>Parlamento, Cumhurba\u015fkanl\u0131\u011f\u0131 ve 31 Mart yerel se\u00e7im s\u00fcrecinde de \u00e7ok net olarak ortaya \u00e7\u0131kt\u0131 ki b\u00fcy\u00fck bir kesim \u2018sol, sosyalist\u2019 devrim iddialar\u0131nda ne kadar uzakla\u015ft\u0131klar\u0131n\u0131 ortaya koydular.<\/p>\n\n\n\n<p>Olu\u015fturulan ittifaklar ve girilen birlikteliklerin ya\u015fanan s\u00fcre\u00e7 ve halktan, onun taleplerinde \u00e7ok uzakt\u0131. M\u00fccadele gelecek vb s\u00f6ylemleri sadece birer slogan ve propagandada ibret oldu\u011fu, tamamen grupsal \u00e7\u0131karlar ve sistemin parlamentosu milletvekili ya da bir belediyeye sahip olmak her \u015fey oldu. Genel se\u00e7imlerde ittifak olanlar ittifaklar\u0131n\u0131n \u2018bu ittifak se\u00e7im eksenli de\u011fil m\u00fccadeleyi b\u00fcy\u00fctmek\u2019 eksenlidir dense de se\u00e7imlerde \u00f6yle olmad\u0131\u011f\u0131 net olarak ortaya \u00e7\u0131kt\u0131. Ard\u0131nda bu ittifaklar yerel se\u00e7imlerde nedense birbirine \u00e7elme takmadan, birbirine kar\u015f\u0131 aday \u00e7\u0131karmaya, ideolojik olarak birbirine \u00e7ok z\u0131t noktalarda olanlar \u00e7ok rahat bir araya gelebildiler. Burada K\u00fcrt siyasetinin kendi ulusal m\u00fccadelesini temel alan politikalar\u0131n\u0131 bir yere kadar anlamak gerek ama uzla\u015fmac\u0131 ya da fa\u015fist \u015fef Erdo\u011fan\u2019la diyalog aray\u0131\u015flar\u0131 ve ilkesiz ittifaklar\u0131n verdi\u011fi zararlar\u0131 g\u00f6rmek zorunda. Keza b\u00fcy\u00fck \u015fehirlerde ki K\u00fcrt kitlelerinin salt \u00f6ncelikli taleplerinin ulusal kimlik m\u00fccadelesi olmad\u0131\u011f\u0131nda.<\/p>\n\n\n\n<p>Sonu\u00e7 olarak ya\u015fanan yerel se\u00e7imlerde as\u0131l yenilgiyi AKP-MHP fa\u015fizmi ve t\u00fcr devleri ya\u015farken Sosyal reformist, yasalc\u0131 uzla\u015fmac\u0131 parti ve \u00e7evrelerinde b\u00fcy\u00fck bir yenilgi ya\u015fad\u0131\u011f\u0131 ortada. Ger\u00e7ekli\u011fi bir yanan; \u2018\u2019halk\u00e7\u0131 belediyecilik, kom\u00fcnist belediyecilik vb \u2018\u2019 bolca s\u0131ralad\u0131klar\u0131 hedeflerine ula\u015fmak bir yana bir \u00f6nceki se\u00e7imlerde elde ettikleri kazan\u0131mlar\u0131n\u0131 da kaybettiler.<\/p>\n\n\n\n<p>Bug\u00fcn kitlelerin alternatifsizlikte CHP\u2019yi tercih etmesi yukar\u0131da k\u0131saca s\u0131ralad\u0131klar\u0131m\u0131z\u0131n sonucu olarak \u00e7okta \u015fa\u015f\u0131rt\u0131c\u0131 de\u011fil.<\/p>\n\n\n\n<p>Se\u00e7im sonu\u00e7lar\u0131, bu \u015fekilde sonu\u00e7lanmas\u0131 ve belediyelerin b\u00fcy\u00fck \u00e7o\u011funlu\u011funun CHP taraf\u0131ndan kazan\u0131lm\u0131\u015f olmas\u0131 fa\u015fist sistemce halklar\u0131m\u0131za ya\u015fat\u0131lanlar\u0131n de\u011fi\u015fece\u011fi ya da yok olaca\u011f\u0131 anlam\u0131na gelmiyor. Ne emek\u00e7ilerin nede ba\u015fta K\u00fcrt halk\u0131 olmak \u00fczere \u00fclkemizde ya\u015fayan az\u0131nl\u0131klar\u0131n ne ya\u015fam ko\u015fular\u0131 neden ulusal ya da az\u0131nl\u0131k olarak ya\u015fad\u0131klar\u0131 bask\u0131, yok say\u0131lmalar\u0131 ortada kalkmayacakt\u0131r. \u00c7\u00fcnk\u00fc t\u00fcm ya\u015fananlar s\u0131n\u0131fsal, burjuvazi cephesinde ya\u015fanana i\u00e7 \u00e7eli\u015fkiler ya da de\u011fi\u015fiklikler sadece iktidar\u0131n hangi kli\u011fin elinde olaca\u011f\u0131d\u0131r.<\/p>\n\n\n\n<p>Sistem de\u011fi\u015fmedik\u00e7e egemenlerin ve onlar\u0131n s\u0131n\u0131f\u0131n\u0131 temsil eden fa\u015fist devlet ayg\u0131t\u0131n\u0131n halktan yana de\u011fi\u015fmeyece\u011fi bir ger\u00e7eklik. Egemenlerin \u00e7\u0131kar\u0131n\u0131n temsilcisi olan bu fa\u015fist sistem var olduk\u00e7a asla halklar\u0131n, ezilenlerin \u00e7\u0131kar\u0131n\u0131 temsil etmeyece\u011fidir. Dolays\u0131yla bu sistem i\u00e7inde elde edilecek yerel y\u00f6netimler ya da parlamento, milletvekillileri, sadece bir mevzi halk\u0131n \u00e7\u0131karlar\u0131n\u0131 ileri bir noktaya ta\u015f\u0131mada taktiksel birer mevzi olabilir.<\/p>\n\n\n\n<p>Sonu\u00e7 olarak t\u00fcm ya\u015fananlar da gerekli dersleri, sonu\u00e7lar \u00e7\u0131karmak ka\u00e7\u0131n\u0131lmazd\u0131r. Ama bu sonu\u00e7larda \u00e7\u0131kar\u0131lmas\u0131 gereken ders umutsuzluk ya da karamsarl\u0131k asla olamaz. Bu ya\u015fananlar bizlere as\u0131l olarak g\u00f6stermektedir ki M-L perspektifiyle devrimci m\u00fccadelede ki eksik ve yetersizliklerimizi ortaya \u00e7\u0131karmak, bunlar\u0131n h\u0131zla gidermektir. E\u011fer bug\u00fcn kitleler CHP\u2019de umut ar\u0131yorsa unutmamal\u0131y\u0131z ki bu devrim m\u00fccadelesi ve onun kitlelere umut olmay\u0131 ba\u015faramamas\u0131 ve ya\u015fad\u0131\u011f\u0131 eksik ve yetersizliklerdendir.<\/p>\n\n\n\n<p>Se\u00e7im nedeniyle ertelenen zamlar, g\u00fcndemde olan sava\u015f (\u00f6zelikle K\u00fcrt halk\u0131 ve K\u00fcrdistan\u2019a y\u00f6nelik) bask\u0131lar\u0131n daha da yo\u011funla\u015faca\u011f\u0131 ger\u00e7ekli\u011fi ortada. Fa\u015fist sistem i\u00e7inde debelendi\u011fi ekonomik-siyasal kriz onu daha \u00e7ok bask\u0131, s\u00f6m\u00fcr\u00fcy\u00fc dayatmakta.<\/p>\n\n\n\n<p>8 Mart ard\u0131nda Newroz bir kez daha kitlelerin as\u0131l y\u00f6nelimini \u00e7ok net olarak ortaya koydu. Bu y\u00f6nelimle yakla\u015fan 1 May\u0131s d\u00fcnya emek\u00e7ilerin m\u00fccadele dayan\u0131\u015fma g\u00fcn\u00fcnde bu ruhla alanlar\u0131 doldurmak ve fa\u015fizme kar\u015f\u0131 m\u00fccadele ruhunu daha ileriye ta\u015f\u0131makt\u0131r.<\/p>\n\n\n\n<p>O zaman bizlere d\u00fc\u015fen g\u00f6rev ve sorumluk h\u0131zla eksik ve yetersizliklerimizi gidermek, daha planl\u0131 programl\u0131 bir \u00e7al\u0131\u015fma i\u00e7inde olmakt\u0131r. Devrimcilikte \u0131star ve ayn\u0131 zamanda 52 y\u0131l d\u00f6n\u00fcm\u00fcnde oldu\u011fumuz K\u0131z\u0131ldere \u00e7a\u011fr\u0131s\u0131n\u0131n c\u00fcret ve ruhunu ku\u015fanmakt\u0131r.<\/p>\n\n\n\n<p>As\u0131l devrimci g\u00f6rev ve sorumluk; ger\u00e7ek kurtulu\u015fun sistemin i\u00e7inde de\u011fil onun ala\u015fa\u011f\u0131 edilmesi, devrim ve sosyalizm oldu\u011funu bilince \u00e7\u0131kar\u0131p, kitlelere kavratmakt\u0131r. Bu temelde m\u00fccadeleyi sokakta b\u00fcy\u00fctmektir\u2026<\/p>\n","protected":false},"excerpt":{"rendered":"<p>31 Mart se\u00e7imlerinin kaybedeni AKP-MHP, kazanan\u0131 CHP&#46;&#46;&#46;<\/p>\n","protected":false},"author":3,"featured_media":2958,"comment_status":"open","ping_status":"open","sticky":false,"template":"","format":"standard","meta":{"footnotes":""},"categories":[7,29],"tags":[],"manset":[],"class_list":["post-2957","post","type-post","status-publish","format-standard","has-post-thumbnail","hentry","category-makaleler","category-manset"],"amp_enabled":true,"_links":{"self":[{"href":"https:\/\/kolektifmucadele1.org\/index.php\/wp-json\/wp\/v2\/posts\/2957","targetHints":{"allow":["GET"]}}],"collection":[{"href":"https:\/\/kolektifmucadele1.org\/index.php\/wp-json\/wp\/v2\/posts"}],"about":[{"href":"https:\/\/kolektifmucadele1.org\/index.php\/wp-json\/wp\/v2\/types\/post"}],"author":[{"embeddable":true,"href":"https:\/\/kolektifmucadele1.org\/index.php\/wp-json\/wp\/v2\/users\/3"}],"replies":[{"embeddable":true,"href":"https:\/\/kolektifmucadele1.org\/index.php\/wp-json\/wp\/v2\/comments?post=2957"}],"version-history":[{"count":3,"href":"https:\/\/kolektifmucadele1.org\/index.php\/wp-json\/wp\/v2\/posts\/2957\/revisions"}],"predecessor-version":[{"id":2961,"href":"https:\/\/kolektifmucadele1.org\/index.php\/wp-json\/wp\/v2\/posts\/2957\/revisions\/2961"}],"wp:featuredmedia":[{"embeddable":true,"href":"https:\/\/kolektifmucadele1.org\/index.php\/wp-json\/wp\/v2\/media\/2958"}],"wp:attachment":[{"href":"https:\/\/kolektifmucadele1.org\/index.php\/wp-json\/wp\/v2\/media?parent=2957"}],"wp:term":[{"taxonomy":"category","embeddable":true,"href":"https:\/\/kolektifmucadele1.org\/index.php\/wp-json\/wp\/v2\/categories?post=2957"},{"taxonomy":"post_tag","embeddable":true,"href":"https:\/\/kolektifmucadele1.org\/index.php\/wp-json\/wp\/v2\/tags?post=2957"},{"taxonomy":"manset","embeddable":true,"href":"https:\/\/kolektifmucadele1.org\/index.php\/wp-json\/wp\/v2\/manset?post=2957"}],"curies":[{"name":"wp","href":"https:\/\/api.w.org\/{rel}","templated":true}]}}