{"id":3024,"date":"2024-04-12T22:57:19","date_gmt":"2024-04-12T19:57:19","guid":{"rendered":"https:\/\/kolektifmucadele1.org\/?p=3024"},"modified":"2024-04-12T22:57:20","modified_gmt":"2024-04-12T19:57:20","slug":"yahudi-yerlesimciler-filistinin-mugir-beldesine-saldirdi-1-olu-18-yarali","status":"publish","type":"post","link":"https:\/\/kolektifmucadele1.org\/index.php\/2024\/04\/12\/yahudi-yerlesimciler-filistinin-mugir-beldesine-saldirdi-1-olu-18-yarali\/","title":{"rendered":"Yahudi yerle\u015fimciler, Filistin&#8217;in Mu\u011fir beldesine sald\u0131rd\u0131: 1 \u00f6l\u00fc, 18 yaral\u0131"},"content":{"rendered":"\n<p>Filistin topraklar\u0131n\u0131 i\u015fgal ederek yasa d\u0131\u015f\u0131 yerle\u015fim yerleri kuran Yahudi yerle\u015fimciler, \u0130srail i\u015fgali alt\u0131ndaki Filistin&#8217;in Bat\u0131 \u015eeria b\u00f6lgesinde Mu\u011fir beldesine bask\u0131n d\u00fczenledi.Play Video<\/p>\n\n\n\n<p>Anadolu Ajans\u0131&#8217;n\u0131n haberine g\u00f6re,&nbsp;Filistin Sa\u011fl\u0131k Bakanl\u0131\u011f\u0131&#8217;ndan yap\u0131lan a\u00e7\u0131klamada, Ramallah&#8217;taki Filistin T\u0131p Kompleksi&#8217;ne Mu\u011fir beldesindeki sald\u0131r\u0131da hayat\u0131n\u0131 kaybeden 1 ki\u015finin naa\u015f\u0131n\u0131n getirildi\u011fi aktar\u0131ld\u0131.&nbsp;A\u00e7\u0131klamada, yaral\u0131 18 ki\u015finin de Ramallah&#8217;taki farkl\u0131 hastanelerde tedavi alt\u0131na al\u0131nd\u0131\u011f\u0131 belirtildi.<\/p>\n\n\n\n<p>Filistin K\u0131z\u0131lay\u0131&#8217;ndan yap\u0131lan a\u00e7\u0131klamada ise hafif ve a\u011f\u0131r yaralanan Filistinlilerin bir\u00e7o\u011funun ger\u00e7ek mermiyle hedef al\u0131nd\u0131\u011f\u0131 kaydedildi.&nbsp;A\u00e7\u0131klamada, b\u00f6lgeye 11 ambulans\u0131n y\u00f6nlendirildi\u011fi ancak ambulanslara ate\u015f a\u00e7\u0131ld\u0131\u011f\u0131 ifade edildi.<\/p>\n\n\n\n<p>Mu\u011fir Beldesi Konsey Ba\u015fkan\u0131 Emin Ebu Ulya, AA&#8217;ya yapt\u0131\u011f\u0131 a\u00e7\u0131klamada, onlarca Yahudi yerle\u015fimcinin beldenin do\u011fusundan bask\u0131n d\u00fczenledi\u011fini s\u00f6yledi.&nbsp;Ulya, yerle\u015fimcilerin \u00e7ok say\u0131da eve ate\u015f etti\u011fini dile getirdi.<\/p>\n\n\n\n<p>Yerle\u015fimcilerin de \u0130srail g\u00fc\u00e7lerinin korumas\u0131nda Mu\u011fir beldesi giri\u015finde durdu\u011funu kaydeden Ulya, b\u00f6lgede endi\u015fe ve gerginli\u011fin hakim oldu\u011funu aktard\u0131.<\/p>\n\n\n\n<p>Yahudi yerle\u015fimcilerin beldedeki evlere rastgele ate\u015f a\u00e7t\u0131\u011f\u0131n\u0131 s\u00f6yleyen g\u00f6rg\u00fc tan\u0131klar\u0131 da yerle\u015fimcilerin \u0130srail polisinin korumas\u0131nda belde \u00e7evresinde dola\u015fmaya devam etti\u011fini dile getirdi.<\/p>\n\n\n\n<p>\u0130srail ordusu da Mu\u011fir beldesinde Yahudi yerle\u015fimciler ile Filistinliler aras\u0131nda ya\u015fanan olaylar s\u0131ras\u0131nda 3 askerinin yaraland\u0131\u011f\u0131n\u0131 duyurdu.<\/p>\n\n\n\n<p>\u0130srail ordusunun Gazze \u015eeridi&#8217;ne sald\u0131r\u0131 ba\u015flatt\u0131\u011f\u0131 7 Ekim 2023&#8217;ten bu yana i\u015fgal alt\u0131ndaki Bat\u0131 \u015eeria ve Do\u011fu Kud\u00fcs&#8217;te \u0130srail askerleri ile Yahudi yerle\u015fimcilerin Filistinlilere y\u00f6nelik bask\u0131n ve sald\u0131r\u0131lar\u0131nda art\u0131\u015f ya\u015fan\u0131yor.<\/p>\n\n\n\n<p>Bat\u0131 \u015eeria ve Do\u011fu Kud\u00fcs&#8217;te 7 Ekim&#8217;den bu yana \u0130srail askerleri ile yasa d\u0131\u015f\u0131 Yahudi yerle\u015fimcilerin sald\u0131r\u0131lar\u0131nda 462 Filistinli hayat\u0131n\u0131 kaybetti, 8 binden fazla Filistinli g\u00f6zalt\u0131na al\u0131nd\u0131.<\/p>\n","protected":false},"excerpt":{"rendered":"<p>Filistin topraklar\u0131n\u0131 i\u015fgal ederek yasa d\u0131\u015f\u0131 yerle\u015fim&#46;&#46;&#46;<\/p>\n","protected":false},"author":3,"featured_media":3025,"comment_status":"open","ping_status":"open","sticky":false,"template":"","format":"standard","meta":{"footnotes":""},"categories":[11],"tags":[],"manset":[],"class_list":["post-3024","post","type-post","status-publish","format-standard","has-post-thumbnail","hentry","category-dunya"],"amp_enabled":true,"_links":{"self":[{"href":"https:\/\/kolektifmucadele1.org\/index.php\/wp-json\/wp\/v2\/posts\/3024","targetHints":{"allow":["GET"]}}],"collection":[{"href":"https:\/\/kolektifmucadele1.org\/index.php\/wp-json\/wp\/v2\/posts"}],"about":[{"href":"https:\/\/kolektifmucadele1.org\/index.php\/wp-json\/wp\/v2\/types\/post"}],"author":[{"embeddable":true,"href":"https:\/\/kolektifmucadele1.org\/index.php\/wp-json\/wp\/v2\/users\/3"}],"replies":[{"embeddable":true,"href":"https:\/\/kolektifmucadele1.org\/index.php\/wp-json\/wp\/v2\/comments?post=3024"}],"version-history":[{"count":1,"href":"https:\/\/kolektifmucadele1.org\/index.php\/wp-json\/wp\/v2\/posts\/3024\/revisions"}],"predecessor-version":[{"id":3026,"href":"https:\/\/kolektifmucadele1.org\/index.php\/wp-json\/wp\/v2\/posts\/3024\/revisions\/3026"}],"wp:featuredmedia":[{"embeddable":true,"href":"https:\/\/kolektifmucadele1.org\/index.php\/wp-json\/wp\/v2\/media\/3025"}],"wp:attachment":[{"href":"https:\/\/kolektifmucadele1.org\/index.php\/wp-json\/wp\/v2\/media?parent=3024"}],"wp:term":[{"taxonomy":"category","embeddable":true,"href":"https:\/\/kolektifmucadele1.org\/index.php\/wp-json\/wp\/v2\/categories?post=3024"},{"taxonomy":"post_tag","embeddable":true,"href":"https:\/\/kolektifmucadele1.org\/index.php\/wp-json\/wp\/v2\/tags?post=3024"},{"taxonomy":"manset","embeddable":true,"href":"https:\/\/kolektifmucadele1.org\/index.php\/wp-json\/wp\/v2\/manset?post=3024"}],"curies":[{"name":"wp","href":"https:\/\/api.w.org\/{rel}","templated":true}]}}