{"id":3027,"date":"2024-04-14T00:41:47","date_gmt":"2024-04-13T21:41:47","guid":{"rendered":"https:\/\/kolektifmucadele1.org\/?p=3027"},"modified":"2024-04-14T00:41:48","modified_gmt":"2024-04-13T21:41:48","slug":"iran-israile-kapsamli-saldiri-baslatti","status":"publish","type":"post","link":"https:\/\/kolektifmucadele1.org\/index.php\/2024\/04\/14\/iran-israile-kapsamli-saldiri-baslatti\/","title":{"rendered":"\u0130ran, \u0130srail\u2019e kapsaml\u0131 sald\u0131r\u0131 ba\u015flatt\u0131"},"content":{"rendered":"\n<p>\u0130ran, \u0130srail\u2019in ba\u015fkenti Tel Aviv\u2019de bulunan hedeflere bir dizi insans\u0131z hava arac\u0131 (\u0130HA) g\u00f6ndererek sald\u0131r\u0131 ba\u015flatt\u0131. Kanal 12 televizyonuna g\u00f6re, Cumartesi g\u00fcn\u00fc ger\u00e7ekle\u015fen sald\u0131r\u0131da \u0130HA\u2019lar\u0131n hedeflerine ula\u015fmas\u0131 saatler s\u00fcrebilir.<\/p>\n\n\n\n<p>\u0130ran\u2019\u0131n bu sald\u0131r\u0131da kulland\u0131\u011f\u0131 \u0130HA\u2019lar\u0131n her biri 20 kilograml\u0131k patlay\u0131c\u0131larla donat\u0131lm\u0131\u015f durumda. \u0130srail, hava savunma sistemlerinin bu \u0130HA\u2019lar\u0131 etkisiz hale getirmek i\u00e7in haz\u0131r konumda oldu\u011funu duyurdu.<\/p>\n\n\n\n<p>Beyaz Saray\u2019dan yap\u0131lan a\u00e7\u0131klamada, \u0130ran\u2019\u0131n \u0130srail\u2019e y\u00f6nelik muhtemel hava sald\u0131r\u0131s\u0131n\u0131n yak\u0131n zamanda ger\u00e7ekle\u015fece\u011fi vurgulanm\u0131\u015ft\u0131. Ulusal G\u00fcvenlik Konseyi s\u00f6zc\u00fcs\u00fc Adrienne Watson, ABD Ba\u015fkan\u0131 Joe Biden\u2019\u0131n s\u00fcrekli olarak bilgilendirildi\u011fini ve \u0130srailli yetkililerle s\u00fcrekli ileti\u015fim halinde oldu\u011funu vurgulad\u0131.<\/p>\n\n\n\n<p>\u0130ran\u2019\u0131n sald\u0131r\u0131s\u0131yla ilgili olarak \u00dcrd\u00fcn\u2019\u00fcn hava savunma sistemleri de aktif hale getirilmi\u015f durumda. \u00dcrd\u00fcn ordusu, hava sahas\u0131n\u0131 ihlal eden herhangi bir \u0130ran \u0130HA\u2019s\u0131n\u0131 veya u\u00e7a\u011f\u0131n\u0131 durdurma yetene\u011fine sahip.<\/p>\n\n\n\n<p>\u0130ran\u2019\u0131n dini lideri Ali Hamaney, sald\u0131r\u0131n\u0131n ard\u0131ndan \u0130ngilizce bir a\u00e7\u0131klama yaparak \u201cK\u00f6t\u00fc niyetli Siyonist rejim cezaland\u0131r\u0131lacakt\u0131r\u201d dedi.<\/p>\n\n\n\n<p>\u0130srail Ba\u015fbakan\u0131 Benyamin Netanyahu, Tahran\u2019\u0131n misilleme yapaca\u011f\u0131 uyar\u0131s\u0131n\u0131n ard\u0131ndan \u0130srail\u2019in do\u011frudan bir sald\u0131r\u0131ya kar\u015f\u0131 haz\u0131r oldu\u011funu duyurdu. Netanyahu, ABD ve di\u011fer \u00fclkelerin deste\u011fine g\u00fcvendi\u011fini belirtti.<\/p>\n\n\n\n<p>\u0130srail Savunma Bakan\u0131 Yoav Gallant da \u0130ran ve m\u00fcttefiklerinin \u00fclkeye y\u00f6nelik sald\u0131r\u0131 plan\u0131n\u0131 yak\u0131ndan takip ettiklerini ifade etti.<\/p>\n\n\n\n<p>\u0130srail ordusu, halk\u0131 potansiyel tehditlere kar\u015f\u0131 uyard\u0131 ve s\u0131\u011f\u0131naklara inmelerini \u00f6nerdi. \u0130ran\u2019\u0131n misilleme sald\u0131r\u0131s\u0131na kar\u015f\u0131 sava\u015f u\u00e7aklar\u0131 da havaland\u0131r\u0131ld\u0131.<\/p>\n\n\n\n<p>\u0130srail D\u0131\u015fi\u015fleri Bakan\u0131 Israel Katz, \u0130srail\u2019in do\u011fu kom\u015fusu \u00dcrd\u00fcn\u2019\u00fcn hava sahas\u0131n\u0131 kapatma karar\u0131n\u0131n ard\u0131ndan Macaristan ve Avusturya\u2019ya yapmay\u0131 planlad\u0131\u011f\u0131 ziyareti erteledi.<\/p>\n\n\n\n<p>\u0130ran\u2019\u0131n \u0130srail B\u00fcy\u00fckel\u00e7ilik yerle\u015fkesine d\u00fczenledi\u011fi sald\u0131r\u0131, \u0130srail ordusu taraf\u0131ndan do\u011frudan \u0130ran topraklar\u0131ndan d\u00fczenlendi\u011fi a\u00e7\u0131klamas\u0131yla dikkat \u00e7ekti.<\/p>\n\n\n\n<p>\u0130ran\u2019\u0131n sald\u0131r\u0131s\u0131na kar\u015f\u0131 \u0130srail\u2019in tepkisi sert oldu. Ba\u015fbakan Netanyahu\u2019nun liderli\u011finde sava\u015f kabinesi toplanacak. \u0130ran\u2019\u0131n \u0130HA\u2019lar\u0131n\u0131n \u0130srail\u2019e ula\u015fmas\u0131 beklenirken f\u00fczelerin daha h\u0131zl\u0131 olaca\u011f\u0131 belirtiliyor.<\/p>\n\n\n\n<p>\u0130srail\u2019in en b\u00fcy\u00fck televizyon kanal\u0131, \u0130ran sald\u0131r\u0131s\u0131nda yakla\u015f\u0131k 100 \u0130HA ve seyir f\u00fczesinin kullan\u0131ld\u0131\u011f\u0131n\u0131, baz\u0131lar\u0131n\u0131n ise \u00dcrd\u00fcn veya Suriye \u00fczerinde d\u00fc\u015f\u00fcr\u00fcld\u00fc\u011f\u00fcn\u00fc iddia etti.<\/p>\n\n\n\n<p>\u0130ran\u2019\u0131n K\u00fcrdistan B\u00f6lgesel Y\u00f6netimi\u2019nin S\u00fcleymaniye b\u00f6lgesi \u00fczerinde hareket etti\u011fi bildiriliyor. Irak ve \u00dcrd\u00fcn, \u0130ran\u2019\u0131n sald\u0131r\u0131s\u0131n\u0131n ard\u0131ndan hava sahalar\u0131n\u0131 t\u00fcm u\u00e7u\u015flara kapatt\u0131.<\/p>\n\n\n\n<p>B\u00f6lgesel t\u0131rman\u0131\u015f nedeniyle, \u0130srail\u2019in kom\u015fusu Suriye\u2019de de teyakkuza ge\u00e7ildi. ABD Ba\u015fkan\u0131 Joe Biden, sald\u0131r\u0131n\u0131n ard\u0131ndan ulusal g\u00fcvenlik yetkilileriyle toplant\u0131 yapacak.<\/p>\n\n\n\n<p>Payla\u015f<\/p>\n\n\n\n<ul class=\"wp-block-list\">\n<li><a href=\"http:\/\/www.facebook.com\/sharer.php?u=https:\/\/alinteri9.org\/?p=70168\" rel=\"noreferrer noopener\" target=\"_blank\"><\/a><\/li>\n<\/ul>\n<\/p>","protected":false},"excerpt":{"rendered":"<p>\u0130ran, \u0130srail\u2019in ba\u015fkenti Tel Aviv\u2019de bulunan hedeflere&#46;&#46;&#46;<\/p>\n","protected":false},"author":3,"featured_media":3028,"comment_status":"open","ping_status":"open","sticky":false,"template":"","format":"standard","meta":{"footnotes":""},"categories":[11],"tags":[],"manset":[],"class_list":["post-3027","post","type-post","status-publish","format-standard","has-post-thumbnail","hentry","category-dunya"],"amp_enabled":true,"_links":{"self":[{"href":"https:\/\/kolektifmucadele1.org\/index.php\/wp-json\/wp\/v2\/posts\/3027","targetHints":{"allow":["GET"]}}],"collection":[{"href":"https:\/\/kolektifmucadele1.org\/index.php\/wp-json\/wp\/v2\/posts"}],"about":[{"href":"https:\/\/kolektifmucadele1.org\/index.php\/wp-json\/wp\/v2\/types\/post"}],"author":[{"embeddable":true,"href":"https:\/\/kolektifmucadele1.org\/index.php\/wp-json\/wp\/v2\/users\/3"}],"replies":[{"embeddable":true,"href":"https:\/\/kolektifmucadele1.org\/index.php\/wp-json\/wp\/v2\/comments?post=3027"}],"version-history":[{"count":1,"href":"https:\/\/kolektifmucadele1.org\/index.php\/wp-json\/wp\/v2\/posts\/3027\/revisions"}],"predecessor-version":[{"id":3029,"href":"https:\/\/kolektifmucadele1.org\/index.php\/wp-json\/wp\/v2\/posts\/3027\/revisions\/3029"}],"wp:featuredmedia":[{"embeddable":true,"href":"https:\/\/kolektifmucadele1.org\/index.php\/wp-json\/wp\/v2\/media\/3028"}],"wp:attachment":[{"href":"https:\/\/kolektifmucadele1.org\/index.php\/wp-json\/wp\/v2\/media?parent=3027"}],"wp:term":[{"taxonomy":"category","embeddable":true,"href":"https:\/\/kolektifmucadele1.org\/index.php\/wp-json\/wp\/v2\/categories?post=3027"},{"taxonomy":"post_tag","embeddable":true,"href":"https:\/\/kolektifmucadele1.org\/index.php\/wp-json\/wp\/v2\/tags?post=3027"},{"taxonomy":"manset","embeddable":true,"href":"https:\/\/kolektifmucadele1.org\/index.php\/wp-json\/wp\/v2\/manset?post=3027"}],"curies":[{"name":"wp","href":"https:\/\/api.w.org\/{rel}","templated":true}]}}