{"id":3042,"date":"2024-04-15T00:25:07","date_gmt":"2024-04-14T21:25:07","guid":{"rendered":"https:\/\/kolektifmucadele1.org\/?p=3042"},"modified":"2024-04-15T00:25:09","modified_gmt":"2024-04-14T21:25:09","slug":"israil-ordusu-gazzenin-kuzeyine-donmek-isteyen-filistinlilere-saldirdi","status":"publish","type":"post","link":"https:\/\/kolektifmucadele1.org\/index.php\/2024\/04\/15\/israil-ordusu-gazzenin-kuzeyine-donmek-isteyen-filistinlilere-saldirdi\/","title":{"rendered":"\u0130srail ordusu, Gazze&#8217;nin kuzeyine d\u00f6nmek isteyen Filistinlilere sald\u0131rd\u0131"},"content":{"rendered":"\n<p>Gazze \u015eeridi&#8217;nin kuzeyindeki evlerine d\u00f6nmek i\u00e7in yola \u00e7\u0131kan y\u00fczlerce Filistinli&#8217;nin, \u0130srail ordusunun top at\u0131\u015flar\u0131na maruz kalmas\u0131 sonucu 1&#8217;i kad\u0131n 5 ki\u015fi \u00f6ld\u00fc, onlarca ki\u015fi yaraland\u0131.<\/p>\n\n\n\n<p>Re\u015fid Caddesi boyunca y\u00fcr\u00fcyen y\u00fczlerce Filistinli, \u0130srail&#8217;in sald\u0131r\u0131lar\u0131na maruz kald\u0131. Hastane kaynaklar\u0131ndan al\u0131nan bilgiye g\u00f6re, geri d\u00f6nmeye \u00e7al\u0131\u015fan Filistinli sivillerden 1&#8217;i kad\u0131n 5 ki\u015fi hayat\u0131n\u0131 kaybetti, onlar ki\u015fi yaraland\u0131.<\/p>\n\n\n\n<p>G\u00f6rg\u00fc tan\u0131klar\u0131, \u0130srail ordusunun sald\u0131r\u0131lar\u0131na ra\u011fmen baz\u0131 ailelerin, Gazze Vadisi K\u00f6pr\u00fcs\u00fc&#8217;nde bekledi\u011fini s\u00f6yledi.<\/p>\n\n\n\n<p>\u0130srail Ordu S\u00f6zc\u00fcs\u00fc Avichay Adraee de X sosyal medya platformundan yapt\u0131\u011f\u0131 a\u00e7\u0131klamada, &#8220;\u0130srail ordusunun Filistinlilerin Gazze \u015eeridi&#8217;nin kuzeyine d\u00f6n\u00fc\u015f\u00fcne izin verdi\u011fi y\u00f6n\u00fcndeki haberlerin tamamen as\u0131ls\u0131z oldu\u011funu&#8221; s\u00f6yledi.<\/p>\n\n\n\n<p>Adraee, &#8220;Gazze&#8217;nin kuzeyi hen\u00fcz bir sava\u015f alan\u0131, b\u00f6lgeye geri d\u00f6n\u00fc\u015fe izin vermeyece\u011fiz&#8221; ifadelerini kulland\u0131.<\/p>\n","protected":false},"excerpt":{"rendered":"<p>Gazze \u015eeridi&#8217;nin kuzeyindeki evlerine d\u00f6nmek i\u00e7in yola&#46;&#46;&#46;<\/p>\n","protected":false},"author":3,"featured_media":3043,"comment_status":"open","ping_status":"open","sticky":false,"template":"","format":"standard","meta":{"footnotes":""},"categories":[11],"tags":[],"manset":[],"class_list":["post-3042","post","type-post","status-publish","format-standard","has-post-thumbnail","hentry","category-dunya"],"amp_enabled":true,"_links":{"self":[{"href":"https:\/\/kolektifmucadele1.org\/index.php\/wp-json\/wp\/v2\/posts\/3042","targetHints":{"allow":["GET"]}}],"collection":[{"href":"https:\/\/kolektifmucadele1.org\/index.php\/wp-json\/wp\/v2\/posts"}],"about":[{"href":"https:\/\/kolektifmucadele1.org\/index.php\/wp-json\/wp\/v2\/types\/post"}],"author":[{"embeddable":true,"href":"https:\/\/kolektifmucadele1.org\/index.php\/wp-json\/wp\/v2\/users\/3"}],"replies":[{"embeddable":true,"href":"https:\/\/kolektifmucadele1.org\/index.php\/wp-json\/wp\/v2\/comments?post=3042"}],"version-history":[{"count":1,"href":"https:\/\/kolektifmucadele1.org\/index.php\/wp-json\/wp\/v2\/posts\/3042\/revisions"}],"predecessor-version":[{"id":3044,"href":"https:\/\/kolektifmucadele1.org\/index.php\/wp-json\/wp\/v2\/posts\/3042\/revisions\/3044"}],"wp:featuredmedia":[{"embeddable":true,"href":"https:\/\/kolektifmucadele1.org\/index.php\/wp-json\/wp\/v2\/media\/3043"}],"wp:attachment":[{"href":"https:\/\/kolektifmucadele1.org\/index.php\/wp-json\/wp\/v2\/media?parent=3042"}],"wp:term":[{"taxonomy":"category","embeddable":true,"href":"https:\/\/kolektifmucadele1.org\/index.php\/wp-json\/wp\/v2\/categories?post=3042"},{"taxonomy":"post_tag","embeddable":true,"href":"https:\/\/kolektifmucadele1.org\/index.php\/wp-json\/wp\/v2\/tags?post=3042"},{"taxonomy":"manset","embeddable":true,"href":"https:\/\/kolektifmucadele1.org\/index.php\/wp-json\/wp\/v2\/manset?post=3042"}],"curies":[{"name":"wp","href":"https:\/\/api.w.org\/{rel}","templated":true}]}}