{"id":3054,"date":"2024-04-16T21:46:15","date_gmt":"2024-04-16T18:46:15","guid":{"rendered":"https:\/\/kolektifmucadele1.org\/?p=3054"},"modified":"2024-04-16T21:46:16","modified_gmt":"2024-04-16T18:46:16","slug":"sifa-hastanesinde-toplu-mezar-bulundu","status":"publish","type":"post","link":"https:\/\/kolektifmucadele1.org\/index.php\/2024\/04\/16\/sifa-hastanesinde-toplu-mezar-bulundu\/","title":{"rendered":"\u015eifa Hastanesinde toplu mezar bulundu"},"content":{"rendered":"\n<p>\u0130srail ordusunun bask\u0131n d\u00fczenleyerek harabeye \u00e7evirdi\u011fi Gazze kentindeki \u015eifa Hastanesi avlusunda toplu mezar bulundu.<\/p>\n\n\n\n<p>Gazze Sa\u011fl\u0131k Bakanl\u0131\u011f\u0131 Acil Durum Komitesi \u00dcyesi Mutas\u0131m Salah, yapt\u0131\u011f\u0131 a\u00e7\u0131klamada \u201c\u0130lk toplu mezar, hastanenin \u00f6n bah\u00e7esinde g\u00f6m\u00fcl\u00fc 10 cesetin bulunmas\u0131n\u0131n ard\u0131ndan ortaya \u00e7\u0131kt\u0131. Cesetlerin bir k\u0131sm\u0131 \u00e7\u00fcr\u00fcm\u00fc\u015f durumda, bir k\u0131sm\u0131 da v\u00fccut par\u00e7alar\u0131ndan ibaret ve baz\u0131 cesetler kad\u0131nlara ait.\u201d dedi. Salah, kimlik tespiti ve hukuki i\u015flemlerin tamamlanmas\u0131n\u0131n ard\u0131ndan cesetlerin defnedilece\u011fini kaydetti.<\/p>\n\n\n\n<p>AA\u2019ya konu\u015fan ve hastanenin avlusunun \u00e7e\u015fitli yerlerinde onlarca \u00e7\u00fcr\u00fcm\u00fc\u015f, yanm\u0131\u015f, kesilmi\u015f, toplu veya tek ba\u015f\u0131na g\u00f6m\u00fclm\u00fc\u015f cesede rastland\u0131\u011f\u0131n\u0131 bildiren sa\u011fl\u0131k kaynaklar\u0131, hastanenin avlusunda ve \u00e7evresinde arama \u00e7al\u0131\u015fmalar\u0131n\u0131 s\u00fcrd\u00fcrd\u00fc\u011f\u00fcn\u00fc, g\u00f6m\u00fcl\u00fc cesetlerin say\u0131s\u0131n\u0131n kesin olarak belirlenmesinin hen\u00fcz m\u00fcmk\u00fcn olmad\u0131\u011f\u0131n\u0131 anlatt\u0131.<\/p>\n\n\n\n<p>Hamas\u2019tan yap\u0131lan a\u00e7\u0131klamada ise \u0130srail\u2019in \u201cUtan\u00e7 verici uluslararas\u0131 sessizlikten faydalanarak s\u00fcrd\u00fcrd\u00fc\u011f\u00fc i\u011fren\u00e7 uygulamalar\u0131n\u0131n s\u0131n\u0131r\u0131 olmad\u0131\u011f\u0131\u201d kaydedildi. \u015eifa Hastanesi ve \u00e7evresinde ortaya \u00e7\u0131kar\u0131lan durumun, uluslararas\u0131 kurumlara g\u00f6re sava\u015f su\u00e7u te\u015fkil etti\u011fi vurguland\u0131. A\u00e7\u0131klamada, \u201cUluslararas\u0131 kurumlardan, bu sapk\u0131n olu\u015fumun (\u0130srail) liderlerinden derhal hesap sorarak rollerini i\u015flevsel hale getirmeleri beklenmektedir\u201d ifadesi kullan\u0131ld\u0131.<\/p>\n\n\n\n<p>Sivil Savunma Birimi S\u00f6zc\u00fcs\u00fc Mahmud Basal, 9 Nisan\u2019da, \u0130srail ordusunun \u00e7ekilmesinin ard\u0131ndan g\u00fcneydeki Han Yunus kenti ile Gazze\u2019deki \u015eifa Hastanesi ve \u00e7evresinden 409 cesedin \u00e7\u0131kar\u0131ld\u0131\u011f\u0131n\u0131, arama \u00e7al\u0131\u015fmalar\u0131n\u0131n s\u00fcrd\u00fcr\u00fcld\u00fc\u011f\u00fcn\u00fc duyurmu\u015ftu.<\/p>\n\n\n\n<p>Gazze h\u00fck\u00fcmeti, \u0130srail g\u00fc\u00e7lerinin \u015eifa Hastanesi ve \u00e7evresinde 400\u2019den fazla Filistinliyi \u00f6ld\u00fcrd\u00fc\u011f\u00fcn\u00fc, 900\u2019den fazlas\u0131n\u0131 al\u0131koydu\u011funu ve 1050 evi y\u0131kt\u0131\u011f\u0131n\u0131 duyurmu\u015ftu.<\/p>\n","protected":false},"excerpt":{"rendered":"<p>\u0130srail ordusunun bask\u0131n d\u00fczenleyerek harabeye \u00e7evirdi\u011fi Gazze&#46;&#46;&#46;<\/p>\n","protected":false},"author":3,"featured_media":3055,"comment_status":"open","ping_status":"open","sticky":false,"template":"","format":"standard","meta":{"footnotes":""},"categories":[11],"tags":[],"manset":[],"class_list":["post-3054","post","type-post","status-publish","format-standard","has-post-thumbnail","hentry","category-dunya"],"amp_enabled":true,"_links":{"self":[{"href":"https:\/\/kolektifmucadele1.org\/index.php\/wp-json\/wp\/v2\/posts\/3054","targetHints":{"allow":["GET"]}}],"collection":[{"href":"https:\/\/kolektifmucadele1.org\/index.php\/wp-json\/wp\/v2\/posts"}],"about":[{"href":"https:\/\/kolektifmucadele1.org\/index.php\/wp-json\/wp\/v2\/types\/post"}],"author":[{"embeddable":true,"href":"https:\/\/kolektifmucadele1.org\/index.php\/wp-json\/wp\/v2\/users\/3"}],"replies":[{"embeddable":true,"href":"https:\/\/kolektifmucadele1.org\/index.php\/wp-json\/wp\/v2\/comments?post=3054"}],"version-history":[{"count":1,"href":"https:\/\/kolektifmucadele1.org\/index.php\/wp-json\/wp\/v2\/posts\/3054\/revisions"}],"predecessor-version":[{"id":3056,"href":"https:\/\/kolektifmucadele1.org\/index.php\/wp-json\/wp\/v2\/posts\/3054\/revisions\/3056"}],"wp:featuredmedia":[{"embeddable":true,"href":"https:\/\/kolektifmucadele1.org\/index.php\/wp-json\/wp\/v2\/media\/3055"}],"wp:attachment":[{"href":"https:\/\/kolektifmucadele1.org\/index.php\/wp-json\/wp\/v2\/media?parent=3054"}],"wp:term":[{"taxonomy":"category","embeddable":true,"href":"https:\/\/kolektifmucadele1.org\/index.php\/wp-json\/wp\/v2\/categories?post=3054"},{"taxonomy":"post_tag","embeddable":true,"href":"https:\/\/kolektifmucadele1.org\/index.php\/wp-json\/wp\/v2\/tags?post=3054"},{"taxonomy":"manset","embeddable":true,"href":"https:\/\/kolektifmucadele1.org\/index.php\/wp-json\/wp\/v2\/manset?post=3054"}],"curies":[{"name":"wp","href":"https:\/\/api.w.org\/{rel}","templated":true}]}}