{"id":3095,"date":"2024-04-23T22:11:36","date_gmt":"2024-04-23T19:11:36","guid":{"rendered":"https:\/\/kolektifmucadele1.org\/?p=3095"},"modified":"2024-04-23T22:11:37","modified_gmt":"2024-04-23T19:11:37","slug":"abd-universitelerinde-filistinle-dayanisma-saldiri-altinda","status":"publish","type":"post","link":"https:\/\/kolektifmucadele1.org\/index.php\/2024\/04\/23\/abd-universitelerinde-filistinle-dayanisma-saldiri-altinda\/","title":{"rendered":"ABD \u00fcniversitelerinde \u2018Filistin\u2019le dayan\u0131\u015fma\u2019 sald\u0131r\u0131 alt\u0131nda"},"content":{"rendered":"\n<p>Aralar\u0131nda Yale, New York (NYU) ve Columbia \u00dcniversitesinin de bulundu\u011fu ABD\u2019nin \u00f6nde gelen \u00fcniversite kamp\u00fcsleri Filistin halk\u0131yla dayan\u0131\u015fma eylemleriyle g\u00fcndemde. Eylemler yeni kamp\u00fcslere yay\u0131l\u0131rken, \u00fcniversite y\u00f6netimlerinin talebiyle \u00f6\u011frenci ve \u00f6\u011fretim \u00fcyeleri g\u00f6zalt\u0131na al\u0131n\u0131yor. ABD Ba\u015fkan\u0131 Biden de \u00f6\u011frencileri hedef ald\u0131.<\/p>\n\n\n\n<p>NASIL BA\u015eLADI?<\/p>\n\n\n\n<p>Ge\u00e7ti\u011fimiz hafta \u00e7ar\u015famba g\u00fcn\u00fc Columbia \u00dcniversitesinde Filistin yanl\u0131s\u0131 100\u2019den fazla \u00f6\u011frencinin g\u00f6zalt\u0131na al\u0131nmas\u0131n\u0131n ard\u0131ndan, \u00f6\u011frenci ve gen\u00e7lerden olu\u015fan ve giderek b\u00fcy\u00fcyen bir hareket ABD\u2019nin d\u00f6rt bir yan\u0131ndaki \u00fcniversitelere yay\u0131ld\u0131.<\/p>\n\n\n\n<p>Cuma g\u00fcn\u00fc Connecticut eyaletinin New Haven kentinde bulunan Yale \u00dcniversitesinden y\u00fczlerce \u00f6\u011frenci \u00fcniversite kamp\u00fcs\u00fcnde bir protesto kamp\u0131 kurdu. \u00d6\u011frenciler, Yale\u2019in \u0130srail savunma kuvvetlerine (IDF) tedarik sa\u011flayan askeri silah ve \u00fcreticilere yapt\u0131\u011f\u0131 yat\u0131r\u0131mlar\u0131 a\u00e7\u0131klamas\u0131n\u0131 ve bu yat\u0131r\u0131mlar\u0131 elden \u00e7\u0131karmas\u0131n\u0131 talep ediyor.<\/p>\n\n\n\n<p>Pazartesi sabah\u0131 New York \u00dcniversitesinin (NYU) yan\u0131 s\u0131ra Boston b\u00f6lgesindeki Emerson College, Massachusetts Teknoloji Enstit\u00fcs\u00fc (MIT) ve Tufts \u00dcniversitesi gibi \u00fcniversitelerde de benzer g\u00f6steriler d\u00fczenlendi.<\/p>\n\n\n\n<p>\u00d6\u011frenciler pazartesi g\u00fcn\u00fc Maryland \u00dcniversitesi kamp\u00fcs\u00fcnde de kamp kurdu. Michigan \u00dcniversitesinde birka\u00e7 d\u00fczine \u00f6\u011frenci kamp\u00fcs\u00fcn ortas\u0131ndaki a\u00e7\u0131k alan\u0131 i\u015fgal ederek protesto kamp\u0131 olu\u015fturdu. Berkeley\u2019deki Kaliforniya \u00dcniversitesinde \u00f6\u011frenciler kamp\u00fcs\u00fcn merkezindeki bir binan\u0131n merdivenlerinde kamp kurdu. Kuzey Kaliforniya\u2019daki Cal Poly Humboldt\u2019taki \u00f6\u011frenciler de Siemens binas\u0131n\u0131 i\u015fgal etti ve polisle kar\u015f\u0131 kar\u015f\u0131ya geldi. New York\u2019taki The New School\u2019daki protestolar da pazartesi g\u00fcn\u00fcne kadar devam etti.<\/p>\n\n\n\n<p>Columbia kamp\u00fcs\u00fcnde pazartesi g\u00fcn\u00fc \u00f6\u011fleden sonra y\u00fczlerce profes\u00f6r, \u00f6\u011frencilere y\u00f6nelik bask\u0131lar\u0131 protesto etmek amac\u0131yla bir y\u00fcr\u00fcy\u00fc\u015f d\u00fczenledi. Akademisyenler, uzakta bulunan \u00f6\u011fretim ofislerinden \u00e7\u0131k\u0131p protesto kamp\u0131n\u0131n \u00f6n\u00fcndeki \u00e7imenlik alanda topland\u0131lar ve ellerinde \u201c\u00d6\u011frencilerimizden elinizi \u00e7ekin\u201d yaz\u0131l\u0131 pankartlar ta\u015f\u0131d\u0131lar. \u00dcniversite y\u00f6netimi ise, 29 Nisan\u2019daki bahar d\u00f6neminin sonuna kadar t\u00fcm dersleri internet \u00fczerinden verece\u011fini a\u00e7\u0131klad\u0131.<\/p>\n\n\n\n<p>BIDEN Y\u00d6NET\u0130M\u0130 DE \u00d6\u011eRENC\u0130LER\u0130 HEDEF ALDI<\/p>\n\n\n\n<p>\u00d6\u011frenciler ABD y\u00f6netiminin hem Demokrat hem de Cumhuriyet\u00e7i merkezi ve yerel yetkilileri taraf\u0131ndan \u201cantisemitist\/Yahudi kar\u015f\u0131t\u0131\u201d olmakla su\u00e7lan\u0131yorlar. Ancak protesto gruplar\u0131n\u0131n \u00f6nemli bir k\u0131sm\u0131 Yahudi \u00f6\u011frencilerden olu\u015fuyor.<\/p>\n\n\n\n<p>ABD Ba\u015fkan\u0131 Joe Biden, pazar g\u00fcn\u00fc Yahudilerin Hamursuz Bayram\u0131 nedeniyle yapt\u0131\u011f\u0131 a\u00e7\u0131klamada Columbia \u00dcniversitesindeki \u201cbariz\u201d antisemitizmi \u201ck\u0131nanmas\u0131 gereken ve tehlikeli\u201d olarak nitelendirdi ve \u201cBunun \u00fcniversite kamp\u00fcslerinde ya da \u00fclkemizin herhangi bir yerinde kesinlikle yeri yoktur\u201d dedi.<\/p>\n\n\n\n<p>Bu a\u00e7\u0131klama, Beyaz Saray\u2019\u0131n \u201cYahudi \u00f6\u011frencileri ve Yahudi toplumunu hedef alan fiziksel y\u0131ld\u0131rma eylemlerini\u201d k\u0131nayan ayr\u0131 bir a\u00e7\u0131klama yay\u0131mlamas\u0131n\u0131n ard\u0131ndan geldi. Ayn\u0131 \u015fekilde New York Belediye Ba\u015fkan\u0131 Eric Adams ve New York Eyalet Valisi Kathy Hochul\u2019dan da protestolara k\u0131nama geldi. Hochul, \u00f6\u011frencileri Yahudi d\u00fc\u015fmanl\u0131\u011f\u0131 ile su\u00e7lad\u0131.<\/p>\n\n\n\n<p>Sa\u011fc\u0131 bir siyonist \u00f6rg\u00fct olan Antidefamation League\/ \u0130ftira ve \u0130nkarla M\u00fccadele Birli\u011finden (ADL) Johnathan Greenblatt Columbia Kamp\u00fcs\u00fcn\u00fc ziyaret ederek polisin kamp\u00fcse yeniden konu\u015fland\u0131r\u0131lmas\u0131 ve kamp\u00fcste ulusal muhaf\u0131zlar\u0131n bulunmas\u0131 \u00e7a\u011fr\u0131s\u0131nda bulundu. Bu \u00e7a\u011fr\u0131lar daha sonra pazartesi g\u00fcn\u00fc Trump destek\u00e7isi Cumhuriyet\u00e7i Kongre \u00dcyeleri Josh Hawley (Missouri) ve Tom Cotton (Arkansas) taraf\u0131ndan da tekrarland\u0131.<\/p>\n\n\n\n<p>G\u00d6ZALTI OPERASYONLARI<\/p>\n\n\n\n<p>Pazartesi sabah\u0131 itibar\u0131yla Yale \u00dcniversitesi polisi 47 \u00f6\u011frenciyi g\u00f6zalt\u0131na ald\u0131 ve \u00f6\u011frencisi olduklar\u0131 \u00fcniversiteye \u201c\u0130zinsiz girdikleri\u201d su\u00e7lamas\u0131yla dava a\u00e7t\u0131. Pazartesi ak\u015fam\u0131 polis, Stern \u0130\u015fletme Okulunun d\u0131\u015f\u0131ndaki Gould Plaza\u2019da bulunan NYU protesto kamp\u0131na bask\u0131n d\u00fczenleyerek onlarca \u00f6\u011frenci ve \u00f6\u011fretim \u00fcyesi protestocuyu g\u00f6zalt\u0131na ald\u0131. G\u00f6zalt\u0131lar\u0131n canl\u0131 yay\u0131mlanan videolar\u0131 sosyal medyada b\u00fcy\u00fck tepki g\u00f6rd\u00fc. Y\u00fczlerce ki\u015fi ise g\u00f6zalt\u0131na al\u0131nan \u00f6\u011frenci ve \u00f6\u011fretim \u00fcyelerinin serbest b\u0131rak\u0131lmas\u0131n\u0131 talep etmek \u00fczere yak\u0131ndaki polis karakoluna y\u00fcr\u00fcd\u00fc.<\/p>\n\n\n\n<p>BM Filistin \u00d6zel Raport\u00f6r\u00fc Francesca Albanese ise pazartesi g\u00fcn\u00fc kaleme ald\u0131\u011f\u0131 bir yaz\u0131da \u00fcniversitede \u00f6\u011frencilere y\u00f6nelik bask\u0131lar i\u00e7in, \u201cBat\u0131 \u00fcniversiteleri ve h\u00fck\u00fcmetleri, Bat\u0131 toplumlar\u0131n\u0131n temelini olu\u015fturdu\u011fu s\u00f6ylenen de\u011ferlere ve haklara sald\u0131r\u0131rken gen\u00e7 vatanda\u015flar\u0131na ve \u00f6\u011frencilerine hangi dersleri veriyor?\u200b\u201d sorusunu sordu.<\/p>\n\n\n\n<p>T\u00fcm bask\u0131lara ra\u011fmen \u00f6\u011frenci eylemleri devam ediyor.<\/p>\n","protected":false},"excerpt":{"rendered":"<p>Aralar\u0131nda Yale, New York (NYU) ve Columbia&#46;&#46;&#46;<\/p>\n","protected":false},"author":3,"featured_media":3096,"comment_status":"open","ping_status":"open","sticky":false,"template":"","format":"standard","meta":{"footnotes":""},"categories":[11],"tags":[],"manset":[],"class_list":["post-3095","post","type-post","status-publish","format-standard","has-post-thumbnail","hentry","category-dunya"],"amp_enabled":true,"_links":{"self":[{"href":"https:\/\/kolektifmucadele1.org\/index.php\/wp-json\/wp\/v2\/posts\/3095","targetHints":{"allow":["GET"]}}],"collection":[{"href":"https:\/\/kolektifmucadele1.org\/index.php\/wp-json\/wp\/v2\/posts"}],"about":[{"href":"https:\/\/kolektifmucadele1.org\/index.php\/wp-json\/wp\/v2\/types\/post"}],"author":[{"embeddable":true,"href":"https:\/\/kolektifmucadele1.org\/index.php\/wp-json\/wp\/v2\/users\/3"}],"replies":[{"embeddable":true,"href":"https:\/\/kolektifmucadele1.org\/index.php\/wp-json\/wp\/v2\/comments?post=3095"}],"version-history":[{"count":1,"href":"https:\/\/kolektifmucadele1.org\/index.php\/wp-json\/wp\/v2\/posts\/3095\/revisions"}],"predecessor-version":[{"id":3097,"href":"https:\/\/kolektifmucadele1.org\/index.php\/wp-json\/wp\/v2\/posts\/3095\/revisions\/3097"}],"wp:featuredmedia":[{"embeddable":true,"href":"https:\/\/kolektifmucadele1.org\/index.php\/wp-json\/wp\/v2\/media\/3096"}],"wp:attachment":[{"href":"https:\/\/kolektifmucadele1.org\/index.php\/wp-json\/wp\/v2\/media?parent=3095"}],"wp:term":[{"taxonomy":"category","embeddable":true,"href":"https:\/\/kolektifmucadele1.org\/index.php\/wp-json\/wp\/v2\/categories?post=3095"},{"taxonomy":"post_tag","embeddable":true,"href":"https:\/\/kolektifmucadele1.org\/index.php\/wp-json\/wp\/v2\/tags?post=3095"},{"taxonomy":"manset","embeddable":true,"href":"https:\/\/kolektifmucadele1.org\/index.php\/wp-json\/wp\/v2\/manset?post=3095"}],"curies":[{"name":"wp","href":"https:\/\/api.w.org\/{rel}","templated":true}]}}